{"id":9986,"date":"2012-06-21T19:00:00","date_gmt":"2012-06-21T17:00:00","guid":{"rendered":"https:\/\/www.ofg.uni-osnabrueck.de\/?p=9986"},"modified":"2024-01-12T10:16:38","modified_gmt":"2024-01-12T09:16:38","slug":"das-recht-auf-religionsfreiheit-und-die-verfolgung-religioeser-minderheiten","status":"publish","type":"post","link":"https:\/\/www.ofg.uni-osnabrueck.de\/en\/das-recht-auf-religionsfreiheit-und-die-verfolgung-religioeser-minderheiten\/","title":{"rendered":"Das Recht auf Religionsfreiheit und die Verfolgung religi\u00f6ser Minderheiten"},"content":{"rendered":"\n<p>Statements und Diskussion mit<\/p>\n\n\n\n<p><strong>Prof. Dr. Heiner Bielefeldt<br><\/strong>Sonderberichterstatter f\u00fcr Religions- und Weltanschauungsfreiheit<br>des UN-Menschenrechtsrats, Universit\u00e4t Erlangen-N\u00fcrnberg<\/p>\n\n\n\n<p><strong>Dr. Maria Flachsbarth<br><\/strong>Beauftragte f\u00fcr Kirchen und Religionsgemeinschaften der CDU\/CSU-Bundestagsfraktion<\/p>\n\n\n\n<p><strong>Holger Nollmann<br><\/strong>ehem. Ev. Pastor in Istanbul, seit 2011 Gemeindepfarrer in Bochum-Stahlhausen<\/p>\n\n\n\n<p><strong>Gespr\u00e4chsleitung<\/strong><br>Prof. Dr. Reinhold Mokorsch, Universit\u00e4t Osnabr\u00fcck<\/p>\n\n\n\n<hr class=\"wp-block-separator\"\/>\n\n\n\n<p>Religionen k\u00f6nnen Reiche st\u00fcrzen! \u2013 Davor haben die Machthaber in vielen L\u00e4ndern der Erde Angst. Deshalb werden missliebige religi\u00f6se Bekenner  und ganze Religionsgemeinschaften vielerorts Ziel von rechtlicher und politischer Benachteiligung, von Verfolgung und direkten Gewaltaktionen. Brand- und Bombenanschl\u00e4ge auf Gl\u00e4ubige und ihre Kirchen, Tempel, Moscheen und andere heilige St\u00e4tten bezeugen eine wachsende religi\u00f6se Intoleranz. Im grellen Kontrast dazu steht die in internationalen  Konventionen garantierte Glaubensfreiheit jedes Individuums. So hei\u00dft es in der Allgemeinen Erkl\u00e4rung der Menschenrechte, die 1948 in der UNO<br>verabschiedet wurde: \u00bbJeder Mensch hat Anspruch auf Gedanken-, Gewissens- und Religionsfreiheit; dieses Recht umfasst die Freiheit, seine  Religion oder seine \u00dcberzeugung zu wechseln, sowie die Freiheit, seine Religion oder seine \u00dcberzeugung allein oder in Gemeinschaft mit anderen in der \u00d6ffentlichkeit oder privat durch Lehre, Aus\u00fcbung, Gottesdienst und Vollziehung eines Ritus zu bekunden\u00ab. Heute erscheint die ungehinderte, freie Religionsaus\u00fcbung gef\u00e4hrdeter denn je. Religi\u00f6se Gegens\u00e4tze werden dort besonders problematisch, wo sie f\u00fcr soziale, ethnische, parteipolitische oder nationale Ordnungsprogramme instrumentalisiert werden. Bedeuten Spannungen und Konflikte zwischen Religionen und ihren Anh\u00e4ngern einen R\u00fcckfall in vorpolitische Zeiten?<\/p>\n\n\n\n<p><strong>Prof. Dr. Heiner Bielefeldt<\/strong><br>Lehrstuhl f\u00fcr Menschenrechte und Menschenrechtspolitik an der Universit\u00e4t Erlangen-N\u00fcrnberg; seit 2010 UN-Sonderberichterstatter \u00fcber Religions- und Weltanschauungsfreiheit \u2013 Geb. 1958, Studium der Philosophie, Theologie und Geschichtswissenschaften in Bonn und T\u00fcbingen, Promotion 1989, Lehrt\u00e4tigkeit an verschiedenen Universit\u00e4ten, Habilitation 2000. Von 2003 bis 2009 Direktor des Deutschen Instituts f\u00fcr Menschenrechte in Berlin.<\/p>\n\n\n\n<p><strong>Dr. Maria Flachsbarth<\/strong><br>Mitglied des Bundestages seit 2002, Beauftragte f\u00fcr Kirchen und Religionsgemeinschaften der CDU\/CSU-Bundestagsfraktion seit 2009 \u2013 Geb. 1963, Studium der Tiermedizin in Hannover, 1990 Promotion. Von 1989 bis 1997 Wiss. Mitarbeiterin an der Tier\u00e4rztlichen Hochschule Hannover (TiHo), anschlie\u00dfend Assistentin des Rektors und Leiterin der Pressestelle der TiHo. Seit 2011 Pr\u00e4sidentin des Katholischen Deutschen Frauenbundes.<\/p>\n\n\n\n<p><strong>Holger Nollmann<\/strong><br>Pfarrer der Ev. Kirchengemeinde Bochum und Projektbeauftragter f\u00fcr das interkulturelle und interreligi\u00f6se Stadtteilbegegnungszentrum  Friedenskirche Bochum-Stahlhausen seit 2011 \u2013 Geb. 1964, Studium der Theologie und Religionswissenschaften in Heidelberg, M\u00fcnster und  Wuppertal. Von 1993 bis 1998 Vikar und Pfarrer in Witten, von 1998 bis 2002 Leiter der Beratungsstelle f\u00fcr christlich-islamische Begegnung der Ev. Kirchen im Rheinland und in Westfalen. Von 2002 bis 2011 Pfarrer der Ev. Gemeinde deutscher Sprache in der T\u00fcrkei und Lehrer am Deutschen  Gymnasium in Istanbul f\u00fcr Religion und Ethik.<\/p>\n\n\n\n<hr class=\"wp-block-separator\"\/>\n\n\n\n<p><strong>21. Juni 2012, 19:00 Uhr, Ratssitzungssaal des Rathauses<\/strong><\/p>\n\n\n\n<hr class=\"wp-block-separator\"\/>\n\n\n\n<div class=\"wp-block-columns is-layout-flex wp-container-core-columns-is-layout-9d6595d7 wp-block-columns-is-layout-flex\">\n<div class=\"wp-block-column is-layout-flow wp-block-column-is-layout-flow\">\n<h4 class=\"wp-block-heading\"><strong>Bildergalerie<\/strong><\/h4>\n\n\n\n<figure class=\"wp-block-gallery columns-0 is-cropped wp-block-gallery-1 is-layout-flex wp-block-gallery-is-layout-flex\"><ul class=\"blocks-gallery-grid\"><li class=\"blocks-gallery-item\"><figure><a href=\"https:\/\/www.ofg.uni-osnabrueck.de\/wp-content\/uploads\/2023\/05\/3-podium_gr-scaled.jpg\"><img loading=\"lazy\" decoding=\"async\" width=\"1024\" height=\"319\" src=\"https:\/\/www.ofg.uni-osnabrueck.de\/wp-content\/uploads\/2023\/05\/3-podium_gr-1024x319.jpg\" alt=\"\" data-id=\"10015\" data-full-url=\"https:\/\/www.ofg.uni-osnabrueck.de\/wp-content\/uploads\/2023\/05\/3-podium_gr-scaled.jpg\" data-link=\"https:\/\/www.ofg.uni-osnabrueck.de\/3-podium_gr\/\" class=\"wp-image-10015\" srcset=\"https:\/\/www.ofg.uni-osnabrueck.de\/wp-content\/uploads\/2023\/05\/3-podium_gr-1024x319.jpg 1024w, https:\/\/www.ofg.uni-osnabrueck.de\/wp-content\/uploads\/2023\/05\/3-podium_gr-300x93.jpg 300w, https:\/\/www.ofg.uni-osnabrueck.de\/wp-content\/uploads\/2023\/05\/3-podium_gr-768x239.jpg 768w, https:\/\/www.ofg.uni-osnabrueck.de\/wp-content\/uploads\/2023\/05\/3-podium_gr-1536x479.jpg 1536w, https:\/\/www.ofg.uni-osnabrueck.de\/wp-content\/uploads\/2023\/05\/3-podium_gr-2048x638.jpg 2048w\" sizes=\"auto, (max-width: 1024px) 100vw, 1024px\" \/><\/a><figcaption class=\"blocks-gallery-item__caption\">Podium mit Heiner Bielefeldt, Maria Flachsbarth, Moderator\nReinhold Mokrosch und Holger Nollmann\n\u00a9 Osnabr\u00fccker Friedensgespr\u00e4che | Uwe Lewandowski\n<\/figcaption><\/figure><\/li><li class=\"blocks-gallery-item\"><figure><a href=\"https:\/\/www.ofg.uni-osnabrueck.de\/wp-content\/uploads\/2023\/05\/3-nollmann.jpg\"><img loading=\"lazy\" decoding=\"async\" width=\"340\" height=\"512\" src=\"https:\/\/www.ofg.uni-osnabrueck.de\/wp-content\/uploads\/2023\/05\/3-nollmann.jpg\" alt=\"\" data-id=\"10011\" data-full-url=\"https:\/\/www.ofg.uni-osnabrueck.de\/wp-content\/uploads\/2023\/05\/3-nollmann.jpg\" data-link=\"https:\/\/www.ofg.uni-osnabrueck.de\/3-nollmann\/\" class=\"wp-image-10011\" srcset=\"https:\/\/www.ofg.uni-osnabrueck.de\/wp-content\/uploads\/2023\/05\/3-nollmann.jpg 340w, https:\/\/www.ofg.uni-osnabrueck.de\/wp-content\/uploads\/2023\/05\/3-nollmann-199x300.jpg 199w\" sizes=\"auto, (max-width: 340px) 100vw, 340px\" \/><\/a><figcaption class=\"blocks-gallery-item__caption\">Holger Nollmann\n\u00a9 Osnabr\u00fccker Friedensgespr\u00e4che | Uwe Lewandowski<\/figcaption><\/figure><\/li><li class=\"blocks-gallery-item\"><figure><a href=\"https:\/\/www.ofg.uni-osnabrueck.de\/wp-content\/uploads\/2023\/05\/3-flachsbarth.jpg\"><img loading=\"lazy\" decoding=\"async\" width=\"340\" height=\"448\" src=\"https:\/\/www.ofg.uni-osnabrueck.de\/wp-content\/uploads\/2023\/05\/3-flachsbarth.jpg\" alt=\"\" data-id=\"10007\" data-full-url=\"https:\/\/www.ofg.uni-osnabrueck.de\/wp-content\/uploads\/2023\/05\/3-flachsbarth.jpg\" data-link=\"https:\/\/www.ofg.uni-osnabrueck.de\/3-flachsbarth\/\" class=\"wp-image-10007\" srcset=\"https:\/\/www.ofg.uni-osnabrueck.de\/wp-content\/uploads\/2023\/05\/3-flachsbarth.jpg 340w, https:\/\/www.ofg.uni-osnabrueck.de\/wp-content\/uploads\/2023\/05\/3-flachsbarth-228x300.jpg 228w\" sizes=\"auto, (max-width: 340px) 100vw, 340px\" \/><\/a><figcaption class=\"blocks-gallery-item__caption\">Maria Flachsbarth\n\u00a9 Osnabr\u00fccker Friedensgespr\u00e4che | Uwe Lewandowski<\/figcaption><\/figure><\/li><li class=\"blocks-gallery-item\"><figure><a href=\"https:\/\/www.ofg.uni-osnabrueck.de\/wp-content\/uploads\/2023\/05\/3-bielefeldt_flachsbarth_nollmann_jasper_gr.jpg\"><img loading=\"lazy\" decoding=\"async\" width=\"1024\" height=\"768\" src=\"https:\/\/www.ofg.uni-osnabrueck.de\/wp-content\/uploads\/2023\/05\/3-bielefeldt_flachsbarth_nollmann_jasper_gr-1024x768.jpg\" alt=\"\" data-id=\"10003\" data-full-url=\"https:\/\/www.ofg.uni-osnabrueck.de\/wp-content\/uploads\/2023\/05\/3-bielefeldt_flachsbarth_nollmann_jasper_gr.jpg\" data-link=\"https:\/\/www.ofg.uni-osnabrueck.de\/3-bielefeldt_flachsbarth_nollmann_jasper_gr\/\" class=\"wp-image-10003\" srcset=\"https:\/\/www.ofg.uni-osnabrueck.de\/wp-content\/uploads\/2023\/05\/3-bielefeldt_flachsbarth_nollmann_jasper_gr-1024x768.jpg 1024w, https:\/\/www.ofg.uni-osnabrueck.de\/wp-content\/uploads\/2023\/05\/3-bielefeldt_flachsbarth_nollmann_jasper_gr-300x225.jpg 300w, https:\/\/www.ofg.uni-osnabrueck.de\/wp-content\/uploads\/2023\/05\/3-bielefeldt_flachsbarth_nollmann_jasper_gr-768x576.jpg 768w, https:\/\/www.ofg.uni-osnabrueck.de\/wp-content\/uploads\/2023\/05\/3-bielefeldt_flachsbarth_nollmann_jasper_gr.jpg 1500w\" sizes=\"auto, (max-width: 1024px) 100vw, 1024px\" \/><\/a><figcaption class=\"blocks-gallery-item__caption\">B\u00fcrgermeister Burkhard Jasper begr\u00fc\u00dft Podiumsg\u00e4ste und Publikum\n\u00a9 Osnabr\u00fccker Friedensgespr\u00e4che | Uwe Lewandowski<\/figcaption><\/figure><\/li><li class=\"blocks-gallery-item\"><figure><a href=\"https:\/\/www.ofg.uni-osnabrueck.de\/wp-content\/uploads\/2023\/05\/3-bielefeldt_flachsbarth_nollmann_jasper.jpg\"><img loading=\"lazy\" decoding=\"async\" width=\"340\" height=\"240\" src=\"https:\/\/www.ofg.uni-osnabrueck.de\/wp-content\/uploads\/2023\/05\/3-bielefeldt_flachsbarth_nollmann_jasper.jpg\" alt=\"\" data-id=\"9998\" data-full-url=\"https:\/\/www.ofg.uni-osnabrueck.de\/wp-content\/uploads\/2023\/05\/3-bielefeldt_flachsbarth_nollmann_jasper.jpg\" data-link=\"https:\/\/www.ofg.uni-osnabrueck.de\/3-bielefeldt_flachsbarth_nollmann_jasper\/\" class=\"wp-image-9998\" srcset=\"https:\/\/www.ofg.uni-osnabrueck.de\/wp-content\/uploads\/2023\/05\/3-bielefeldt_flachsbarth_nollmann_jasper.jpg 340w, https:\/\/www.ofg.uni-osnabrueck.de\/wp-content\/uploads\/2023\/05\/3-bielefeldt_flachsbarth_nollmann_jasper-300x212.jpg 300w\" sizes=\"auto, (max-width: 340px) 100vw, 340px\" \/><\/a><figcaption class=\"blocks-gallery-item__caption\">Heiner Bielefeldt, Maria Flachsbarth\n\u00a9 Osnabr\u00fccker Friedensgespr\u00e4che | Uwe Lewandowski<\/figcaption><\/figure><\/li><\/ul><\/figure>\n\n\n\n<p class=\"has-small-font-size\">\u00a9 Osnabr\u00fccker Friedensgespr\u00e4che | Uwe Lewandowski<\/p>\n<\/div>\n\n\n\n<div class=\"wp-block-column is-layout-flow wp-block-column-is-layout-flow\">\n<h4 class=\"wp-block-heading\"><\/h4>\n\n\n<\/div>\n<\/div>\n","protected":false},"excerpt":{"rendered":"<p>Podiumsdiskussion mit Prof. Dr. Heiner Bielefeldt, Dr. Maria Flachsbarth und Holger Nollmann<\/p>\n","protected":false},"author":6,"featured_media":10015,"comment_status":"closed","ping_status":"closed","sticky":false,"template":"","format":"standard","meta":{"footnotes":""},"categories":[18,8],"tags":[],"class_list":["post-9986","post","type-post","status-publish","format-standard","has-post-thumbnail","hentry","category-podiumsdiskussion","category-unkategorisiert","generate-columns","tablet-grid-50","mobile-grid-100","grid-parent","grid-50"],"wps_subtitle":"","_links":{"self":[{"href":"https:\/\/www.ofg.uni-osnabrueck.de\/en\/wp-json\/wp\/v2\/posts\/9986","targetHints":{"allow":["GET"]}}],"collection":[{"href":"https:\/\/www.ofg.uni-osnabrueck.de\/en\/wp-json\/wp\/v2\/posts"}],"about":[{"href":"https:\/\/www.ofg.uni-osnabrueck.de\/en\/wp-json\/wp\/v2\/types\/post"}],"author":[{"embeddable":true,"href":"https:\/\/www.ofg.uni-osnabrueck.de\/en\/wp-json\/wp\/v2\/users\/6"}],"replies":[{"embeddable":true,"href":"https:\/\/www.ofg.uni-osnabrueck.de\/en\/wp-json\/wp\/v2\/comments?post=9986"}],"version-history":[{"count":5,"href":"https:\/\/www.ofg.uni-osnabrueck.de\/en\/wp-json\/wp\/v2\/posts\/9986\/revisions"}],"predecessor-version":[{"id":12845,"href":"https:\/\/www.ofg.uni-osnabrueck.de\/en\/wp-json\/wp\/v2\/posts\/9986\/revisions\/12845"}],"wp:featuredmedia":[{"embeddable":true,"href":"https:\/\/www.ofg.uni-osnabrueck.de\/en\/wp-json\/wp\/v2\/media\/10015"}],"wp:attachment":[{"href":"https:\/\/www.ofg.uni-osnabrueck.de\/en\/wp-json\/wp\/v2\/media?parent=9986"}],"wp:term":[{"taxonomy":"category","embeddable":true,"href":"https:\/\/www.ofg.uni-osnabrueck.de\/en\/wp-json\/wp\/v2\/categories?post=9986"},{"taxonomy":"post_tag","embeddable":true,"href":"https:\/\/www.ofg.uni-osnabrueck.de\/en\/wp-json\/wp\/v2\/tags?post=9986"}],"curies":[{"name":"wp","href":"https:\/\/api.w.org\/{rel}","templated":true}]}}