{"id":9946,"date":"2012-04-15T15:00:00","date_gmt":"2012-04-15T13:00:00","guid":{"rendered":"https:\/\/www.ofg.uni-osnabrueck.de\/?p=9946"},"modified":"2024-05-21T10:04:54","modified_gmt":"2024-05-21T08:04:54","slug":"krieg-und-frieden-auf-der-welt-buehne","status":"publish","type":"post","link":"https:\/\/www.ofg.uni-osnabrueck.de\/en\/krieg-und-frieden-auf-der-welt-buehne\/","title":{"rendered":"Krieg und Frieden auf der (Welt-)b\u00fchne"},"content":{"rendered":"\n<p>Statements und Diskussion in Kooperation mit dem Theater Osnabr\u00fcck mit<\/p>\n\n\n\n<p><strong>Dr. Carolin Emcke<br><\/strong>Publizistin und Reporterin, Berlin<\/p>\n\n\n\n<p><strong>Reinhold Robbe<br><\/strong>Wehrbeauftragter des Deutschen Bundestages a. D.<\/p>\n\n\n\n<p><strong>Prof. Ulrich Khuon<\/strong><br>Intendant des Deutschen Theaters Berlin,<br>Vorsitzender der Intendantengruppe im Deutschen B\u00fchnenverein<\/p>\n\n\n\n<p><strong>Gespr\u00e4chsleitung<\/strong><br>Dr. Hans Dieter Heimendahl, Radio Bremen\/Nordwestradio<\/p>\n\n\n\n<hr class=\"wp-block-separator has-css-opacity\"\/>\n\n\n\n<p>Am Anfang des abendl\u00e4ndischen Theaters stand der Krieg: \u00bbDie Perser\u00ab von Aischylos hatten bei ihrer Urauff\u00fchrung vor 2.484 Jahren ein  brandaktuelles Thema, die Schlacht von Salamis, die gerade acht Jahre  zuvor stattgefunden hatte. Seitdem haben unz\u00e4hlige Autoren versucht, Krieg und Gewalt auf die B\u00fchne zu bringen, sei es als Verherrlichung, sei es als moralische Mahnung. Doch l\u00e4sst sich mit Mitteln der Kunst,  insbesondere des Theaters, den Realit\u00e4ten von Gewalt und Krieg noch nahekommen? Macht die Trennung von Theater auf der einen und  vermeintlicher Realit\u00e4t auf der anderen Seite in Zeiten der allgegenw\u00e4rtigen (virtuellen) Inszenierungen \u00fcberhaupt noch Sinn? Und welche M\u00f6glichkeiten hat die \u00d6ffentlichkeit heute f\u00fcr eine kritische Auseinandersetzung etwa mit den Funktionen des Milit\u00e4rs und der Realit\u00e4t seiner Akteure \u2013 konkret auch der Bundeswehr?<\/p>\n\n\n\n<p><strong>Dr. Carolin Emcke<\/strong><br>Publizistin und internationale Reporterin \u2013 Geb. 1967, Studium der Philosophie, Politik und Geschichte in London, Frankfurt am Main und Harvard, Promotion. Von 1998 bis 2006 als \u00bbSpiegel\u00ab-Redakteurin u. a. in Krisengebieten in Afghanistan, Pakistan, Kosovo, Irak, Kolumbien, Libanon. 2003\/2004 Gastdozentin f\u00fcr Politische Theorie an der Yale University, 2006-2007 Beraterin des Studiengangs \u00bbJournalismus\u00ab der Hamburg Media School. Seit 2007 weitere internationale Reisen als Reporterin sowie  Vortr\u00e4ge, Seminare und Ver\u00f6ffentlichungen \u00fcber Globalisierung, Theorien der Gewalt, Zeugenschaft, Photographie, kulturelle Identit\u00e4ten.<\/p>\n\n\n\n<p><strong>Reinhold Robbe<\/strong><br>Wehrbeauftragter des Deutschen Bundestages von 2005 bis 2010 \u2013 Geb. 1954, kaufm\u00e4nnische Berufsausbildung, Zivildienst. T\u00e4tigkeit bei der Lebenshilfe Leer, kommunalpolitisches Engagement, u. a. von 1986 bis 1994 Pressesprecher und Gesch\u00e4ftsf\u00fchrer beim SPD-Bezirk Weser\/Ems. Mitglied des Bundestages von 1994 bis 2005, dort ab November 2002 Vorsitzender des Verteidigungsausschusses. Seit 2010 Pr\u00e4sident der Deutsch-Israelischen Gesellschaft. <\/p>\n\n\n\n<p><strong>Ulrich Khuon<\/strong><br>Intendant des Deutschen Theaters Berlin seit 2009 \u2013 Geb. 1951, Studium in Freiburg, Staatsexamen in Jura, Germanistik und Theologie. Ab 1977 als Theater- und Literaturkritiker bei der Badischen Zeitung t\u00e4tig; 1980 Chefdramaturg und ab 1988 Intendant am Stadttheater Konstanz. 1993 Wechsel an das Nieders\u00e4chsische Staatsschauspiel Hannover. 1997 Professor an der Hochschule f\u00fcr Musik und Theater Hannover. Ab 2000 Intendant des Hamburger Thalia Theaters. 2008 Berufung in den Stiftungsrat des Friedenspreises des Deutschen Buchhandels, 2011 Wahl zum Vorsitzenden der Intendantengruppe im Deutschen B\u00fchnenverein.<\/p>\n\n\n\n<hr class=\"wp-block-separator has-css-opacity\"\/>\n\n\n\n<p><strong>15. April 2012, 15:00 Uhr, Theater Osnabr\u00fcck, Am Domhof<\/strong><\/p>\n\n\n\n<hr class=\"wp-block-separator has-css-opacity\"\/>\n\n\n\n<div class=\"wp-block-columns is-layout-flex wp-container-core-columns-is-layout-9d6595d7 wp-block-columns-is-layout-flex\">\n<div class=\"wp-block-column is-layout-flow wp-block-column-is-layout-flow\">\n<h4 class=\"wp-block-heading\"><strong>Bildergalerie<\/strong><\/h4>\n\n\n\n<figure class=\"wp-block-gallery has-nested-images columns-0 is-cropped wp-block-gallery-1 is-layout-flex wp-block-gallery-is-layout-flex\">\n<figure class=\"wp-block-image size-large\"><a href=\"https:\/\/www.ofg.uni-osnabrueck.de\/wp-content\/uploads\/2023\/05\/2-Waldschmidt_Gaeste_1200px.jpg\"><img loading=\"lazy\" decoding=\"async\" width=\"1024\" height=\"498\" data-id=\"9981\" src=\"https:\/\/www.ofg.uni-osnabrueck.de\/wp-content\/uploads\/2023\/05\/2-Waldschmidt_Gaeste_1200px-1024x498.jpg\" alt=\"\" class=\"wp-image-9981\" srcset=\"https:\/\/www.ofg.uni-osnabrueck.de\/wp-content\/uploads\/2023\/05\/2-Waldschmidt_Gaeste_1200px-1024x498.jpg 1024w, https:\/\/www.ofg.uni-osnabrueck.de\/wp-content\/uploads\/2023\/05\/2-Waldschmidt_Gaeste_1200px-300x146.jpg 300w, https:\/\/www.ofg.uni-osnabrueck.de\/wp-content\/uploads\/2023\/05\/2-Waldschmidt_Gaeste_1200px-768x374.jpg 768w, https:\/\/www.ofg.uni-osnabrueck.de\/wp-content\/uploads\/2023\/05\/2-Waldschmidt_Gaeste_1200px.jpg 1200w\" sizes=\"auto, (max-width: 1024px) 100vw, 1024px\" \/><\/a><figcaption class=\"wp-element-caption\">Theateintendant Ralf Waldschmidt, B\u00fcrgermeister Burkhard Jasper, Uni-Vizepr\u00e4sidentin May-Britt Kallenrode und die Podiumsg\u00e4ste Reinhold Robbe, Carolin Emcke, Ulrich Khuon mit Moderator Hans Dieter Heimendahl\n\u00a9 Osnabr\u00fccker Friedensgespr\u00e4che | Uwe Lewandowski<\/figcaption><\/figure>\n\n\n\n<figure class=\"wp-block-image size-large\"><a href=\"https:\/\/www.ofg.uni-osnabrueck.de\/wp-content\/uploads\/2023\/05\/2-Waldschmidt.jpg\"><img loading=\"lazy\" decoding=\"async\" width=\"340\" height=\"226\" data-id=\"9975\" src=\"https:\/\/www.ofg.uni-osnabrueck.de\/wp-content\/uploads\/2023\/05\/2-Waldschmidt.jpg\" alt=\"\" class=\"wp-image-9975\" srcset=\"https:\/\/www.ofg.uni-osnabrueck.de\/wp-content\/uploads\/2023\/05\/2-Waldschmidt.jpg 340w, https:\/\/www.ofg.uni-osnabrueck.de\/wp-content\/uploads\/2023\/05\/2-Waldschmidt-300x199.jpg 300w\" sizes=\"auto, (max-width: 340px) 100vw, 340px\" \/><\/a><figcaption class=\"wp-element-caption\">Dr. Ralf Waldschmid begr\u00fc\u00dft als Hausherr\n\u00a9 Osnabr\u00fccker Friedensgespr\u00e4che | Uwe Lewandowski<\/figcaption><\/figure>\n\n\n\n<figure class=\"wp-block-image size-large\"><a href=\"https:\/\/www.ofg.uni-osnabrueck.de\/wp-content\/uploads\/2023\/05\/2-Khuon.jpg\"><img loading=\"lazy\" decoding=\"async\" width=\"340\" height=\"240\" data-id=\"9969\" src=\"https:\/\/www.ofg.uni-osnabrueck.de\/wp-content\/uploads\/2023\/05\/2-Khuon.jpg\" alt=\"\" class=\"wp-image-9969\" srcset=\"https:\/\/www.ofg.uni-osnabrueck.de\/wp-content\/uploads\/2023\/05\/2-Khuon.jpg 340w, https:\/\/www.ofg.uni-osnabrueck.de\/wp-content\/uploads\/2023\/05\/2-Khuon-300x212.jpg 300w\" sizes=\"auto, (max-width: 340px) 100vw, 340px\" \/><\/a><figcaption class=\"wp-element-caption\">Prof. Ulrich Khuon\n\u00a9 Osnabr\u00fccker Friedensgespr\u00e4che | Uwe Lewandowski<\/figcaption><\/figure>\n\n\n\n<figure class=\"wp-block-image size-large\"><a href=\"https:\/\/www.ofg.uni-osnabrueck.de\/wp-content\/uploads\/2023\/05\/2-Emcke.jpg\"><img loading=\"lazy\" decoding=\"async\" width=\"340\" height=\"240\" data-id=\"9965\" src=\"https:\/\/www.ofg.uni-osnabrueck.de\/wp-content\/uploads\/2023\/05\/2-Emcke.jpg\" alt=\"\" class=\"wp-image-9965\" srcset=\"https:\/\/www.ofg.uni-osnabrueck.de\/wp-content\/uploads\/2023\/05\/2-Emcke.jpg 340w, https:\/\/www.ofg.uni-osnabrueck.de\/wp-content\/uploads\/2023\/05\/2-Emcke-300x212.jpg 300w\" sizes=\"auto, (max-width: 340px) 100vw, 340px\" \/><\/a><figcaption class=\"wp-element-caption\">Dr. Carolin Emcke\n\u00a9 Osnabr\u00fccker Friedensgespr\u00e4che | Uwe Lewandowski<\/figcaption><\/figure>\n\n\n\n<figure class=\"wp-block-image size-large\"><a href=\"https:\/\/www.ofg.uni-osnabrueck.de\/wp-content\/uploads\/2023\/05\/2-Heimendahl_Robbe.jpg\"><img loading=\"lazy\" decoding=\"async\" width=\"340\" height=\"240\" data-id=\"9959\" src=\"https:\/\/www.ofg.uni-osnabrueck.de\/wp-content\/uploads\/2023\/05\/2-Heimendahl_Robbe.jpg\" alt=\"\" class=\"wp-image-9959\" srcset=\"https:\/\/www.ofg.uni-osnabrueck.de\/wp-content\/uploads\/2023\/05\/2-Heimendahl_Robbe.jpg 340w, https:\/\/www.ofg.uni-osnabrueck.de\/wp-content\/uploads\/2023\/05\/2-Heimendahl_Robbe-300x212.jpg 300w\" sizes=\"auto, (max-width: 340px) 100vw, 340px\" \/><\/a><figcaption class=\"wp-element-caption\">Hans Dieter Heimendahl und Reinhold Robbe\n\u00a9 Osnabr\u00fccker Friedensgespr\u00e4che | Uwe Lewandowski<\/figcaption><\/figure>\n\n\n\n<figure class=\"wp-block-image size-large\"><a href=\"https:\/\/www.ofg.uni-osnabrueck.de\/wp-content\/uploads\/2023\/05\/2-Robbe.jpg\"><img loading=\"lazy\" decoding=\"async\" width=\"340\" height=\"240\" data-id=\"9954\" src=\"https:\/\/www.ofg.uni-osnabrueck.de\/wp-content\/uploads\/2023\/05\/2-Robbe.jpg\" alt=\"\" class=\"wp-image-9954\" srcset=\"https:\/\/www.ofg.uni-osnabrueck.de\/wp-content\/uploads\/2023\/05\/2-Robbe.jpg 340w, https:\/\/www.ofg.uni-osnabrueck.de\/wp-content\/uploads\/2023\/05\/2-Robbe-300x212.jpg 300w\" sizes=\"auto, (max-width: 340px) 100vw, 340px\" \/><\/a><figcaption class=\"wp-element-caption\">Reinhold Robbe\n\u00a9 Osnabr\u00fccker Friedensgespr\u00e4che | Uwe Lewandowski<\/figcaption><\/figure>\n\n\n\n<figure class=\"wp-block-image size-large\"><a href=\"https:\/\/www.ofg.uni-osnabrueck.de\/wp-content\/uploads\/2023\/05\/2-Totale_1200px.jpg\"><img loading=\"lazy\" decoding=\"async\" width=\"1024\" height=\"681\" data-id=\"9949\" src=\"https:\/\/www.ofg.uni-osnabrueck.de\/wp-content\/uploads\/2023\/05\/2-Totale_1200px-1024x681.jpg\" alt=\"\" class=\"wp-image-9949\" srcset=\"https:\/\/www.ofg.uni-osnabrueck.de\/wp-content\/uploads\/2023\/05\/2-Totale_1200px-1024x681.jpg 1024w, https:\/\/www.ofg.uni-osnabrueck.de\/wp-content\/uploads\/2023\/05\/2-Totale_1200px-300x200.jpg 300w, https:\/\/www.ofg.uni-osnabrueck.de\/wp-content\/uploads\/2023\/05\/2-Totale_1200px-768x511.jpg 768w, https:\/\/www.ofg.uni-osnabrueck.de\/wp-content\/uploads\/2023\/05\/2-Totale_1200px.jpg 1200w\" sizes=\"auto, (max-width: 1024px) 100vw, 1024px\" \/><\/a><figcaption class=\"wp-element-caption\">Premiere: Erstes Friedensgespr\u00e4ch im Theater Osnabr\u00fcck\n\u00a9 Osnabr\u00fccker Friedensgespr\u00e4che | Uwe Lewandowski<\/figcaption><\/figure>\n<\/figure>\n\n\n\n<p class=\"has-small-font-size\">\u00a9 Osnabr\u00fccker Friedensgespr\u00e4che | Uwe Lewandowski<\/p>\n<\/div>\n\n\n\n<div class=\"wp-block-column is-layout-flow wp-block-column-is-layout-flow\">\n<h4 class=\"wp-block-heading\"><\/h4>\n\n\n<\/div>\n<\/div>\n","protected":false},"excerpt":{"rendered":"<p>Podiumsdiskussion in Kooperation mit dem Theater Osnabr\u00fcck mit Dr. Carolin Emcke, Reinhold Robbe und Prof. Ulrich Khuon<\/p>\n","protected":false},"author":6,"featured_media":9975,"comment_status":"closed","ping_status":"closed","sticky":false,"template":"","format":"standard","meta":{"footnotes":""},"categories":[18,8],"tags":[],"class_list":["post-9946","post","type-post","status-publish","format-standard","has-post-thumbnail","hentry","category-podiumsdiskussion","category-unkategorisiert","generate-columns","tablet-grid-50","mobile-grid-100","grid-parent","grid-50"],"wps_subtitle":"","_links":{"self":[{"href":"https:\/\/www.ofg.uni-osnabrueck.de\/en\/wp-json\/wp\/v2\/posts\/9946","targetHints":{"allow":["GET"]}}],"collection":[{"href":"https:\/\/www.ofg.uni-osnabrueck.de\/en\/wp-json\/wp\/v2\/posts"}],"about":[{"href":"https:\/\/www.ofg.uni-osnabrueck.de\/en\/wp-json\/wp\/v2\/types\/post"}],"author":[{"embeddable":true,"href":"https:\/\/www.ofg.uni-osnabrueck.de\/en\/wp-json\/wp\/v2\/users\/6"}],"replies":[{"embeddable":true,"href":"https:\/\/www.ofg.uni-osnabrueck.de\/en\/wp-json\/wp\/v2\/comments?post=9946"}],"version-history":[{"count":5,"href":"https:\/\/www.ofg.uni-osnabrueck.de\/en\/wp-json\/wp\/v2\/posts\/9946\/revisions"}],"predecessor-version":[{"id":13914,"href":"https:\/\/www.ofg.uni-osnabrueck.de\/en\/wp-json\/wp\/v2\/posts\/9946\/revisions\/13914"}],"wp:featuredmedia":[{"embeddable":true,"href":"https:\/\/www.ofg.uni-osnabrueck.de\/en\/wp-json\/wp\/v2\/media\/9975"}],"wp:attachment":[{"href":"https:\/\/www.ofg.uni-osnabrueck.de\/en\/wp-json\/wp\/v2\/media?parent=9946"}],"wp:term":[{"taxonomy":"category","embeddable":true,"href":"https:\/\/www.ofg.uni-osnabrueck.de\/en\/wp-json\/wp\/v2\/categories?post=9946"},{"taxonomy":"post_tag","embeddable":true,"href":"https:\/\/www.ofg.uni-osnabrueck.de\/en\/wp-json\/wp\/v2\/tags?post=9946"}],"curies":[{"name":"wp","href":"https:\/\/api.w.org\/{rel}","templated":true}]}}