{"id":9842,"date":"2013-07-04T19:00:00","date_gmt":"2013-07-04T17:00:00","guid":{"rendered":"https:\/\/www.ofg.uni-osnabrueck.de\/?p=9842"},"modified":"2024-01-12T10:15:09","modified_gmt":"2024-01-12T09:15:09","slug":"verstaendigung-mit-iran-aber-wie","status":"publish","type":"post","link":"https:\/\/www.ofg.uni-osnabrueck.de\/en\/verstaendigung-mit-iran-aber-wie\/","title":{"rendered":"Verst\u00e4ndigung mit Iran \u2013 aber wie?"},"content":{"rendered":"\n<p>Statements und Diskussion mit<\/p>\n\n\n\n<p><strong>Dr. Navid Kermani<br><\/strong>Schriftsteller und Orientalist, K\u00f6ln<\/p>\n\n\n\n<p><strong>Ulrich Tilgner<\/strong><br>Journalist und Publizist, Hamburg<\/p>\n\n\n\n<p><strong>Gespr\u00e4chsleitung<\/strong><br>Prof. Dr. Reinhold Mokrosch<\/p>\n\n\n\n<hr class=\"wp-block-separator\"\/>\n\n\n\n<p>Im Jahr 1979 beendete eine soziale Revolution die Regentschaft des autokratischen, westlich orientierten Schahs von Persien. Unter F\u00fchrung von Ajatollah Khomeini entstand die Islamische Republik Iran, die die Beseitigung sozialer Ungleichheit und den Armen die \u00dcberwindung ihrer Not versprach. An der Spitze des Staates steht heute der oberste schiitische Rechtsgelehrte Ajatollah Chamenei. Regierungschef ist Pr\u00e4sident  Ahmadinedschad, dessen Amtszeit in K\u00fcrze endet. Er steht am 14. Juni 2013 nicht zur Wiederwahl. Die Menschenrechtslage im Iran wird weltweit kritisiert. Die freie Meinungs\u00e4u\u00dferung, die Versammlungs- und die Vereinigungsfreiheit sind stark eingeschr\u00e4nkt, die Justiz beruft sich auf Grunds\u00e4tze der Scharia. Oppositionelle und B\u00fcrgerrechtlerInnen werden willk\u00fcrlich festgenommen, d\u00fcrfen nicht ins Ausland reisen. Bei Inhaftierten sind Folter und Misshandlungen an der Tagesordnung. Amnesty International berichtete \u00fcber die Vollstreckung der Todesstrafe an mehreren Hundert Menschen im Jahr 2012. Au\u00dfenpolitisch ist Iran isoliert. Seit 2006 fordert der UN-Sicherheitsrat von Iran die Beendigung seines  Atomprogramms, das als Vorbereitung zur Beschaffung von Atomwaffen gewertet wird. Sanktionen der USA und der EU verbieten den Export  technologischer G\u00fcter und Software nach Iran. Westliche Einfuhrverbote f\u00fcr iranisches Erd\u00f6l und Gas sowie weitreichende Beschr\u00e4nkungen im  Finanzbereich setzen Iran unter Druck. Der F\u00fchrung wird zudem zur Last gelegt, mit Vernichtungsdrohungen gegen Israel und der Unterst\u00fctzung der libanesischen Hisbollah einen Frieden im Nahen Osten unm\u00f6glich zu  achen. Die Vorbehalte gegen\u00fcber Iran sind zahlreich. \u2013 Ist im Iran eine Kurs\u00e4nderung m\u00f6glich? Welche Chancen bieten sich der Zivilgesellschaft im Iran? Ist die Einbeziehung Irans in eine Sicherheitspartnerschaft im Nahen und Mittleren Osten vorstellbar?<\/p>\n\n\n\n<p><strong>Dr. phil. habil. Navid Kermani<\/strong><br>Orientalist und Schriftsteller \u2013 Geb. 1967 in Siegen als Kind iranischer  Eltern, Studium der Orientalistik, Philosophie und Theaterwissenschaft in  K\u00f6ln, Kairo und Bonn; dort 1998 Promotion, 2006 Habilitation. Von 2000 bis 2003 Fellow am Wissenschaftskolleg zu Berlin; von 2009 bis 2012 Senior Fellow am Kulturwissenschaftlichen Institut Essen. 2013 Gastprofessor f\u00fcr  Ideengeschichte des Islam an der Goethe-Universit\u00e4t Frankfurt.<br><br><strong>Ulrich Tilgner<\/strong><br>Journalist und Auslandskorrespondent \u2013 Geb. 1948 in Bremen, Studium der Kultur-, Politikwissenschaft und Wirtschaftsgeschichte in Freiburg und T\u00fcbingen. Seit 1976 Journalist, seit 1980 Korrespondent f\u00fcr TV und Presse im Nahen und Mittleren Osten, u. a. in Amman, Bagdad und von 2002 bis 2008 f\u00fcr das ZDF in Teheran und Afghanistan.<\/p>\n\n\n\n<hr class=\"wp-block-separator\"\/>\n\n\n\n<p><strong>4. Juli 2013, 19:00 Uhr, Ratssitzungssaal des Rathauses Osnabr\u00fcck<\/strong><\/p>\n\n\n\n<hr class=\"wp-block-separator\"\/>\n\n\n\n<div class=\"wp-block-columns is-layout-flex wp-container-core-columns-is-layout-9d6595d7 wp-block-columns-is-layout-flex\">\n<div class=\"wp-block-column is-layout-flow wp-block-column-is-layout-flow\">\n<h4 class=\"wp-block-heading\"><strong>Bildergalerie<\/strong><\/h4>\n\n\n\n<figure class=\"wp-block-gallery columns-0 is-cropped wp-block-gallery-1 is-layout-flex wp-block-gallery-is-layout-flex\"><ul class=\"blocks-gallery-grid\"><li class=\"blocks-gallery-item\"><figure><a href=\"https:\/\/www.ofg.uni-osnabrueck.de\/wp-content\/uploads\/2023\/05\/4-KermaniTilgner_u.a.-scaled.jpg\"><img loading=\"lazy\" decoding=\"async\" width=\"1024\" height=\"683\" src=\"https:\/\/www.ofg.uni-osnabrueck.de\/wp-content\/uploads\/2023\/05\/4-KermaniTilgner_u.a.-1024x683.jpg\" alt=\"\" data-id=\"9865\" data-full-url=\"https:\/\/www.ofg.uni-osnabrueck.de\/wp-content\/uploads\/2023\/05\/4-KermaniTilgner_u.a.-scaled.jpg\" data-link=\"https:\/\/www.ofg.uni-osnabrueck.de\/4-kermanitilgner_u-a\/\" class=\"wp-image-9865\" srcset=\"https:\/\/www.ofg.uni-osnabrueck.de\/wp-content\/uploads\/2023\/05\/4-KermaniTilgner_u.a.-1024x683.jpg 1024w, https:\/\/www.ofg.uni-osnabrueck.de\/wp-content\/uploads\/2023\/05\/4-KermaniTilgner_u.a.-300x200.jpg 300w, https:\/\/www.ofg.uni-osnabrueck.de\/wp-content\/uploads\/2023\/05\/4-KermaniTilgner_u.a.-768x513.jpg 768w, https:\/\/www.ofg.uni-osnabrueck.de\/wp-content\/uploads\/2023\/05\/4-KermaniTilgner_u.a.-1536x1025.jpg 1536w, https:\/\/www.ofg.uni-osnabrueck.de\/wp-content\/uploads\/2023\/05\/4-KermaniTilgner_u.a.-2048x1367.jpg 2048w\" sizes=\"auto, (max-width: 1024px) 100vw, 1024px\" \/><\/a><figcaption class=\"blocks-gallery-item__caption\">Prof. Dr. Martina Blasberg-Kuhnke, stellv. Vorsitzende des Wiss. Rates der Friedensgespr\u00e4che, B\u00fcrgermUeister Burkhard Jasper, Ulrich Tilgner, Dr. Navid Kermani, niversit\u00e4tspr\u00e4sident Prof. Dr. Claus Rollinger und Gespr\u00e4chsleiter Prof. Dr. Reinhold Mokrosch\n<\/figcaption><\/figure><\/li><li class=\"blocks-gallery-item\"><figure><a href=\"https:\/\/www.ofg.uni-osnabrueck.de\/wp-content\/uploads\/2023\/05\/4-Ulrich-Tilgner_gr-scaled.jpg\"><img loading=\"lazy\" decoding=\"async\" width=\"1024\" height=\"683\" src=\"https:\/\/www.ofg.uni-osnabrueck.de\/wp-content\/uploads\/2023\/05\/4-Ulrich-Tilgner_gr-1024x683.jpg\" alt=\"\" data-id=\"9861\" data-full-url=\"https:\/\/www.ofg.uni-osnabrueck.de\/wp-content\/uploads\/2023\/05\/4-Ulrich-Tilgner_gr-scaled.jpg\" data-link=\"https:\/\/www.ofg.uni-osnabrueck.de\/4-ulrich-tilgner_gr\/\" class=\"wp-image-9861\" srcset=\"https:\/\/www.ofg.uni-osnabrueck.de\/wp-content\/uploads\/2023\/05\/4-Ulrich-Tilgner_gr-1024x683.jpg 1024w, https:\/\/www.ofg.uni-osnabrueck.de\/wp-content\/uploads\/2023\/05\/4-Ulrich-Tilgner_gr-300x200.jpg 300w, https:\/\/www.ofg.uni-osnabrueck.de\/wp-content\/uploads\/2023\/05\/4-Ulrich-Tilgner_gr-768x513.jpg 768w, https:\/\/www.ofg.uni-osnabrueck.de\/wp-content\/uploads\/2023\/05\/4-Ulrich-Tilgner_gr-1536x1025.jpg 1536w, https:\/\/www.ofg.uni-osnabrueck.de\/wp-content\/uploads\/2023\/05\/4-Ulrich-Tilgner_gr-2048x1367.jpg 2048w\" sizes=\"auto, (max-width: 1024px) 100vw, 1024px\" \/><\/a><figcaption class=\"blocks-gallery-item__caption\">Ulrich Tilgner, TV-Journalist und langj\u00e4hriger Nahost-Korrespondent\n\u00a9 Osnabr\u00fccker Friedensgespr\u00e4che | Uwe Lewandowski<\/figcaption><\/figure><\/li><li class=\"blocks-gallery-item\"><figure><a href=\"https:\/\/www.ofg.uni-osnabrueck.de\/wp-content\/uploads\/2023\/05\/4-publikum-gr-scaled.jpg\"><img loading=\"lazy\" decoding=\"async\" width=\"1024\" height=\"636\" src=\"https:\/\/www.ofg.uni-osnabrueck.de\/wp-content\/uploads\/2023\/05\/4-publikum-gr-1024x636.jpg\" alt=\"\" data-id=\"9856\" data-full-url=\"https:\/\/www.ofg.uni-osnabrueck.de\/wp-content\/uploads\/2023\/05\/4-publikum-gr-scaled.jpg\" data-link=\"https:\/\/www.ofg.uni-osnabrueck.de\/4-publikum-gr\/\" class=\"wp-image-9856\" srcset=\"https:\/\/www.ofg.uni-osnabrueck.de\/wp-content\/uploads\/2023\/05\/4-publikum-gr-1024x636.jpg 1024w, https:\/\/www.ofg.uni-osnabrueck.de\/wp-content\/uploads\/2023\/05\/4-publikum-gr-300x186.jpg 300w, https:\/\/www.ofg.uni-osnabrueck.de\/wp-content\/uploads\/2023\/05\/4-publikum-gr-768x477.jpg 768w, https:\/\/www.ofg.uni-osnabrueck.de\/wp-content\/uploads\/2023\/05\/4-publikum-gr-1536x953.jpg 1536w, https:\/\/www.ofg.uni-osnabrueck.de\/wp-content\/uploads\/2023\/05\/4-publikum-gr-2048x1271.jpg 2048w\" sizes=\"auto, (max-width: 1024px) 100vw, 1024px\" \/><\/a><figcaption class=\"blocks-gallery-item__caption\">Gespr\u00e4chsleiter Prof. Dr. Reinhold Mokrosch vor Publikum\n\u00a9 Osnabr\u00fccker Friedensgespr\u00e4che | Uwe Lewandowski<\/figcaption><\/figure><\/li><li class=\"blocks-gallery-item\"><figure><a href=\"https:\/\/www.ofg.uni-osnabrueck.de\/wp-content\/uploads\/2023\/05\/4-Navid-Kermani_gr-scaled.jpg\"><img loading=\"lazy\" decoding=\"async\" width=\"1024\" height=\"683\" src=\"https:\/\/www.ofg.uni-osnabrueck.de\/wp-content\/uploads\/2023\/05\/4-Navid-Kermani_gr-1024x683.jpg\" alt=\"\" data-id=\"9851\" data-full-url=\"https:\/\/www.ofg.uni-osnabrueck.de\/wp-content\/uploads\/2023\/05\/4-Navid-Kermani_gr-scaled.jpg\" data-link=\"https:\/\/www.ofg.uni-osnabrueck.de\/4-navid-kermani_gr\/\" class=\"wp-image-9851\" srcset=\"https:\/\/www.ofg.uni-osnabrueck.de\/wp-content\/uploads\/2023\/05\/4-Navid-Kermani_gr-1024x683.jpg 1024w, https:\/\/www.ofg.uni-osnabrueck.de\/wp-content\/uploads\/2023\/05\/4-Navid-Kermani_gr-300x200.jpg 300w, https:\/\/www.ofg.uni-osnabrueck.de\/wp-content\/uploads\/2023\/05\/4-Navid-Kermani_gr-768x513.jpg 768w, https:\/\/www.ofg.uni-osnabrueck.de\/wp-content\/uploads\/2023\/05\/4-Navid-Kermani_gr-1536x1025.jpg 1536w, https:\/\/www.ofg.uni-osnabrueck.de\/wp-content\/uploads\/2023\/05\/4-Navid-Kermani_gr-2048x1367.jpg 2048w\" sizes=\"auto, (max-width: 1024px) 100vw, 1024px\" \/><\/a><figcaption class=\"blocks-gallery-item__caption\">Dr. Navid Kermani, Orientalist mit iranischen Wurzeln\n\u00a9 Osnabr\u00fccker Friedensgespr\u00e4che | Uwe Lewandowski<\/figcaption><\/figure><\/li><li class=\"blocks-gallery-item\"><figure><a href=\"https:\/\/www.ofg.uni-osnabrueck.de\/wp-content\/uploads\/2023\/05\/4-KermaniMokroschTilgner_gr.-scaled.jpg\"><img loading=\"lazy\" decoding=\"async\" width=\"1024\" height=\"683\" src=\"https:\/\/www.ofg.uni-osnabrueck.de\/wp-content\/uploads\/2023\/05\/4-KermaniMokroschTilgner_gr.-1024x683.jpg\" alt=\"\" data-id=\"9845\" data-full-url=\"https:\/\/www.ofg.uni-osnabrueck.de\/wp-content\/uploads\/2023\/05\/4-KermaniMokroschTilgner_gr.-scaled.jpg\" data-link=\"https:\/\/www.ofg.uni-osnabrueck.de\/4-kermanimokroschtilgner_gr\/\" class=\"wp-image-9845\" srcset=\"https:\/\/www.ofg.uni-osnabrueck.de\/wp-content\/uploads\/2023\/05\/4-KermaniMokroschTilgner_gr.-1024x683.jpg 1024w, https:\/\/www.ofg.uni-osnabrueck.de\/wp-content\/uploads\/2023\/05\/4-KermaniMokroschTilgner_gr.-300x200.jpg 300w, https:\/\/www.ofg.uni-osnabrueck.de\/wp-content\/uploads\/2023\/05\/4-KermaniMokroschTilgner_gr.-768x513.jpg 768w, https:\/\/www.ofg.uni-osnabrueck.de\/wp-content\/uploads\/2023\/05\/4-KermaniMokroschTilgner_gr.-1536x1025.jpg 1536w, https:\/\/www.ofg.uni-osnabrueck.de\/wp-content\/uploads\/2023\/05\/4-KermaniMokroschTilgner_gr.-2048x1367.jpg 2048w\" sizes=\"auto, (max-width: 1024px) 100vw, 1024px\" \/><\/a><figcaption class=\"blocks-gallery-item__caption\">\u00a9 Osnabr\u00fccker Friedensgespr\u00e4che | Uwe Lewandowski<\/figcaption><\/figure><\/li><\/ul><\/figure>\n\n\n\n<p class=\"has-small-font-size\">\u00a9 Osnabr\u00fccker Friedensgespr\u00e4che | Uwe Lewandowski<\/p>\n<\/div>\n\n\n\n<div class=\"wp-block-column is-layout-flow wp-block-column-is-layout-flow\">\n<h4 class=\"wp-block-heading\"><\/h4>\n\n\n\n\n\n<p><\/p>\n<\/div>\n<\/div>\n","protected":false},"excerpt":{"rendered":"<p>Podiumsdiskussion mit Dr. Navid Kermani und Ulrich Tilgner<\/p>\n","protected":false},"author":6,"featured_media":9865,"comment_status":"closed","ping_status":"closed","sticky":false,"template":"","format":"standard","meta":{"footnotes":""},"categories":[18,8],"tags":[],"class_list":["post-9842","post","type-post","status-publish","format-standard","has-post-thumbnail","hentry","category-podiumsdiskussion","category-unkategorisiert","generate-columns","tablet-grid-50","mobile-grid-100","grid-parent","grid-50"],"wps_subtitle":"","_links":{"self":[{"href":"https:\/\/www.ofg.uni-osnabrueck.de\/en\/wp-json\/wp\/v2\/posts\/9842","targetHints":{"allow":["GET"]}}],"collection":[{"href":"https:\/\/www.ofg.uni-osnabrueck.de\/en\/wp-json\/wp\/v2\/posts"}],"about":[{"href":"https:\/\/www.ofg.uni-osnabrueck.de\/en\/wp-json\/wp\/v2\/types\/post"}],"author":[{"embeddable":true,"href":"https:\/\/www.ofg.uni-osnabrueck.de\/en\/wp-json\/wp\/v2\/users\/6"}],"replies":[{"embeddable":true,"href":"https:\/\/www.ofg.uni-osnabrueck.de\/en\/wp-json\/wp\/v2\/comments?post=9842"}],"version-history":[{"count":3,"href":"https:\/\/www.ofg.uni-osnabrueck.de\/en\/wp-json\/wp\/v2\/posts\/9842\/revisions"}],"predecessor-version":[{"id":12833,"href":"https:\/\/www.ofg.uni-osnabrueck.de\/en\/wp-json\/wp\/v2\/posts\/9842\/revisions\/12833"}],"wp:featuredmedia":[{"embeddable":true,"href":"https:\/\/www.ofg.uni-osnabrueck.de\/en\/wp-json\/wp\/v2\/media\/9865"}],"wp:attachment":[{"href":"https:\/\/www.ofg.uni-osnabrueck.de\/en\/wp-json\/wp\/v2\/media?parent=9842"}],"wp:term":[{"taxonomy":"category","embeddable":true,"href":"https:\/\/www.ofg.uni-osnabrueck.de\/en\/wp-json\/wp\/v2\/categories?post=9842"},{"taxonomy":"post_tag","embeddable":true,"href":"https:\/\/www.ofg.uni-osnabrueck.de\/en\/wp-json\/wp\/v2\/tags?post=9842"}],"curies":[{"name":"wp","href":"https:\/\/api.w.org\/{rel}","templated":true}]}}