{"id":9757,"date":"2013-05-15T19:00:00","date_gmt":"2013-05-15T17:00:00","guid":{"rendered":"https:\/\/www.ofg.uni-osnabrueck.de\/?p=9757"},"modified":"2024-05-21T09:22:27","modified_gmt":"2024-05-21T07:22:27","slug":"zwischen-schutzverantwortung-und-militaerischer-zurueckhaltung-wie-helfen-wir-den-opfern-von-krieg-und-buergerkrieg","status":"publish","type":"post","link":"https:\/\/www.ofg.uni-osnabrueck.de\/en\/zwischen-schutzverantwortung-und-militaerischer-zurueckhaltung-wie-helfen-wir-den-opfern-von-krieg-und-buergerkrieg\/","title":{"rendered":"Zwischen Schutzverantwortung und milit\u00e4rischer Zur\u00fcckhaltung \u2013 Wie helfen wir den Opfern von Krieg und B\u00fcrgerkrieg?"},"content":{"rendered":"\n<p>Statements und Diskussion mit<\/p>\n\n\n\n<p><strong>Dr. Guido Westerwelle<br><\/strong>Bundesau\u00dfenminister<\/p>\n\n\n\n<p><strong>Prof. Dr. Christian Tomuschat<br><\/strong>V\u00f6lkerrechtsexperte, Humboldt-Universit\u00e4t Berlin<\/p>\n\n\n\n<p><strong>Gespr\u00e4chsleitung<\/strong><br>Prof. Dr. Ulrich Schneckener, Universit\u00e4t Osnabr\u00fcck<\/p>\n\n\n\n<hr class=\"wp-block-separator has-css-opacity\"\/>\n\n\n\n<p>Die Deutsche Au\u00dfenpolitik wird nicht erst von der amtierenden Bundesregierung als \u00bbwerteorientiert und interessengeleitet\u00ab beschrieben. Demokratie, Rechtsstaatlichkeit und die Achtung des V\u00f6lkerrechts und der Menschenrechte gelten seit langem und f\u00fcr alle Bundestagsparteien als zentrale Leitlinien der Au\u00dfenpolitik. Eine besondere Herausforderung stellt dabei die Forderung nach \u00bbhumanit\u00e4ren Interventionen\u00ab in Kriegs- und B\u00fcrgerkriegsgebieten zum Schutz der betroffenen Zivilbev\u00f6lkerung dar, die mit der neu entwickelten Norm der Schutzverantwortung (\u00bbresponsibility to protect\u00ab) begr\u00fcndet wird. Die Frage einer m\u00f6glichen Entsendung von Einheiten der Bundeswehr oder der Polizei zu internationalen Eins\u00e4tzen \u2013 wenn auch unter einem Mandat der UNO \u2013 f\u00fchrte schon wiederholt zu  au\u00dfen- und innenpolitischen Irritationen. J\u00fcngere Ereignisse, die die Frage milit\u00e4rischer deutscher Auslandseins\u00e4tze auf die Tagesordnung setzten, waren der Aufstand in Libyen 2011 und der andauernde B\u00fcrgerkrieg in Syrien. Welchen Beitrag kann und soll Deutschland dazu leisten, (potentielle) Opfer von Gewalt und B\u00fcrgerkrieg zu sch\u00fctzen? Wie lassen sich \u00bbrobuste\u00ab milit\u00e4rische Auslandseins\u00e4tze mit der Forderung nach einer auch historisch begr\u00fcndeten milit\u00e4rischen Zur\u00fcckhaltung Deutschlands in Einklang bringen? Welche Bedeutung k\u00f6nnen dabei die innenpolitische Debatte und der Meinungsaustausch in der \u00d6ffentlichkeit erlangen?<\/p>\n\n\n\n<p><strong>Dr. Guido Westerwelle<\/strong><br>Bundesau\u00dfenminister seit Oktober 2009 \u2013 Geb. 1961, Studium der Rechtswissenschaften in Bonn, Erstes und Zweites juristisches Staatsexamen, Promotion zum Dr. jur. Seit 1991 als Rechtsanwalt t\u00e4tig. Politisches Engagement in der FDP seit 1980, hier Bundesvorsitzender der Jungen Liberalen von 1983 bis 1988, Generalsekret\u00e4r der FDP von 1994 bis 2001 und Bundesvorsitzender der Partei von 2001 bis 2011 Mitglied des Bundestages seit 1996, Vorsitzender der FDPBundestagsfraktion<br>von 2006 bis 2009.<\/p>\n\n\n\n<p><strong>Prof. Dr. Christian Tomuschat<\/strong><br>Rechtswissenschaftler, Professor f\u00fcr \u00f6ffentliches Recht, insbesondere V\u00f6lker- und Europarecht an der Humboldt-Universit\u00e4t zu Berlin von 1995 bis 2004 \u2013 Geb. 1936, Studium der Rechtswissenschaften in Heidelberg und Montpellier, Erstes und Zweites Staatsexamen, Promotion 1964,  Habilitation 1970. Professor f\u00fcr \u00f6ffentliches Recht, insbesondere V\u00f6lker- und Europarecht, an der Universit\u00e4t Bonn von 1972 bis 1995, hier Direktor des Instituts f\u00fcr V\u00f6lkerrecht. Diplomatische und beratende T\u00e4tigkeiten f\u00fcr die Bundesregierung, die KSZE\/OSZE, die EU und die Vereinten Nationen; Menschenrechtsarbeit bei Nichtregierungsorganisationen; Funktionen in wissenschaftlichen Institutionen und Gesellschaften. Zahlreiche Ehrungen und Auszeichnungen, darunter den 2012 bei der Deutschen Stiftung  Friedensforschung in Osnabr\u00fcck verliehenen Ludwig-Quidde-Preis.<\/p>\n\n\n\n<hr class=\"wp-block-separator has-css-opacity\"\/>\n\n\n\n<p><strong>15. Mai 2013, 19:00 Uhr, Aula der Universit\u00e4t Osnabr\u00fcck, Schloss, Neuer Graben<\/strong><\/p>\n\n\n\n<hr class=\"wp-block-separator has-css-opacity\"\/>\n\n\n\n<div class=\"wp-block-columns is-layout-flex wp-container-core-columns-is-layout-9d6595d7 wp-block-columns-is-layout-flex\">\n<div class=\"wp-block-column is-layout-flow wp-block-column-is-layout-flow\">\n<h4 class=\"wp-block-heading\"><strong>Bildergalerie<\/strong><\/h4>\n\n\n\n<figure class=\"wp-block-gallery has-nested-images columns-0 is-cropped wp-block-gallery-1 is-layout-flex wp-block-gallery-is-layout-flex\">\n<figure class=\"wp-block-image size-large\"><a href=\"https:\/\/www.ofg.uni-osnabrueck.de\/wp-content\/uploads\/2023\/05\/2-westerwelle_gr.jpg\"><img loading=\"lazy\" decoding=\"async\" width=\"959\" height=\"1024\" data-id=\"9781\" src=\"https:\/\/www.ofg.uni-osnabrueck.de\/wp-content\/uploads\/2023\/05\/2-westerwelle_gr-959x1024.jpg\" alt=\"\" class=\"wp-image-9781\" srcset=\"https:\/\/www.ofg.uni-osnabrueck.de\/wp-content\/uploads\/2023\/05\/2-westerwelle_gr-959x1024.jpg 959w, https:\/\/www.ofg.uni-osnabrueck.de\/wp-content\/uploads\/2023\/05\/2-westerwelle_gr-281x300.jpg 281w, https:\/\/www.ofg.uni-osnabrueck.de\/wp-content\/uploads\/2023\/05\/2-westerwelle_gr-768x820.jpg 768w, https:\/\/www.ofg.uni-osnabrueck.de\/wp-content\/uploads\/2023\/05\/2-westerwelle_gr.jpg 1400w\" sizes=\"auto, (max-width: 959px) 100vw, 959px\" \/><\/a><figcaption class=\"wp-element-caption\">Begr\u00fc\u00dfung bei Eintreffen des Ministers\n\u00a9 Osnabr\u00fccker Friedensgespr\u00e4che | Uwe Lewandowski<\/figcaption><\/figure>\n\n\n\n<figure class=\"wp-block-image size-large\"><a href=\"https:\/\/www.ofg.uni-osnabrueck.de\/wp-content\/uploads\/2023\/05\/2-Podium-gr.jpg\"><img loading=\"lazy\" decoding=\"async\" width=\"1024\" height=\"667\" data-id=\"9775\" src=\"https:\/\/www.ofg.uni-osnabrueck.de\/wp-content\/uploads\/2023\/05\/2-Podium-gr-1024x667.jpg\" alt=\"\" class=\"wp-image-9775\" srcset=\"https:\/\/www.ofg.uni-osnabrueck.de\/wp-content\/uploads\/2023\/05\/2-Podium-gr-1024x667.jpg 1024w, https:\/\/www.ofg.uni-osnabrueck.de\/wp-content\/uploads\/2023\/05\/2-Podium-gr-300x195.jpg 300w, https:\/\/www.ofg.uni-osnabrueck.de\/wp-content\/uploads\/2023\/05\/2-Podium-gr-768x500.jpg 768w, https:\/\/www.ofg.uni-osnabrueck.de\/wp-content\/uploads\/2023\/05\/2-Podium-gr.jpg 1400w\" sizes=\"auto, (max-width: 1024px) 100vw, 1024px\" \/><\/a><figcaption class=\"wp-element-caption\">Moderator Ulrich Schneckener befragt die Podiumsteilnehmer\n\u00a9 Osnabr\u00fccker Friedensgespr\u00e4che | Uwe Lewandowski<\/figcaption><\/figure>\n\n\n\n<figure class=\"wp-block-image size-large\"><a href=\"https:\/\/www.ofg.uni-osnabrueck.de\/wp-content\/uploads\/2023\/05\/2-westerwelle-f.jpg\"><img loading=\"lazy\" decoding=\"async\" width=\"340\" height=\"240\" data-id=\"9769\" src=\"https:\/\/www.ofg.uni-osnabrueck.de\/wp-content\/uploads\/2023\/05\/2-westerwelle-f.jpg\" alt=\"\" class=\"wp-image-9769\" srcset=\"https:\/\/www.ofg.uni-osnabrueck.de\/wp-content\/uploads\/2023\/05\/2-westerwelle-f.jpg 340w, https:\/\/www.ofg.uni-osnabrueck.de\/wp-content\/uploads\/2023\/05\/2-westerwelle-f-300x212.jpg 300w\" sizes=\"auto, (max-width: 340px) 100vw, 340px\" \/><\/a><figcaption class=\"wp-element-caption\">Bundesau\u00dfenminister Guido Westerwelle\n\u00a9 Osnabr\u00fccker Friedensgespr\u00e4che | Uwe Lewandowski<\/figcaption><\/figure>\n\n\n\n<figure class=\"wp-block-image size-large\"><a href=\"https:\/\/www.ofg.uni-osnabrueck.de\/wp-content\/uploads\/2023\/05\/2-tomuschat.jpg\"><img loading=\"lazy\" decoding=\"async\" width=\"340\" height=\"240\" data-id=\"9763\" src=\"https:\/\/www.ofg.uni-osnabrueck.de\/wp-content\/uploads\/2023\/05\/2-tomuschat.jpg\" alt=\"\" class=\"wp-image-9763\" srcset=\"https:\/\/www.ofg.uni-osnabrueck.de\/wp-content\/uploads\/2023\/05\/2-tomuschat.jpg 340w, https:\/\/www.ofg.uni-osnabrueck.de\/wp-content\/uploads\/2023\/05\/2-tomuschat-300x212.jpg 300w\" sizes=\"auto, (max-width: 340px) 100vw, 340px\" \/><\/a><figcaption class=\"wp-element-caption\">V\u00f6lkerrechtsexperte Christian Tomuschat\n\u00a9 Osnabr\u00fccker Friedensgespr\u00e4che | Uwe Lewandowski<\/figcaption><\/figure>\n\n\n\n<figure class=\"wp-block-image size-large\"><a href=\"https:\/\/www.ofg.uni-osnabrueck.de\/wp-content\/uploads\/2023\/05\/2-Podium-2.jpg\"><img loading=\"lazy\" decoding=\"async\" width=\"340\" height=\"209\" data-id=\"9759\" src=\"https:\/\/www.ofg.uni-osnabrueck.de\/wp-content\/uploads\/2023\/05\/2-Podium-2.jpg\" alt=\"\" class=\"wp-image-9759\" srcset=\"https:\/\/www.ofg.uni-osnabrueck.de\/wp-content\/uploads\/2023\/05\/2-Podium-2.jpg 340w, https:\/\/www.ofg.uni-osnabrueck.de\/wp-content\/uploads\/2023\/05\/2-Podium-2-300x184.jpg 300w\" sizes=\"auto, (max-width: 340px) 100vw, 340px\" \/><\/a><figcaption class=\"wp-element-caption\">Diskussion auf dem Podium\n\u00a9 Osnabr\u00fccker Friedensgespr\u00e4che | Uwe Lewandowski<\/figcaption><\/figure>\n<\/figure>\n\n\n\n<p class=\"has-small-font-size\">\u00a9 Osnabr\u00fccker Friedensgespr\u00e4che | Uwe Lewandowski<\/p>\n<\/div>\n\n\n\n<div class=\"wp-block-column is-layout-flow wp-block-column-is-layout-flow\">\n<h4 class=\"wp-block-heading\"><strong>Videos<\/strong><\/h4>\n\n\n\n<div class=\"lyte-wrapper\" title=\"Zwischen Schutzverantwortung und milit&auml;rischer Zur&uuml;ckhaltung &ndash; 1: Begr&uuml;&szlig;ung und Einf&uuml;hrung\" style=\"width:853px;max-width:100%;margin:5px auto;\"><div class=\"lyMe hidef\" id=\"WYL_njkRzOpKrKo\" itemprop=\"video\" itemscope itemtype=\"https:\/\/schema.org\/VideoObject\"><div><meta itemprop=\"thumbnailUrl\" content=\"https:\/\/www.ofg.uni-osnabrueck.de\/wp-content\/plugins\/wp-youtube-lyte\/lyteCache.php?origThumbUrl=https%3A%2F%2Fi.ytimg.com%2Fvi%2FnjkRzOpKrKo%2Fmaxresdefault.jpg\" \/><meta itemprop=\"embedURL\" content=\"https:\/\/www.youtube.com\/embed\/njkRzOpKrKo\" \/><meta itemprop=\"duration\" content=\"PT13M27S\" \/><meta itemprop=\"uploadDate\" content=\"2016-06-01T13:03:47Z\" \/><\/div><div id=\"lyte_njkRzOpKrKo\" data-src=\"https:\/\/www.ofg.uni-osnabrueck.de\/wp-content\/plugins\/wp-youtube-lyte\/lyteCache.php?origThumbUrl=https%3A%2F%2Fi.ytimg.com%2Fvi%2FnjkRzOpKrKo%2Fmaxresdefault.jpg\" class=\"pL\"><div class=\"tC\"><div class=\"tT\" itemprop=\"name\">Zwischen Schutzverantwortung und milit\u00e4rischer Zur\u00fcckhaltung \u2013 1: Begr\u00fc\u00dfung und Einf\u00fchrung<\/div><\/div><div class=\"play\"><\/div><div class=\"ctrl\"><div class=\"Lctrl\"><\/div><div class=\"Rctrl\"><\/div><\/div><\/div><noscript><a href=\"https:\/\/youtu.be\/njkRzOpKrKo\" rel=\"nofollow\"><img loading=\"lazy\" decoding=\"async\" src=\"https:\/\/www.ofg.uni-osnabrueck.de\/wp-content\/plugins\/wp-youtube-lyte\/lyteCache.php?origThumbUrl=https%3A%2F%2Fi.ytimg.com%2Fvi%2FnjkRzOpKrKo%2F0.jpg\" alt=\"Zwischen Schutzverantwortung und milit&auml;rischer Zur&uuml;ckhaltung &ndash; 1: Begr&uuml;&szlig;ung und Einf&uuml;hrung\" width=\"853\" height=\"460\" \/><br \/>Watch this video on YouTube<\/a><\/noscript><meta itemprop=\"description\" content=\"Untertitel: Wie helfen wir den Opfern von Krieg und B\u00fcrgerkrieg? Statements und Diskussion mit Dr. Guido Westerwelle, Bundesau\u00dfenminister Prof. Dr. Christian Tomuschat, V\u00f6lkerrechtsexperte, Humboldt-Universit\u00e4t Berlin Gespr\u00e4chsleitung: Prof. Dr. Ulrich Schneckener, Universit\u00e4t Osnabr\u00fcck Mittwoch, 15. Mai 2013, 19 Uhr, Aula der Universit\u00e4t, Schloss ---------------------------------------------- 1: Begr\u00fc\u00dfung und Einf\u00fchrung ----------------------------------------------\"><\/div><\/div><div class=\"lL\" style=\"max-width:100%;width:853px;margin:5px auto;\"><br\/><span class=\"lyte_disclaimer\">Bitte beachten Sie unsere Datenschutzerkl\u00e4rung. Wenn Sie das Video abspielen, werden Daten an YouTube gesendet.<\/span><\/div>\n<div class=\"lyte-wrapper\" title=\"Zwischen Schutzverantwortung und milit&auml;rischer Zur&uuml;ckhaltung &ndash; 2: Statement Tomuschat\" style=\"width:853px;max-width:100%;margin:5px auto;\"><div class=\"lyMe hidef\" id=\"WYL_PD1fhWKYeFo\" itemprop=\"video\" itemscope itemtype=\"https:\/\/schema.org\/VideoObject\"><div><meta itemprop=\"thumbnailUrl\" content=\"https:\/\/www.ofg.uni-osnabrueck.de\/wp-content\/plugins\/wp-youtube-lyte\/lyteCache.php?origThumbUrl=https%3A%2F%2Fi.ytimg.com%2Fvi%2FPD1fhWKYeFo%2Fmaxresdefault.jpg\" \/><meta itemprop=\"embedURL\" content=\"https:\/\/www.youtube.com\/embed\/PD1fhWKYeFo\" \/><meta itemprop=\"duration\" content=\"PT18M56S\" \/><meta itemprop=\"uploadDate\" content=\"2016-06-01T13:01:14Z\" \/><\/div><div id=\"lyte_PD1fhWKYeFo\" data-src=\"https:\/\/www.ofg.uni-osnabrueck.de\/wp-content\/plugins\/wp-youtube-lyte\/lyteCache.php?origThumbUrl=https%3A%2F%2Fi.ytimg.com%2Fvi%2FPD1fhWKYeFo%2Fmaxresdefault.jpg\" class=\"pL\"><div class=\"tC\"><div class=\"tT\" itemprop=\"name\">Zwischen Schutzverantwortung und milit\u00e4rischer Zur\u00fcckhaltung \u2013 2: Statement Tomuschat<\/div><\/div><div class=\"play\"><\/div><div class=\"ctrl\"><div class=\"Lctrl\"><\/div><div class=\"Rctrl\"><\/div><\/div><\/div><noscript><a href=\"https:\/\/youtu.be\/PD1fhWKYeFo\" rel=\"nofollow\"><img loading=\"lazy\" decoding=\"async\" src=\"https:\/\/www.ofg.uni-osnabrueck.de\/wp-content\/plugins\/wp-youtube-lyte\/lyteCache.php?origThumbUrl=https%3A%2F%2Fi.ytimg.com%2Fvi%2FPD1fhWKYeFo%2F0.jpg\" alt=\"Zwischen Schutzverantwortung und milit&auml;rischer Zur&uuml;ckhaltung &ndash; 2: Statement Tomuschat\" width=\"853\" height=\"460\" \/><br \/>Watch this video on YouTube<\/a><\/noscript><meta itemprop=\"description\" content=\"Untertitel: Wie helfen wir den Opfern von Krieg und B\u00fcrgerkrieg? Statements und Diskussion mit Dr. Guido Westerwelle, Bundesau\u00dfenminister Prof. Dr. Christian Tomuschat, V\u00f6lkerrechtsexperte, Humboldt-Universit\u00e4t Berlin Gespr\u00e4chsleitung: Prof. Dr. Ulrich Schneckener, Universit\u00e4t Osnabr\u00fcck Mittwoch, 15. Mai 2013, 19 Uhr, Aula der Universit\u00e4t, Schloss ------------------------------------------------------- 2: Statement Christian Tomuschat -------------------------------------------------------\"><\/div><\/div><div class=\"lL\" style=\"max-width:100%;width:853px;margin:5px auto;\"><br\/><span class=\"lyte_disclaimer\">Bitte beachten Sie unsere Datenschutzerkl\u00e4rung. Wenn Sie das Video abspielen, werden Daten an YouTube gesendet.<\/span><\/div>\n<div class=\"lyte-wrapper\" title=\"Zwischen Schutzverantwortung und milit&auml;rischer Zur&uuml;ckhaltung &ndash; 3: Statement Guido Westerwelle\" style=\"width:853px;max-width:100%;margin:5px auto;\"><div class=\"lyMe hidef\" id=\"WYL_oJQT1ukK-tE\" itemprop=\"video\" itemscope itemtype=\"https:\/\/schema.org\/VideoObject\"><div><meta itemprop=\"thumbnailUrl\" content=\"https:\/\/www.ofg.uni-osnabrueck.de\/wp-content\/plugins\/wp-youtube-lyte\/lyteCache.php?origThumbUrl=https%3A%2F%2Fi.ytimg.com%2Fvi%2FoJQT1ukK-tE%2Fmaxresdefault.jpg\" \/><meta itemprop=\"embedURL\" content=\"https:\/\/www.youtube.com\/embed\/oJQT1ukK-tE\" \/><meta itemprop=\"duration\" content=\"PT17M\" \/><meta itemprop=\"uploadDate\" content=\"2016-06-01T12:58:33Z\" \/><\/div><div id=\"lyte_oJQT1ukK-tE\" data-src=\"https:\/\/www.ofg.uni-osnabrueck.de\/wp-content\/plugins\/wp-youtube-lyte\/lyteCache.php?origThumbUrl=https%3A%2F%2Fi.ytimg.com%2Fvi%2FoJQT1ukK-tE%2Fmaxresdefault.jpg\" class=\"pL\"><div class=\"tC\"><div class=\"tT\" itemprop=\"name\">Zwischen Schutzverantwortung und milit\u00e4rischer Zur\u00fcckhaltung \u2013 3: Statement Guido Westerwelle<\/div><\/div><div class=\"play\"><\/div><div class=\"ctrl\"><div class=\"Lctrl\"><\/div><div class=\"Rctrl\"><\/div><\/div><\/div><noscript><a href=\"https:\/\/youtu.be\/oJQT1ukK-tE\" rel=\"nofollow\"><img loading=\"lazy\" decoding=\"async\" src=\"https:\/\/www.ofg.uni-osnabrueck.de\/wp-content\/plugins\/wp-youtube-lyte\/lyteCache.php?origThumbUrl=https%3A%2F%2Fi.ytimg.com%2Fvi%2FoJQT1ukK-tE%2F0.jpg\" alt=\"Zwischen Schutzverantwortung und milit&auml;rischer Zur&uuml;ckhaltung &ndash; 3: Statement Guido Westerwelle\" width=\"853\" height=\"460\" \/><br \/>Watch this video on YouTube<\/a><\/noscript><meta itemprop=\"description\" content=\"Untertitel: Wie helfen wir den Opfern von Krieg und B\u00fcrgerkrieg? Statements und Diskussion mit Dr. Guido Westerwelle, Bundesau\u00dfenminister Prof. Dr. Christian Tomuschat, V\u00f6lkerrechtsexperte, Humboldt-Universit\u00e4t Berlin Gespr\u00e4chsleitung: Prof. Dr. Ulrich Schneckener, Universit\u00e4t Osnabr\u00fcck Mittwoch, 15. Mai 2013, 19 Uhr, Aula der Universit\u00e4t, Schloss --------------------------------------------------- 3: Statement Guido Westerwelle ---------------------------------------------------\"><\/div><\/div><div class=\"lL\" style=\"max-width:100%;width:853px;margin:5px auto;\"><br\/><span class=\"lyte_disclaimer\">Bitte beachten Sie unsere Datenschutzerkl\u00e4rung. Wenn Sie das Video abspielen, werden Daten an YouTube gesendet.<\/span><\/div>\n<div class=\"lyte-wrapper\" title=\"Zwischen Schutzverantwortung und milit&auml;rischer Zur&uuml;ckhaltung &ndash; 4: Podiumsdiskussion I\" style=\"width:853px;max-width:100%;margin:5px auto;\"><div class=\"lyMe hidef\" id=\"WYL_f3sh2pHIBQ4\" itemprop=\"video\" itemscope itemtype=\"https:\/\/schema.org\/VideoObject\"><div><meta itemprop=\"thumbnailUrl\" content=\"https:\/\/www.ofg.uni-osnabrueck.de\/wp-content\/plugins\/wp-youtube-lyte\/lyteCache.php?origThumbUrl=https%3A%2F%2Fi.ytimg.com%2Fvi%2Ff3sh2pHIBQ4%2Fmaxresdefault.jpg\" \/><meta itemprop=\"embedURL\" content=\"https:\/\/www.youtube.com\/embed\/f3sh2pHIBQ4\" \/><meta itemprop=\"duration\" content=\"PT26M2S\" \/><meta itemprop=\"uploadDate\" content=\"2016-06-01T12:56:30Z\" \/><\/div><div id=\"lyte_f3sh2pHIBQ4\" data-src=\"https:\/\/www.ofg.uni-osnabrueck.de\/wp-content\/plugins\/wp-youtube-lyte\/lyteCache.php?origThumbUrl=https%3A%2F%2Fi.ytimg.com%2Fvi%2Ff3sh2pHIBQ4%2Fmaxresdefault.jpg\" class=\"pL\"><div class=\"tC\"><div class=\"tT\" itemprop=\"name\">Zwischen Schutzverantwortung und milit\u00e4rischer Zur\u00fcckhaltung \u2013 4: Podiumsdiskussion I<\/div><\/div><div class=\"play\"><\/div><div class=\"ctrl\"><div class=\"Lctrl\"><\/div><div class=\"Rctrl\"><\/div><\/div><\/div><noscript><a href=\"https:\/\/youtu.be\/f3sh2pHIBQ4\" rel=\"nofollow\"><img loading=\"lazy\" decoding=\"async\" src=\"https:\/\/www.ofg.uni-osnabrueck.de\/wp-content\/plugins\/wp-youtube-lyte\/lyteCache.php?origThumbUrl=https%3A%2F%2Fi.ytimg.com%2Fvi%2Ff3sh2pHIBQ4%2F0.jpg\" alt=\"Zwischen Schutzverantwortung und milit&auml;rischer Zur&uuml;ckhaltung &ndash; 4: Podiumsdiskussion I\" width=\"853\" height=\"460\" \/><br \/>Watch this video on YouTube<\/a><\/noscript><meta itemprop=\"description\" content=\"Untertitel: Wie helfen wir den Opfern von Krieg und B\u00fcrgerkrieg? Statements und Diskussion mit Dr. Guido Westerwelle, Bundesau\u00dfenminister Prof. Dr. Christian Tomuschat, V\u00f6lkerrechtsexperte, Humboldt-Universit\u00e4t Berlin Gespr\u00e4chsleitung: Prof. Dr. Ulrich Schneckener, Universit\u00e4t Osnabr\u00fcck Mittwoch, 15. Mai 2013, 19 Uhr, Aula der Universit\u00e4t, Schloss -------------------------------------- 4: Podiumsdiskussion I --------------------------------------\"><\/div><\/div><div class=\"lL\" style=\"max-width:100%;width:853px;margin:5px auto;\"><br\/><span class=\"lyte_disclaimer\">Bitte beachten Sie unsere Datenschutzerkl\u00e4rung. Wenn Sie das Video abspielen, werden Daten an YouTube gesendet.<\/span><\/div>\n<div class=\"lyte-wrapper\" title=\"Zwischen Schutzverantwortung und milit&auml;rischer Zur&uuml;ckhaltung &ndash; 5: Podiumsdiskussion II\" style=\"width:853px;max-width:100%;margin:5px auto;\"><div class=\"lyMe hidef\" id=\"WYL_3qPbka_iiZE\" itemprop=\"video\" itemscope itemtype=\"https:\/\/schema.org\/VideoObject\"><div><meta itemprop=\"thumbnailUrl\" content=\"https:\/\/www.ofg.uni-osnabrueck.de\/wp-content\/plugins\/wp-youtube-lyte\/lyteCache.php?origThumbUrl=https%3A%2F%2Fi.ytimg.com%2Fvi%2F3qPbka_iiZE%2Fmaxresdefault.jpg\" \/><meta itemprop=\"embedURL\" content=\"https:\/\/www.youtube.com\/embed\/3qPbka_iiZE\" \/><meta itemprop=\"duration\" content=\"PT23M39S\" \/><meta itemprop=\"uploadDate\" content=\"2016-06-01T12:53:38Z\" \/><\/div><div id=\"lyte_3qPbka_iiZE\" data-src=\"https:\/\/www.ofg.uni-osnabrueck.de\/wp-content\/plugins\/wp-youtube-lyte\/lyteCache.php?origThumbUrl=https%3A%2F%2Fi.ytimg.com%2Fvi%2F3qPbka_iiZE%2Fmaxresdefault.jpg\" class=\"pL\"><div class=\"tC\"><div class=\"tT\" itemprop=\"name\">Zwischen Schutzverantwortung und milit\u00e4rischer Zur\u00fcckhaltung \u2013 5: Podiumsdiskussion II<\/div><\/div><div class=\"play\"><\/div><div class=\"ctrl\"><div class=\"Lctrl\"><\/div><div class=\"Rctrl\"><\/div><\/div><\/div><noscript><a href=\"https:\/\/youtu.be\/3qPbka_iiZE\" rel=\"nofollow\"><img loading=\"lazy\" decoding=\"async\" src=\"https:\/\/www.ofg.uni-osnabrueck.de\/wp-content\/plugins\/wp-youtube-lyte\/lyteCache.php?origThumbUrl=https%3A%2F%2Fi.ytimg.com%2Fvi%2F3qPbka_iiZE%2F0.jpg\" alt=\"Zwischen Schutzverantwortung und milit&auml;rischer Zur&uuml;ckhaltung &ndash; 5: Podiumsdiskussion II\" width=\"853\" height=\"460\" \/><br \/>Watch this video on YouTube<\/a><\/noscript><meta itemprop=\"description\" content=\"Untertitel: Wie helfen wir den Opfern von Krieg und B\u00fcrgerkrieg? Statements und Diskussion mit Dr. Guido Westerwelle, Bundesau\u00dfenminister Prof. Dr. Christian Tomuschat, V\u00f6lkerrechtsexperte, Humboldt-Universit\u00e4t Berlin Gespr\u00e4chsleitung: Prof. Dr. Ulrich Schneckener, Universit\u00e4t Osnabr\u00fcck Mittwoch, 15. Mai 2013, 19 Uhr, Aula der Universit\u00e4t, Schloss -------------------------------------- 5: Podiumsdiskussion II --------------------------------------\"><\/div><\/div><div class=\"lL\" style=\"max-width:100%;width:853px;margin:5px auto;\"><br\/><span class=\"lyte_disclaimer\">Bitte beachten Sie unsere Datenschutzerkl\u00e4rung. Wenn Sie das Video abspielen, werden Daten an YouTube gesendet.<\/span><\/div>\n<div class=\"lyte-wrapper\" title=\"Zwischen Schutzverantwortung und milit&auml;rischer Zur&uuml;ckhaltung &ndash; 6: Publikumsdiskussion\" style=\"width:853px;max-width:100%;margin:5px auto;\"><div class=\"lyMe hidef\" id=\"WYL_NSvOiC0sv_g\" itemprop=\"video\" itemscope itemtype=\"https:\/\/schema.org\/VideoObject\"><div><meta itemprop=\"thumbnailUrl\" content=\"https:\/\/www.ofg.uni-osnabrueck.de\/wp-content\/plugins\/wp-youtube-lyte\/lyteCache.php?origThumbUrl=https%3A%2F%2Fi.ytimg.com%2Fvi%2FNSvOiC0sv_g%2Fmaxresdefault.jpg\" \/><meta itemprop=\"embedURL\" content=\"https:\/\/www.youtube.com\/embed\/NSvOiC0sv_g\" \/><meta itemprop=\"duration\" content=\"PT15M47S\" \/><meta itemprop=\"uploadDate\" content=\"2016-06-01T12:51:07Z\" \/><\/div><div id=\"lyte_NSvOiC0sv_g\" data-src=\"https:\/\/www.ofg.uni-osnabrueck.de\/wp-content\/plugins\/wp-youtube-lyte\/lyteCache.php?origThumbUrl=https%3A%2F%2Fi.ytimg.com%2Fvi%2FNSvOiC0sv_g%2Fmaxresdefault.jpg\" class=\"pL\"><div class=\"tC\"><div class=\"tT\" itemprop=\"name\">Zwischen Schutzverantwortung und milit\u00e4rischer Zur\u00fcckhaltung \u2013 6: Publikumsdiskussion<\/div><\/div><div class=\"play\"><\/div><div class=\"ctrl\"><div class=\"Lctrl\"><\/div><div class=\"Rctrl\"><\/div><\/div><\/div><noscript><a href=\"https:\/\/youtu.be\/NSvOiC0sv_g\" rel=\"nofollow\"><img loading=\"lazy\" decoding=\"async\" src=\"https:\/\/www.ofg.uni-osnabrueck.de\/wp-content\/plugins\/wp-youtube-lyte\/lyteCache.php?origThumbUrl=https%3A%2F%2Fi.ytimg.com%2Fvi%2FNSvOiC0sv_g%2F0.jpg\" alt=\"Zwischen Schutzverantwortung und milit&auml;rischer Zur&uuml;ckhaltung &ndash; 6: Publikumsdiskussion\" width=\"853\" height=\"460\" \/><br \/>Watch this video on YouTube<\/a><\/noscript><meta itemprop=\"description\" content=\"Untertitel: Wie helfen wir den Opfern von Krieg und B\u00fcrgerkrieg? Statements und Diskussion mit Dr. Guido Westerwelle, Bundesau\u00dfenminister Prof. Dr. Christian Tomuschat, V\u00f6lkerrechtsexperte, Humboldt-Universit\u00e4t Berlin Gespr\u00e4chsleitung: Prof. Dr. Ulrich Schneckener, Universit\u00e4t Osnabr\u00fcck Mittwoch, 15. Mai 2013, 19 Uhr, Aula der Universit\u00e4t, Schloss -------------------------------------- 6: Publikumsdiskussion --------------------------------------\"><\/div><\/div><div class=\"lL\" style=\"max-width:100%;width:853px;margin:5px auto;\"><br\/><span class=\"lyte_disclaimer\">Bitte beachten Sie unsere Datenschutzerkl\u00e4rung. Wenn Sie das Video abspielen, werden Daten an YouTube gesendet.<\/span><\/div>\n\n\n\n<p><\/p>\n<\/div>\n<\/div>\n","protected":false},"excerpt":{"rendered":"<p>Podiumsdiskussion mit Dr. Guido Westerwelle und Prof. Dr. Christian Tomuschat<\/p>\n","protected":false},"author":6,"featured_media":9781,"comment_status":"closed","ping_status":"closed","sticky":false,"template":"","format":"standard","meta":{"footnotes":""},"categories":[18,8],"tags":[],"class_list":["post-9757","post","type-post","status-publish","format-standard","has-post-thumbnail","hentry","category-podiumsdiskussion","category-unkategorisiert","generate-columns","tablet-grid-50","mobile-grid-100","grid-parent","grid-50"],"wps_subtitle":"","_links":{"self":[{"href":"https:\/\/www.ofg.uni-osnabrueck.de\/en\/wp-json\/wp\/v2\/posts\/9757","targetHints":{"allow":["GET"]}}],"collection":[{"href":"https:\/\/www.ofg.uni-osnabrueck.de\/en\/wp-json\/wp\/v2\/posts"}],"about":[{"href":"https:\/\/www.ofg.uni-osnabrueck.de\/en\/wp-json\/wp\/v2\/types\/post"}],"author":[{"embeddable":true,"href":"https:\/\/www.ofg.uni-osnabrueck.de\/en\/wp-json\/wp\/v2\/users\/6"}],"replies":[{"embeddable":true,"href":"https:\/\/www.ofg.uni-osnabrueck.de\/en\/wp-json\/wp\/v2\/comments?post=9757"}],"version-history":[{"count":8,"href":"https:\/\/www.ofg.uni-osnabrueck.de\/en\/wp-json\/wp\/v2\/posts\/9757\/revisions"}],"predecessor-version":[{"id":13907,"href":"https:\/\/www.ofg.uni-osnabrueck.de\/en\/wp-json\/wp\/v2\/posts\/9757\/revisions\/13907"}],"wp:featuredmedia":[{"embeddable":true,"href":"https:\/\/www.ofg.uni-osnabrueck.de\/en\/wp-json\/wp\/v2\/media\/9781"}],"wp:attachment":[{"href":"https:\/\/www.ofg.uni-osnabrueck.de\/en\/wp-json\/wp\/v2\/media?parent=9757"}],"wp:term":[{"taxonomy":"category","embeddable":true,"href":"https:\/\/www.ofg.uni-osnabrueck.de\/en\/wp-json\/wp\/v2\/categories?post=9757"},{"taxonomy":"post_tag","embeddable":true,"href":"https:\/\/www.ofg.uni-osnabrueck.de\/en\/wp-json\/wp\/v2\/tags?post=9757"}],"curies":[{"name":"wp","href":"https:\/\/api.w.org\/{rel}","templated":true}]}}