{"id":9547,"date":"2014-05-11T19:30:00","date_gmt":"2014-05-11T17:30:00","guid":{"rendered":"https:\/\/www.ofg.uni-osnabrueck.de\/?p=9547"},"modified":"2024-01-12T10:02:32","modified_gmt":"2024-01-12T09:02:32","slug":"musiktheater-als-politische-buehne","status":"publish","type":"post","link":"https:\/\/www.ofg.uni-osnabrueck.de\/en\/musiktheater-als-politische-buehne\/","title":{"rendered":"Musiktheater als politische B\u00fchne?"},"content":{"rendered":"\n<p>Statements und Diskussion in Kooperation mit dem Theater Osnabr\u00fcck mit<\/p>\n\n\n\n<p><strong>Prof. Dr. Udo Bermbach<\/strong><br>Politikwissenschaftler und Publizist, Hamburg<\/p>\n\n\n\n<p><strong>Lothar Zagrosek<br><\/strong>Opern- und Konzertdirigent, Berlin<\/p>\n\n\n\n<p><strong>Prof. Klaus Zehelein<br><\/strong>Pr\u00e4sident des Deutschen B\u00fchnenvereins und der Bayerischen Theaterakademie August Everding, M\u00fcnchen<\/p>\n\n\n\n<p><strong>Gespr\u00e4chsleitung<\/strong><br>Liane von Billerbeck, Rundfunk- und Fernsehjournalistin<\/p>\n\n\n\n<hr class=\"wp-block-separator\"\/>\n\n\n\n<p>Seit ihrer Entstehung vor 400 Jahren wurde die Oper immer wieder auch als politische B\u00fchne genutzt. Entweder waren die Stoffe selbst bereits politisch aufgeladen, wie in Mozarts \u00bbFigaros Hochzeit\u00ab oder Beethovens \u00bbFidelio\u00ab, oder sie wurden zur politischen Botschaft erfunden, wie Verdis \u00bbNabucco\u00ab. Opern wurden auch politisch missbraucht wie z. B. Richard Wagners \u00bbMeistersinger von N\u00fcrnberg\u00ab. Schlie\u00dflich konnte eine Opernauff\u00fchrung eine Revolution ausl\u00f6sen, wie Aubers \u00bbStumme von Portici\u00ab 1830 in Br\u00fcssel. Und Opern konnten gegen Krieg und Diktatur die Stimme erheben, wie dies Hartmanns \u00bbSimplicissimus\u00ab oder Zimmermanns \u00bbSoldaten\u00ab taten. Die Geschichte der politischen Oper f\u00fcllt B\u00e4nde, in denen die Namen Henze, Nono, Reimann, Rihm und viele andere nicht fehlen d\u00fcrfen. Das Friedensgespr\u00e4ch diskutiert auch \u00fcber heutige M\u00f6glichkeiten, wie das Verderben jeglicher Art von Gewalt und die Sehnsucht der Menschen nach Frieden zu musikalischem Ausdruck gelangen k\u00f6nnen.<br><br><strong>Prof. Dr. Udo Bermbach<\/strong><br>Politikwissenschaftler und Publizist, Gr\u00fcnder und Mitherausgeber der Zeitschrift \u00bbwagnerspectrum\u00ab \u2013 Geb. 1938, Studium der Germanistik, Geschichte, Politischen Wissenschaft und des V\u00f6lkerrechts in Marburg und Heidelberg, 1966 dort Promotion zum Dr. phil. Von 1971 bis 2001 Professor  f\u00fcr Politische Wissenschaft an der Universit\u00e4t Hamburg mit dem Schwerpunkt Politische Theorie und Politische Ideengeschichte. Zuletzt erschien seine Monografie \u00bbMythos Wagner\u00ab (2013).<br><br><strong>Lothar Zagrosek<\/strong><br>Opern- und Konzertdirigent \u2013 Geb. 1942, S\u00e4ngersolist bei den Regensburger Domspatzen, Studium im Fach Dirigieren u. a. bei Herbert v. Karajan, Generalmusikdirektor in Solingen und Krefeld\/M\u00f6nchengladbach, Chefdirigent des \u00d6sterreichischen Radiosinfonieorchesters Wien, Directeur musicale der Grand Oper\u00e1 de Paris, Chief Guest Conductor des BBC Symphony Orchestra London; 1990 Generalmusikdirektor der Oper Leipzig, 1997 Generalmusikdirektor an der Staatsoper in Stuttgart, 2006 Chefdirigent und stellv. Intendant des Konzerthausorchesters Berlin, 2012 Wechsel an die Deutsche Oper Berlin.<br><br><strong>Prof. Klaus Zehelein<\/strong><br>Pr\u00e4sident der Bayerischen Theaterakademie August Everding seit 2006 und Pr\u00e4sident des Deutschen B\u00fchnenvereins seit 2003 \u2013 Geb. 1940, Studium der Germanistik, Musikwissenschaft und Philosophie, dann Dramaturg an den Theatern Kiel, Oldenburg und Frankfurt a. M., dort sp\u00e4ter Operndirektor.  Lehrt\u00e4tigkeiten als Dozent und Gastprofessor an der Universit\u00e4t Oldenburg, der State University of Minnesota, am Coll\u00e8ge International de Philosophie in Paris, an der Universit\u00e4t f\u00fcr angewandte Kunst in Wien; 1989 k\u00fcnstlerischer Direktor des Hamburger Thalia Theaters, von 1991 bis 2006 Opernintendant in Stuttgart.<\/p>\n\n\n\n<hr class=\"wp-block-separator\"\/>\n\n\n\n<p><strong>11. Mai 2014, 19.30 Uhr, Theater Osnabr\u00fcck<\/strong><\/p>\n\n\n\n<hr class=\"wp-block-separator\"\/>\n\n\n\n<div class=\"wp-block-columns is-layout-flex wp-container-core-columns-is-layout-9d6595d7 wp-block-columns-is-layout-flex\">\n<div class=\"wp-block-column is-layout-flow wp-block-column-is-layout-flow\">\n<h4 class=\"wp-block-heading\"><strong>Bildergalerie<\/strong><\/h4>\n\n\n\n<figure class=\"wp-block-gallery columns-0 is-cropped wp-block-gallery-1 is-layout-flex wp-block-gallery-is-layout-flex\"><ul class=\"blocks-gallery-grid\"><li class=\"blocks-gallery-item\"><figure><a href=\"https:\/\/www.ofg.uni-osnabrueck.de\/wp-content\/uploads\/2023\/05\/2-KlausZehelein_g.jpg\"><img loading=\"lazy\" decoding=\"async\" width=\"1024\" height=\"831\" src=\"https:\/\/www.ofg.uni-osnabrueck.de\/wp-content\/uploads\/2023\/05\/2-KlausZehelein_g-1024x831.jpg\" alt=\"\" data-id=\"9423\" data-full-url=\"https:\/\/www.ofg.uni-osnabrueck.de\/wp-content\/uploads\/2023\/05\/2-KlausZehelein_g.jpg\" data-link=\"https:\/\/www.ofg.uni-osnabrueck.de\/2-klauszehelein_g\/\" class=\"wp-image-9423\" srcset=\"https:\/\/www.ofg.uni-osnabrueck.de\/wp-content\/uploads\/2023\/05\/2-KlausZehelein_g-1024x831.jpg 1024w, https:\/\/www.ofg.uni-osnabrueck.de\/wp-content\/uploads\/2023\/05\/2-KlausZehelein_g-300x244.jpg 300w, https:\/\/www.ofg.uni-osnabrueck.de\/wp-content\/uploads\/2023\/05\/2-KlausZehelein_g-768x623.jpg 768w, https:\/\/www.ofg.uni-osnabrueck.de\/wp-content\/uploads\/2023\/05\/2-KlausZehelein_g.jpg 1200w\" sizes=\"auto, (max-width: 1024px) 100vw, 1024px\" \/><\/a><figcaption class=\"blocks-gallery-item__caption\">Klaus Zehelein, Pr\u00e4sident des Deutschen B\u00fchnenvereins\n\u00a9 Osnabr\u00fccker Friedensgespr\u00e4che | Uwe Lewandowski<\/figcaption><\/figure><\/li><li class=\"blocks-gallery-item\"><figure><a href=\"https:\/\/www.ofg.uni-osnabrueck.de\/wp-content\/uploads\/2023\/05\/2-LotharZagrosek-g.jpg\"><img loading=\"lazy\" decoding=\"async\" width=\"1024\" height=\"977\" src=\"https:\/\/www.ofg.uni-osnabrueck.de\/wp-content\/uploads\/2023\/05\/2-LotharZagrosek-g-1024x977.jpg\" alt=\"\" data-id=\"9428\" data-full-url=\"https:\/\/www.ofg.uni-osnabrueck.de\/wp-content\/uploads\/2023\/05\/2-LotharZagrosek-g.jpg\" data-link=\"https:\/\/www.ofg.uni-osnabrueck.de\/2-lotharzagrosek-g\/\" class=\"wp-image-9428\" srcset=\"https:\/\/www.ofg.uni-osnabrueck.de\/wp-content\/uploads\/2023\/05\/2-LotharZagrosek-g-1024x977.jpg 1024w, https:\/\/www.ofg.uni-osnabrueck.de\/wp-content\/uploads\/2023\/05\/2-LotharZagrosek-g-300x286.jpg 300w, https:\/\/www.ofg.uni-osnabrueck.de\/wp-content\/uploads\/2023\/05\/2-LotharZagrosek-g-768x733.jpg 768w, https:\/\/www.ofg.uni-osnabrueck.de\/wp-content\/uploads\/2023\/05\/2-LotharZagrosek-g.jpg 1200w\" sizes=\"auto, (max-width: 1024px) 100vw, 1024px\" \/><\/a><figcaption class=\"blocks-gallery-item__caption\">Lothar Zagrosek, Dirigent\n\u00a9 Osnabr\u00fccker Friedensgespr\u00e4che | Uwe Lewandowski<\/figcaption><\/figure><\/li><li class=\"blocks-gallery-item\"><figure><a href=\"https:\/\/www.ofg.uni-osnabrueck.de\/wp-content\/uploads\/2023\/05\/2-UdoBermbach_g.jpg\"><img loading=\"lazy\" decoding=\"async\" width=\"1024\" height=\"684\" src=\"https:\/\/www.ofg.uni-osnabrueck.de\/wp-content\/uploads\/2023\/05\/2-UdoBermbach_g-1024x684.jpg\" alt=\"\" data-id=\"9437\" data-full-url=\"https:\/\/www.ofg.uni-osnabrueck.de\/wp-content\/uploads\/2023\/05\/2-UdoBermbach_g.jpg\" data-link=\"https:\/\/www.ofg.uni-osnabrueck.de\/2-udobermbach_g\/\" class=\"wp-image-9437\" srcset=\"https:\/\/www.ofg.uni-osnabrueck.de\/wp-content\/uploads\/2023\/05\/2-UdoBermbach_g-1024x684.jpg 1024w, https:\/\/www.ofg.uni-osnabrueck.de\/wp-content\/uploads\/2023\/05\/2-UdoBermbach_g-300x200.jpg 300w, https:\/\/www.ofg.uni-osnabrueck.de\/wp-content\/uploads\/2023\/05\/2-UdoBermbach_g-768x513.jpg 768w, https:\/\/www.ofg.uni-osnabrueck.de\/wp-content\/uploads\/2023\/05\/2-UdoBermbach_g.jpg 1200w\" sizes=\"auto, (max-width: 1024px) 100vw, 1024px\" \/><\/a><figcaption class=\"blocks-gallery-item__caption\">Wagner-Experte und Politikwissenschaftler Udo Bermbach \n\u00a9 Osnabr\u00fccker Friedensgespr\u00e4che | Uwe Lewandowski<\/figcaption><\/figure><\/li><li class=\"blocks-gallery-item\"><figure><a href=\"https:\/\/www.ofg.uni-osnabrueck.de\/wp-content\/uploads\/2023\/05\/2-LianeVonBillerbeck_g.jpg\"><img loading=\"lazy\" decoding=\"async\" width=\"1024\" height=\"753\" src=\"https:\/\/www.ofg.uni-osnabrueck.de\/wp-content\/uploads\/2023\/05\/2-LianeVonBillerbeck_g-1024x753.jpg\" alt=\"\" data-id=\"9432\" data-full-url=\"https:\/\/www.ofg.uni-osnabrueck.de\/wp-content\/uploads\/2023\/05\/2-LianeVonBillerbeck_g.jpg\" data-link=\"https:\/\/www.ofg.uni-osnabrueck.de\/2-lianevonbillerbeck_g\/\" class=\"wp-image-9432\" srcset=\"https:\/\/www.ofg.uni-osnabrueck.de\/wp-content\/uploads\/2023\/05\/2-LianeVonBillerbeck_g-1024x753.jpg 1024w, https:\/\/www.ofg.uni-osnabrueck.de\/wp-content\/uploads\/2023\/05\/2-LianeVonBillerbeck_g-300x221.jpg 300w, https:\/\/www.ofg.uni-osnabrueck.de\/wp-content\/uploads\/2023\/05\/2-LianeVonBillerbeck_g-768x564.jpg 768w, https:\/\/www.ofg.uni-osnabrueck.de\/wp-content\/uploads\/2023\/05\/2-LianeVonBillerbeck_g.jpg 1200w\" sizes=\"auto, (max-width: 1024px) 100vw, 1024px\" \/><\/a><figcaption class=\"blocks-gallery-item__caption\">Liane von Billerbeck, Moderatorin des Abends\n\u00a9 Osnabr\u00fccker Friedensgespr\u00e4che | Uwe Lewandowski<\/figcaption><\/figure><\/li><li class=\"blocks-gallery-item\"><figure><a href=\"https:\/\/www.ofg.uni-osnabrueck.de\/wp-content\/uploads\/2023\/05\/2-WaldschmidtPodium_g.jpg\"><img loading=\"lazy\" decoding=\"async\" width=\"1024\" height=\"578\" src=\"https:\/\/www.ofg.uni-osnabrueck.de\/wp-content\/uploads\/2023\/05\/2-WaldschmidtPodium_g-1024x578.jpg\" alt=\"\" data-id=\"9441\" data-full-url=\"https:\/\/www.ofg.uni-osnabrueck.de\/wp-content\/uploads\/2023\/05\/2-WaldschmidtPodium_g.jpg\" data-link=\"https:\/\/www.ofg.uni-osnabrueck.de\/2-waldschmidtpodium_g\/\" class=\"wp-image-9441\" srcset=\"https:\/\/www.ofg.uni-osnabrueck.de\/wp-content\/uploads\/2023\/05\/2-WaldschmidtPodium_g-1024x578.jpg 1024w, https:\/\/www.ofg.uni-osnabrueck.de\/wp-content\/uploads\/2023\/05\/2-WaldschmidtPodium_g-300x169.jpg 300w, https:\/\/www.ofg.uni-osnabrueck.de\/wp-content\/uploads\/2023\/05\/2-WaldschmidtPodium_g-768x434.jpg 768w, https:\/\/www.ofg.uni-osnabrueck.de\/wp-content\/uploads\/2023\/05\/2-WaldschmidtPodium_g.jpg 1500w\" sizes=\"auto, (max-width: 1024px) 100vw, 1024px\" \/><\/a><figcaption class=\"blocks-gallery-item__caption\">Intendant Dr. Ralf Waldschmidt begr\u00fc\u00dft Podiumsg\u00e4ste und Zuh\u00f6rer\n\u00a9 Osnabr\u00fccker Friedensgespr\u00e4che | Uwe Lewandowski<\/figcaption><\/figure><\/li><li class=\"blocks-gallery-item\"><figure><a href=\"https:\/\/www.ofg.uni-osnabrueck.de\/wp-content\/uploads\/2023\/05\/2-Podium_g.jpg\"><img loading=\"lazy\" decoding=\"async\" width=\"753\" height=\"1024\" src=\"https:\/\/www.ofg.uni-osnabrueck.de\/wp-content\/uploads\/2023\/05\/2-Podium_g-753x1024.jpg\" alt=\"\" data-id=\"9445\" data-full-url=\"https:\/\/www.ofg.uni-osnabrueck.de\/wp-content\/uploads\/2023\/05\/2-Podium_g.jpg\" data-link=\"https:\/\/www.ofg.uni-osnabrueck.de\/2-podium_g\/\" class=\"wp-image-9445\" srcset=\"https:\/\/www.ofg.uni-osnabrueck.de\/wp-content\/uploads\/2023\/05\/2-Podium_g-753x1024.jpg 753w, https:\/\/www.ofg.uni-osnabrueck.de\/wp-content\/uploads\/2023\/05\/2-Podium_g-221x300.jpg 221w, https:\/\/www.ofg.uni-osnabrueck.de\/wp-content\/uploads\/2023\/05\/2-Podium_g-768x1045.jpg 768w, https:\/\/www.ofg.uni-osnabrueck.de\/wp-content\/uploads\/2023\/05\/2-Podium_g-1129x1536.jpg 1129w, https:\/\/www.ofg.uni-osnabrueck.de\/wp-content\/uploads\/2023\/05\/2-Podium_g.jpg 1210w\" sizes=\"auto, (max-width: 753px) 100vw, 753px\" \/><\/a><figcaption class=\"blocks-gallery-item__caption\">Liane von Billerbeck, Klaus Zehelein, Udo Bermbach, Lothar Zagrosek\n\u00a9 Osnabr\u00fccker Friedensgespr\u00e4che | Uwe Lewandowski<\/figcaption><\/figure><\/li><\/ul><\/figure>\n\n\n\n<p class=\"has-small-font-size\">\u00a9 Osnabr\u00fccker Friedensgespr\u00e4che | Uwe Lewandowski<\/p>\n<\/div>\n\n\n\n<div class=\"wp-block-column is-layout-flow wp-block-column-is-layout-flow\">\n<h4 class=\"wp-block-heading\"><strong>Videos<\/strong><\/h4>\n\n\n\n<div class=\"lyte-wrapper\" title=\"Musiktheater als politische B&uuml;hne? - 1: Begr&uuml;&szlig;ungen\" style=\"width:853px;max-width:100%;margin:5px auto;\"><div class=\"lyMe hidef\" id=\"WYL_0b2h-lZyans\" itemprop=\"video\" itemscope itemtype=\"https:\/\/schema.org\/VideoObject\"><div><meta itemprop=\"thumbnailUrl\" content=\"https:\/\/www.ofg.uni-osnabrueck.de\/wp-content\/plugins\/wp-youtube-lyte\/lyteCache.php?origThumbUrl=https%3A%2F%2Fi.ytimg.com%2Fvi%2F0b2h-lZyans%2Fmaxresdefault.jpg\" \/><meta itemprop=\"embedURL\" content=\"https:\/\/www.youtube.com\/embed\/0b2h-lZyans\" \/><meta itemprop=\"duration\" content=\"PT29M36S\" \/><meta itemprop=\"uploadDate\" content=\"2014-07-03T12:45:29Z\" \/><\/div><div id=\"lyte_0b2h-lZyans\" data-src=\"https:\/\/www.ofg.uni-osnabrueck.de\/wp-content\/plugins\/wp-youtube-lyte\/lyteCache.php?origThumbUrl=https%3A%2F%2Fi.ytimg.com%2Fvi%2F0b2h-lZyans%2Fmaxresdefault.jpg\" class=\"pL\"><div class=\"tC\"><div class=\"tT\" itemprop=\"name\">Musiktheater als politische B\u00fchne? - 1: Begr\u00fc\u00dfungen<\/div><\/div><div class=\"play\"><\/div><div class=\"ctrl\"><div class=\"Lctrl\"><\/div><div class=\"Rctrl\"><\/div><\/div><\/div><noscript><a href=\"https:\/\/youtu.be\/0b2h-lZyans\" rel=\"nofollow\"><img loading=\"lazy\" decoding=\"async\" src=\"https:\/\/www.ofg.uni-osnabrueck.de\/wp-content\/plugins\/wp-youtube-lyte\/lyteCache.php?origThumbUrl=https%3A%2F%2Fi.ytimg.com%2Fvi%2F0b2h-lZyans%2F0.jpg\" alt=\"Musiktheater als politische B&uuml;hne? - 1: Begr&uuml;&szlig;ungen\" width=\"853\" height=\"460\" \/><br \/>Watch this video on YouTube<\/a><\/noscript><meta itemprop=\"description\" content=\"Statements und Diskussion in Kooperation mit dem Theater Osnabr\u00fcck mit - Prof. Dr. Udo Bermbach, Politikwissenschaftler und Publizist, Hamburg - Lothar Zagrosek, Opern- und Konzertdirigent, Berlin - Prof. Klaus Zehelein, Pr\u00e4sident des Deutschen B\u00fchnenvereins und der Bayerischen Theaterakademie August Everding, M\u00fcnchen Gespr\u00e4chsleitung: Liane von Billerbeck, Rundfunk- und Fernsehjournalistin Sonntag, 11. Mai 2014, 19.30 Uhr, Theater Osnabr\u00fcck ---------------------------- 1. Teil: Begr\u00fc\u00dfung: Dr. Ralf Waldschmidt, Intendant Theater Osnabr\u00fcck Gru\u00dfwort: Karin Jabs-Kiesler, B\u00fcrgermeisterin ---------------------------- Home: http:\/\/www.ofg.uni-osnabrueck.de\/ofg_2014\/gespraech_2014_2.htm\"><\/div><\/div><div class=\"lL\" style=\"max-width:100%;width:853px;margin:5px auto;\"><br\/><span class=\"lyte_disclaimer\">Bitte beachten Sie unsere Datenschutzerkl\u00e4rung. Wenn Sie das Video abspielen, werden Daten an YouTube gesendet.<\/span><\/div>\n<div class=\"lyte-wrapper\" title=\"Musiktheater als politische B&uuml;hne? - 2: Statement Udo Bermbach\" style=\"width:853px;max-width:100%;margin:5px auto;\"><div class=\"lyMe hidef\" id=\"WYL_M-MRD8sm66I\" itemprop=\"video\" itemscope itemtype=\"https:\/\/schema.org\/VideoObject\"><div><meta itemprop=\"thumbnailUrl\" content=\"https:\/\/www.ofg.uni-osnabrueck.de\/wp-content\/plugins\/wp-youtube-lyte\/lyteCache.php?origThumbUrl=https%3A%2F%2Fi.ytimg.com%2Fvi%2FM-MRD8sm66I%2Fmaxresdefault.jpg\" \/><meta itemprop=\"embedURL\" content=\"https:\/\/www.youtube.com\/embed\/M-MRD8sm66I\" \/><meta itemprop=\"duration\" content=\"PT17M12S\" \/><meta itemprop=\"uploadDate\" content=\"2014-07-03T12:32:02Z\" \/><\/div><div id=\"lyte_M-MRD8sm66I\" data-src=\"https:\/\/www.ofg.uni-osnabrueck.de\/wp-content\/plugins\/wp-youtube-lyte\/lyteCache.php?origThumbUrl=https%3A%2F%2Fi.ytimg.com%2Fvi%2FM-MRD8sm66I%2Fmaxresdefault.jpg\" class=\"pL\"><div class=\"tC\"><div class=\"tT\" itemprop=\"name\">Musiktheater als politische B\u00fchne? - 2: Statement Udo Bermbach<\/div><\/div><div class=\"play\"><\/div><div class=\"ctrl\"><div class=\"Lctrl\"><\/div><div class=\"Rctrl\"><\/div><\/div><\/div><noscript><a href=\"https:\/\/youtu.be\/M-MRD8sm66I\" rel=\"nofollow\"><img loading=\"lazy\" decoding=\"async\" src=\"https:\/\/www.ofg.uni-osnabrueck.de\/wp-content\/plugins\/wp-youtube-lyte\/lyteCache.php?origThumbUrl=https%3A%2F%2Fi.ytimg.com%2Fvi%2FM-MRD8sm66I%2F0.jpg\" alt=\"Musiktheater als politische B&uuml;hne? - 2: Statement Udo Bermbach\" width=\"853\" height=\"460\" \/><br \/>Watch this video on YouTube<\/a><\/noscript><meta itemprop=\"description\" content=\"Statements und Diskussion in Kooperation mit dem Theater Osnabr\u00fcck mit - Prof. Dr. Udo Bermbach, Politikwissenschaftler und Publizist, Hamburg - Lothar Zagrosek, Opern- und Konzertdirigent, Berlin - Prof. Klaus Zehelein, Pr\u00e4sident des Deutschen B\u00fchnenvereins und der Bayerischen Theaterakademie August Everding, M\u00fcnchen Gespr\u00e4chsleitung: Liane von Billerbeck, Rundfunk- und Fernsehjournalistin Sonntag, 11. Mai 2014, 19.30 Uhr, Theater Osnabr\u00fcck ---------------------------- 2. Teil: Statement Udo Bermbach ---------------------------- Home: http:\/\/www.ofg.uni-osnabrueck.de\/ofg_2014\/gespraech_2014_2.htm\"><\/div><\/div><div class=\"lL\" style=\"max-width:100%;width:853px;margin:5px auto;\"><br\/><span class=\"lyte_disclaimer\">Bitte beachten Sie unsere Datenschutzerkl\u00e4rung. Wenn Sie das Video abspielen, werden Daten an YouTube gesendet.<\/span><\/div>\n<div class=\"lyte-wrapper\" title=\"Musiktheater als politische B&uuml;hne? - 3: Statement Klaus Zehelein\" style=\"width:853px;max-width:100%;margin:5px auto;\"><div class=\"lyMe hidef\" id=\"WYL_Yzcu9g_FXTk\" itemprop=\"video\" itemscope itemtype=\"https:\/\/schema.org\/VideoObject\"><div><meta itemprop=\"thumbnailUrl\" content=\"https:\/\/www.ofg.uni-osnabrueck.de\/wp-content\/plugins\/wp-youtube-lyte\/lyteCache.php?origThumbUrl=https%3A%2F%2Fi.ytimg.com%2Fvi%2FYzcu9g_FXTk%2Fmaxresdefault.jpg\" \/><meta itemprop=\"embedURL\" content=\"https:\/\/www.youtube.com\/embed\/Yzcu9g_FXTk\" \/><meta itemprop=\"duration\" content=\"PT14M56S\" \/><meta itemprop=\"uploadDate\" content=\"2014-07-03T12:29:31Z\" \/><\/div><div id=\"lyte_Yzcu9g_FXTk\" data-src=\"https:\/\/www.ofg.uni-osnabrueck.de\/wp-content\/plugins\/wp-youtube-lyte\/lyteCache.php?origThumbUrl=https%3A%2F%2Fi.ytimg.com%2Fvi%2FYzcu9g_FXTk%2Fmaxresdefault.jpg\" class=\"pL\"><div class=\"tC\"><div class=\"tT\" itemprop=\"name\">Musiktheater als politische B\u00fchne? - 3: Statement Klaus Zehelein<\/div><\/div><div class=\"play\"><\/div><div class=\"ctrl\"><div class=\"Lctrl\"><\/div><div class=\"Rctrl\"><\/div><\/div><\/div><noscript><a href=\"https:\/\/youtu.be\/Yzcu9g_FXTk\" rel=\"nofollow\"><img loading=\"lazy\" decoding=\"async\" src=\"https:\/\/www.ofg.uni-osnabrueck.de\/wp-content\/plugins\/wp-youtube-lyte\/lyteCache.php?origThumbUrl=https%3A%2F%2Fi.ytimg.com%2Fvi%2FYzcu9g_FXTk%2F0.jpg\" alt=\"Musiktheater als politische B&uuml;hne? - 3: Statement Klaus Zehelein\" width=\"853\" height=\"460\" \/><br \/>Watch this video on YouTube<\/a><\/noscript><meta itemprop=\"description\" content=\"Statements und Diskussion in Kooperation mit dem Theater Osnabr\u00fcck mit - Prof. Dr. Udo Bermbach, Politikwissenschaftler und Publizist, Hamburg - Lothar Zagrosek, Opern- und Konzertdirigent, Berlin - Prof. Klaus Zehelein, Pr\u00e4sident des Deutschen B\u00fchnenvereins und der Bayerischen Theaterakademie August Everding, M\u00fcnchen Gespr\u00e4chsleitung: Liane von Billerbeck, Rundfunk- und Fernsehjournalistin Sonntag, 11. Mai 2014, 19.30 Uhr, Theater Osnabr\u00fcck ---------------------------- 3. Teil: Statement Klaus Zehelein ---------------------------- Home: http:\/\/www.ofg.uni-osnabrueck.de\/ofg_2014\/gespraech_2014_2.htm\"><\/div><\/div><div class=\"lL\" style=\"max-width:100%;width:853px;margin:5px auto;\"><br\/><span class=\"lyte_disclaimer\">Bitte beachten Sie unsere Datenschutzerkl\u00e4rung. Wenn Sie das Video abspielen, werden Daten an YouTube gesendet.<\/span><\/div>\n<div class=\"lyte-wrapper\" title=\"Musiktheater als politische B&uuml;hne? - 4: Podiumsdiskussion, Teil 1\" style=\"width:853px;max-width:100%;margin:5px auto;\"><div class=\"lyMe hidef\" id=\"WYL_yXZHEQIpbSg\" itemprop=\"video\" itemscope itemtype=\"https:\/\/schema.org\/VideoObject\"><div><meta itemprop=\"thumbnailUrl\" content=\"https:\/\/www.ofg.uni-osnabrueck.de\/wp-content\/plugins\/wp-youtube-lyte\/lyteCache.php?origThumbUrl=https%3A%2F%2Fi.ytimg.com%2Fvi%2FyXZHEQIpbSg%2Fmaxresdefault.jpg\" \/><meta itemprop=\"embedURL\" content=\"https:\/\/www.youtube.com\/embed\/yXZHEQIpbSg\" \/><meta itemprop=\"duration\" content=\"PT20M10S\" \/><meta itemprop=\"uploadDate\" content=\"2014-07-03T12:26:41Z\" \/><\/div><div id=\"lyte_yXZHEQIpbSg\" data-src=\"https:\/\/www.ofg.uni-osnabrueck.de\/wp-content\/plugins\/wp-youtube-lyte\/lyteCache.php?origThumbUrl=https%3A%2F%2Fi.ytimg.com%2Fvi%2FyXZHEQIpbSg%2Fmaxresdefault.jpg\" class=\"pL\"><div class=\"tC\"><div class=\"tT\" itemprop=\"name\">Musiktheater als politische B\u00fchne? - 4: Podiumsdiskussion, Teil 1<\/div><\/div><div class=\"play\"><\/div><div class=\"ctrl\"><div class=\"Lctrl\"><\/div><div class=\"Rctrl\"><\/div><\/div><\/div><noscript><a href=\"https:\/\/youtu.be\/yXZHEQIpbSg\" rel=\"nofollow\"><img loading=\"lazy\" decoding=\"async\" src=\"https:\/\/www.ofg.uni-osnabrueck.de\/wp-content\/plugins\/wp-youtube-lyte\/lyteCache.php?origThumbUrl=https%3A%2F%2Fi.ytimg.com%2Fvi%2FyXZHEQIpbSg%2F0.jpg\" alt=\"Musiktheater als politische B&uuml;hne? - 4: Podiumsdiskussion, Teil 1\" width=\"853\" height=\"460\" \/><br \/>Watch this video on YouTube<\/a><\/noscript><meta itemprop=\"description\" content=\"Statements und Diskussion in Kooperation mit dem Theater Osnabr\u00fcck mit - Prof. Dr. Udo Bermbach, Politikwissenschaftler und Publizist, Hamburg - Lothar Zagrosek, Opern- und Konzertdirigent, Berlin - Prof. Klaus Zehelein, Pr\u00e4sident des Deutschen B\u00fchnenvereins und der Bayerischen Theaterakademie August Everding, M\u00fcnchen Gespr\u00e4chsleitung: Liane von Billerbeck, Rundfunk- und Fernsehjournalistin Sonntag, 11. Mai 2014, 19.30 Uhr, Theater Osnabr\u00fcck ---------------------------- 4. Teil: Podiumsdiskussion, Teil 1 ---------------------------- Home: http:\/\/www.ofg.uni-osnabrueck.de\/ofg_2014\/gespraech_2014_2.htm\"><\/div><\/div><div class=\"lL\" style=\"max-width:100%;width:853px;margin:5px auto;\"><br\/><span class=\"lyte_disclaimer\">Bitte beachten Sie unsere Datenschutzerkl\u00e4rung. Wenn Sie das Video abspielen, werden Daten an YouTube gesendet.<\/span><\/div>\n<div class=\"lyte-wrapper\" title=\"Musiktheater als politische B&uuml;hne? - 5: Podiumsdiskussion, Teil 2\" style=\"width:853px;max-width:100%;margin:5px auto;\"><div class=\"lyMe hidef\" id=\"WYL_Ew7gYx0BqWU\" itemprop=\"video\" itemscope itemtype=\"https:\/\/schema.org\/VideoObject\"><div><meta itemprop=\"thumbnailUrl\" content=\"https:\/\/www.ofg.uni-osnabrueck.de\/wp-content\/plugins\/wp-youtube-lyte\/lyteCache.php?origThumbUrl=https%3A%2F%2Fi.ytimg.com%2Fvi%2FEw7gYx0BqWU%2Fmaxresdefault.jpg\" \/><meta itemprop=\"embedURL\" content=\"https:\/\/www.youtube.com\/embed\/Ew7gYx0BqWU\" \/><meta itemprop=\"duration\" content=\"PT18M3S\" \/><meta itemprop=\"uploadDate\" content=\"2014-07-03T12:21:31Z\" \/><\/div><div id=\"lyte_Ew7gYx0BqWU\" data-src=\"https:\/\/www.ofg.uni-osnabrueck.de\/wp-content\/plugins\/wp-youtube-lyte\/lyteCache.php?origThumbUrl=https%3A%2F%2Fi.ytimg.com%2Fvi%2FEw7gYx0BqWU%2Fmaxresdefault.jpg\" class=\"pL\"><div class=\"tC\"><div class=\"tT\" itemprop=\"name\">Musiktheater als politische B\u00fchne? - 5: Podiumsdiskussion, Teil 2<\/div><\/div><div class=\"play\"><\/div><div class=\"ctrl\"><div class=\"Lctrl\"><\/div><div class=\"Rctrl\"><\/div><\/div><\/div><noscript><a href=\"https:\/\/youtu.be\/Ew7gYx0BqWU\" rel=\"nofollow\"><img loading=\"lazy\" decoding=\"async\" src=\"https:\/\/www.ofg.uni-osnabrueck.de\/wp-content\/plugins\/wp-youtube-lyte\/lyteCache.php?origThumbUrl=https%3A%2F%2Fi.ytimg.com%2Fvi%2FEw7gYx0BqWU%2F0.jpg\" alt=\"Musiktheater als politische B&uuml;hne? - 5: Podiumsdiskussion, Teil 2\" width=\"853\" height=\"460\" \/><br \/>Watch this video on YouTube<\/a><\/noscript><meta itemprop=\"description\" content=\"Statements und Diskussion in Kooperation mit dem Theater Osnabr\u00fcck mit - Prof. Dr. Udo Bermbach, Politikwissenschaftler und Publizist, Hamburg - Lothar Zagrosek, Opern- und Konzertdirigent, Berlin - Prof. Klaus Zehelein, Pr\u00e4sident des Deutschen B\u00fchnenvereins und der Bayerischen Theaterakademie August Everding, M\u00fcnchen Gespr\u00e4chsleitung: Liane von Billerbeck, Rundfunk- und Fernsehjournalistin Sonntag, 11. Mai 2014, 19.30 Uhr, Theater Osnabr\u00fcck ---------------------------- 5. Teil: Podiumsdiskussion, Teil 2 ---------------------------- Home: http:\/\/www.ofg.uni-osnabrueck.de\/ofg_2014\/gespraech_2014_2.htm\"><\/div><\/div><div class=\"lL\" style=\"max-width:100%;width:853px;margin:5px auto;\"><br\/><span class=\"lyte_disclaimer\">Bitte beachten Sie unsere Datenschutzerkl\u00e4rung. Wenn Sie das Video abspielen, werden Daten an YouTube gesendet.<\/span><\/div>\n<div class=\"lyte-wrapper\" title=\"Musiktheater als politische B&uuml;hne? - 6: Publikumsdiskussion\" style=\"width:853px;max-width:100%;margin:5px auto;\"><div class=\"lyMe hidef\" id=\"WYL_PwjLUAX84RA\" itemprop=\"video\" itemscope itemtype=\"https:\/\/schema.org\/VideoObject\"><div><meta itemprop=\"thumbnailUrl\" content=\"https:\/\/www.ofg.uni-osnabrueck.de\/wp-content\/plugins\/wp-youtube-lyte\/lyteCache.php?origThumbUrl=https%3A%2F%2Fi.ytimg.com%2Fvi%2FPwjLUAX84RA%2Fmaxresdefault.jpg\" \/><meta itemprop=\"embedURL\" content=\"https:\/\/www.youtube.com\/embed\/PwjLUAX84RA\" \/><meta itemprop=\"duration\" content=\"PT33M9S\" \/><meta itemprop=\"uploadDate\" content=\"2014-07-03T11:03:14Z\" \/><\/div><div id=\"lyte_PwjLUAX84RA\" data-src=\"https:\/\/www.ofg.uni-osnabrueck.de\/wp-content\/plugins\/wp-youtube-lyte\/lyteCache.php?origThumbUrl=https%3A%2F%2Fi.ytimg.com%2Fvi%2FPwjLUAX84RA%2Fmaxresdefault.jpg\" class=\"pL\"><div class=\"tC\"><div class=\"tT\" itemprop=\"name\">Musiktheater als politische B\u00fchne? - 6: Publikumsdiskussion<\/div><\/div><div class=\"play\"><\/div><div class=\"ctrl\"><div class=\"Lctrl\"><\/div><div class=\"Rctrl\"><\/div><\/div><\/div><noscript><a href=\"https:\/\/youtu.be\/PwjLUAX84RA\" rel=\"nofollow\"><img loading=\"lazy\" decoding=\"async\" src=\"https:\/\/www.ofg.uni-osnabrueck.de\/wp-content\/plugins\/wp-youtube-lyte\/lyteCache.php?origThumbUrl=https%3A%2F%2Fi.ytimg.com%2Fvi%2FPwjLUAX84RA%2F0.jpg\" alt=\"Musiktheater als politische B&uuml;hne? - 6: Publikumsdiskussion\" width=\"853\" height=\"460\" \/><br \/>Watch this video on YouTube<\/a><\/noscript><meta itemprop=\"description\" content=\"Statements und Diskussion in Kooperation mit dem Theater Osnabr\u00fcck mit - Prof. Dr. Udo Bermbach, Politikwissenschaftler und Publizist, Hamburg - Lothar Zagrosek, Opern- und Konzertdirigent, Berlin - Prof. Klaus Zehelein, Pr\u00e4sident des Deutschen B\u00fchnenvereins und der Bayerischen Theaterakademie August Everding, M\u00fcnchen Gespr\u00e4chsleitung: Liane von Billerbeck, Rundfunk- und Fernsehjournalistin Sonntag, 11. Mai 2014, 19.30 Uhr, Theater Osnabr\u00fcck ---------------------------- 6. Teil: Publikumsdiskussion ---------------------------- Home: http:\/\/www.ofg.uni-osnabrueck.de\/ofg_2014\/gespraech_2014_2.htm\"><\/div><\/div><div class=\"lL\" style=\"max-width:100%;width:853px;margin:5px auto;\"><br\/><span class=\"lyte_disclaimer\">Bitte beachten Sie unsere Datenschutzerkl\u00e4rung. Wenn Sie das Video abspielen, werden Daten an YouTube gesendet.<\/span><\/div>\n\n\n\n<p><\/p>\n<\/div>\n<\/div>\n","protected":false},"excerpt":{"rendered":"<p>Podiumsdiskussion in Kooperation mit dem Theater Osnabr\u00fcck mit Prof. Dr. Udo Bermbach, Lothar Zagrosek und Prof. Klaus Zehelein<\/p>\n","protected":false},"author":6,"featured_media":9445,"comment_status":"closed","ping_status":"closed","sticky":false,"template":"","format":"standard","meta":{"footnotes":""},"categories":[18,8],"tags":[],"class_list":["post-9547","post","type-post","status-publish","format-standard","has-post-thumbnail","hentry","category-podiumsdiskussion","category-unkategorisiert","generate-columns","tablet-grid-50","mobile-grid-100","grid-parent","grid-50"],"wps_subtitle":"","_links":{"self":[{"href":"https:\/\/www.ofg.uni-osnabrueck.de\/en\/wp-json\/wp\/v2\/posts\/9547","targetHints":{"allow":["GET"]}}],"collection":[{"href":"https:\/\/www.ofg.uni-osnabrueck.de\/en\/wp-json\/wp\/v2\/posts"}],"about":[{"href":"https:\/\/www.ofg.uni-osnabrueck.de\/en\/wp-json\/wp\/v2\/types\/post"}],"author":[{"embeddable":true,"href":"https:\/\/www.ofg.uni-osnabrueck.de\/en\/wp-json\/wp\/v2\/users\/6"}],"replies":[{"embeddable":true,"href":"https:\/\/www.ofg.uni-osnabrueck.de\/en\/wp-json\/wp\/v2\/comments?post=9547"}],"version-history":[{"count":10,"href":"https:\/\/www.ofg.uni-osnabrueck.de\/en\/wp-json\/wp\/v2\/posts\/9547\/revisions"}],"predecessor-version":[{"id":12819,"href":"https:\/\/www.ofg.uni-osnabrueck.de\/en\/wp-json\/wp\/v2\/posts\/9547\/revisions\/12819"}],"wp:featuredmedia":[{"embeddable":true,"href":"https:\/\/www.ofg.uni-osnabrueck.de\/en\/wp-json\/wp\/v2\/media\/9445"}],"wp:attachment":[{"href":"https:\/\/www.ofg.uni-osnabrueck.de\/en\/wp-json\/wp\/v2\/media?parent=9547"}],"wp:term":[{"taxonomy":"category","embeddable":true,"href":"https:\/\/www.ofg.uni-osnabrueck.de\/en\/wp-json\/wp\/v2\/categories?post=9547"},{"taxonomy":"post_tag","embeddable":true,"href":"https:\/\/www.ofg.uni-osnabrueck.de\/en\/wp-json\/wp\/v2\/tags?post=9547"}],"curies":[{"name":"wp","href":"https:\/\/api.w.org\/{rel}","templated":true}]}}