{"id":9310,"date":"2000-10-03T11:00:00","date_gmt":"2000-10-03T09:00:00","guid":{"rendered":"https:\/\/www.ofg.uni-osnabrueck.de\/?p=9310"},"modified":"2023-05-11T12:32:58","modified_gmt":"2023-05-11T10:32:58","slug":"europa-sieht-deutschland-2000","status":"publish","type":"post","link":"https:\/\/www.ofg.uni-osnabrueck.de\/en\/europa-sieht-deutschland-2000\/","title":{"rendered":"Europa sieht Deutschland 2000"},"content":{"rendered":"\n<h3 class=\"wp-block-heading\">Festvortrag zum Tag der Deutschen Einheit<br>mit<\/h3>\n\n\n\n<p><strong>Prof. Dr. Friso Wielenga<br><\/strong>Historiker und Publizist, Leiter des Zentrums f\u00fcr Niederlande-Studien der Universit\u00e4t M\u00fcnster<\/p>\n\n\n\n<p><strong>Gespr\u00e4chsleitung<\/strong><br><strong>Prof. Dr. Ralf Kleinfeld, Universit\u00e4t Osnabr\u00fcck<\/strong><\/p>\n\n\n\n<hr class=\"wp-block-separator\"\/>\n\n\n\n<p>\u00bbBis heute gelten die deutsch-niederl\u00e4ndischen Beziehungen in politisch-psychologischer Hinsicht als \u203am\u00fchsam\u2039, \u203aproblematisch\u2039 und \u203aschwierig\u2039. Deutsche Botschafter, die sich auf den Wechsel nach Den Haag vorbereiten, lesen in ihren Instruktionen regelm\u00e4\u00dfig \u00fcber die tiefen Wunden, die die Jahre 1940 bis &#8217;45 in den Niederlanden hinterlassen haben und \u00fcber die Notwendigkeit, im Umgang mit den Niederl\u00e4ndern taktvoll und geduldig zu sein. Und tats\u00e4chlich kostet es wenig M\u00fche, eine lange Liste der Spannungen und Zwischenf\u00e4lle aufzustellen, die auf eine belastete psychologische Beziehung seit Kriegsende hindeuten &#8230;\u00ab<\/p>\n\n\n\n<p><strong>Prof. Dr. Friso Wielenga<\/strong><br>Geboren 1956, studierte er Geschichte in Amsterdam und Bonn, promovierte 1989 und lehrt seit 1990 Internationale Beziehungen, politische Geschichte und deutsche Zeitgeschichte an den Universit\u00e4ten Groningen und Utrecht. Seit 1999 ist Wielenga auch Direktor des Zentrums f\u00fcr Niederlande-Studien an der Universit\u00e4t M\u00fcnster. Friso Wielenga hat in zahlreichen wissenschaftlichen und journalistischen Ver\u00f6ffentlichungen die Entwicklungen des das niederl\u00e4ndisch-deutschen Verh\u00e4ltnisses thematisiert. Er ist u.a. beratend t\u00e4tig f\u00fcr das niederl\u00e4ndische Au\u00dfenministerium. Im Fr\u00fchjahr diesen Jahres erschien sein Buch \u00bbVom Feind zum Partner. Die Niederlande und Deutschland seit 1945\u00ab.<\/p>\n\n\n\n<p> 3. Oktober 2000, 11 Uhr, Rathaus<\/p>\n\n\n\n<hr class=\"wp-block-separator\"\/>\n\n\n\n<div class=\"wp-block-columns is-layout-flex wp-container-core-columns-is-layout-9d6595d7 wp-block-columns-is-layout-flex\">\n<div class=\"wp-block-column is-layout-flow wp-block-column-is-layout-flow\">\n<figure class=\"wp-block-gallery columns-0 is-cropped wp-block-gallery-1 is-layout-flex wp-block-gallery-is-layout-flex\"><ul class=\"blocks-gallery-grid\"><\/ul><\/figure>\n\n\n\n<p class=\"has-small-font-size\"><\/p>\n<\/div>\n\n\n\n<div class=\"wp-block-column is-layout-flow wp-block-column-is-layout-flow\">\n<h4 class=\"wp-block-heading\"><\/h4>\n<\/div>\n<\/div>\n","protected":false},"excerpt":{"rendered":"<p>Festvortrag zum Tag der Deutschen Einheit von Prof. Dr. Friso Wielenga, Historiker und Publizist, Leiter des Zentrums f\u00fcr Niederlande-Studien der Universit\u00e4t M\u00fcnster<\/p>\n","protected":false},"author":6,"featured_media":0,"comment_status":"closed","ping_status":"closed","sticky":false,"template":"","format":"standard","meta":{"footnotes":""},"categories":[21,8],"tags":[],"class_list":["post-9310","post","type-post","status-publish","format-standard","hentry","category-europa-sieht-deutschland","category-unkategorisiert","generate-columns","tablet-grid-50","mobile-grid-100","grid-parent","grid-50"],"wps_subtitle":"Distanz und N\u00e4he \u2013 Die Niederl\u00e4nder und die Deutschen 1990-2000","_links":{"self":[{"href":"https:\/\/www.ofg.uni-osnabrueck.de\/en\/wp-json\/wp\/v2\/posts\/9310","targetHints":{"allow":["GET"]}}],"collection":[{"href":"https:\/\/www.ofg.uni-osnabrueck.de\/en\/wp-json\/wp\/v2\/posts"}],"about":[{"href":"https:\/\/www.ofg.uni-osnabrueck.de\/en\/wp-json\/wp\/v2\/types\/post"}],"author":[{"embeddable":true,"href":"https:\/\/www.ofg.uni-osnabrueck.de\/en\/wp-json\/wp\/v2\/users\/6"}],"replies":[{"embeddable":true,"href":"https:\/\/www.ofg.uni-osnabrueck.de\/en\/wp-json\/wp\/v2\/comments?post=9310"}],"version-history":[{"count":14,"href":"https:\/\/www.ofg.uni-osnabrueck.de\/en\/wp-json\/wp\/v2\/posts\/9310\/revisions"}],"predecessor-version":[{"id":9473,"href":"https:\/\/www.ofg.uni-osnabrueck.de\/en\/wp-json\/wp\/v2\/posts\/9310\/revisions\/9473"}],"wp:attachment":[{"href":"https:\/\/www.ofg.uni-osnabrueck.de\/en\/wp-json\/wp\/v2\/media?parent=9310"}],"wp:term":[{"taxonomy":"category","embeddable":true,"href":"https:\/\/www.ofg.uni-osnabrueck.de\/en\/wp-json\/wp\/v2\/categories?post=9310"},{"taxonomy":"post_tag","embeddable":true,"href":"https:\/\/www.ofg.uni-osnabrueck.de\/en\/wp-json\/wp\/v2\/tags?post=9310"}],"curies":[{"name":"wp","href":"https:\/\/api.w.org\/{rel}","templated":true}]}}