{"id":9262,"date":"2002-10-03T11:00:00","date_gmt":"2002-10-03T09:00:00","guid":{"rendered":"https:\/\/www.ofg.uni-osnabrueck.de\/?p=9262"},"modified":"2023-05-11T12:34:05","modified_gmt":"2023-05-11T10:34:05","slug":"europa-sieht-deutschland-2002","status":"publish","type":"post","link":"https:\/\/www.ofg.uni-osnabrueck.de\/en\/europa-sieht-deutschland-2002\/","title":{"rendered":"Europa sieht Deutschland 2002"},"content":{"rendered":"\n<h3 class=\"wp-block-heading\">Festvortrag zum Tag der Deutschen Einheit in Kooperation mit dem Deutsch-Russischen Forum e.V.<br>mit<\/h3>\n\n\n\n<p><strong>Prof. Dr. Wolfgang Eichwede<\/strong><br>Direktor der Forschungsstelle Osteuropa an der Universit\u00e4t Bremen<\/p>\n\n\n\n<p><strong>Gespr\u00e4chsleitung<\/strong><br>Martin Hoffmann, Gesch\u00e4ftsf\u00fchrendes Vorstandsmitglied des Deutsch-Russischen Forums e.V., Berlin<\/p>\n\n\n\n<hr class=\"wp-block-separator\"\/>\n\n\n\n<p>\u00bbIn Russland existiert ein Wirtschaftssystem, das lediglich 20 Prozent der Bev\u00f6lkerung dient und eine Gro\u00dfstadt finanziert. Russland hat ein gewaltiges Potemkinsches Dorf errichtet, in dem nur 20 Prozent der Bev\u00f6lkerung leben k\u00f6nnen, 5 Prozent sogar sehr gut, 15 Prozent leidlich gut, die restlichen 80 Prozent dagegen stehen auf der Stra\u00dfe. Betrachten wir dagegen die Aufgaben, die die russische Wirtschaft im Bereich der Wohnungsreform oder der Reform der Armee, dem Schutz der Grenzen oder der Schaffung eines Sicherheitssystems zu leisten hat, dann steht fest: Unsere Wirtschaft ist dazu nicht in der Lage. In diesem Sinne w\u00e4chst der R\u00fcckstand gegen\u00fcber den entwickelten L\u00e4ndern weiter.\u00ab<br>Grigorij Jawlinskij, DIE WELT, 8. Juli 2002<br>Dr. Grigorij A. Jawlinskij:<br>Gew\u00e4hltes Mitglied der russischen Staatsduma, Vorsitzender der liberalen Jabloko-Partei und deren Parlamentsfraktion. \u2013 Geb. 1952 in Lvov  (Lemberg), Studium am Moskauer Plechanow-Institut f\u00fcr National\u00f6konomie, anschlie\u00dfend T\u00e4tigkeit u.a. in Forschungsinstituten des Staatskomitees der UdSSR f\u00fcr Arbeit und Sozialfragen sowie ab 1989 in der Kommission f\u00fcr Wirtschaftsreformen beim Ministerrat der UdSSR. Von Juli bis September 1990 war Jawlinskij Stellvertretender Regierungschef der RSFSR und Co-Autor des \u2013 von Pr\u00e4sident Gorbatschow nicht umgesetzten \u2013 &#8220;500-Tage-Programms&#8221; zur Einf\u00fchrung der Marktwirtschaft. Als Wirtschaftsreformer beriet Jawlinskij hochrangige staatliche  Kommissionen und f\u00fchrte internationale Delegationen, bevor er 1992 in Moskau das Zentrum f\u00fcr \u00d6konomische und Politische Forschungen (EPIcenter) als private Nicht-Regierungsorganisation gr\u00fcndete, das er seither leitet.  1993 Mitbegr\u00fcnder der Jabloko-Partei, kandidierte Jawlinskij 1996 und 2000 bei den russischen Pr\u00e4sidentschaftswahlen. Er und seine Partei bezogen wiederholt Position gegen den Krieg in Tschetschenien und engagierten sich gegen die Korruption. Auch als Publizist wirbt Jawlinski f\u00fcr den wirtschaftlichen Aufbau Russlands und die Entwicklung des Landes zu einer offenen, demokratischen Gesellschaft (Vgl. u.a.: Incentive and  Institutions.The Transition to a Market Economy in Russia, Princeton University Press, 2000).<\/p>\n\n\n\n<p><strong>Prof. Dr. Wolfgang Eichwede<\/strong><br>Lehrstuhlinhaber f\u00fcr Politik und Zeitgeschichte Osteuropas an der   Universit\u00e4t Bremen, seit 1982 Direktor der Forschungsstelle Osteuropa. Prof. Eichwede ist Mitglied im erweiterten Vorstand des Deutsch-Russischen Forums Berlin.<\/p>\n\n\n\n<p> 3. Oktober 2002, 11 Uhr, Rathaus<\/p>\n\n\n\n<hr class=\"wp-block-separator\"\/>\n\n\n\n<div class=\"wp-block-columns is-layout-flex wp-container-core-columns-is-layout-9d6595d7 wp-block-columns-is-layout-flex\">\n<div class=\"wp-block-column is-layout-flow wp-block-column-is-layout-flow\">\n<figure class=\"wp-block-gallery columns-0 is-cropped wp-block-gallery-1 is-layout-flex wp-block-gallery-is-layout-flex\"><ul class=\"blocks-gallery-grid\"><\/ul><\/figure>\n\n\n\n<p class=\"has-small-font-size\"><\/p>\n<\/div>\n\n\n\n<div class=\"wp-block-column is-layout-flow wp-block-column-is-layout-flow\">\n<h4 class=\"wp-block-heading\"><\/h4>\n<\/div>\n<\/div>\n","protected":false},"excerpt":{"rendered":"<p>Festvortrag zum Tag der Deutschen Einheit von Prof. Dr. Wolfgang Eichwede, Direktor der Forschungsstelle Osteuropa an der Universit\u00e4t Bremen<\/p>\n","protected":false},"author":6,"featured_media":0,"comment_status":"closed","ping_status":"closed","sticky":false,"template":"","format":"standard","meta":{"footnotes":""},"categories":[21,8],"tags":[],"class_list":["post-9262","post","type-post","status-publish","format-standard","hentry","category-europa-sieht-deutschland","category-unkategorisiert","generate-columns","tablet-grid-50","mobile-grid-100","grid-parent","grid-50"],"wps_subtitle":"Russlands Erwartungen nach 1989 \u2013 erf\u00fcllt oder entt\u00e4uscht?","_links":{"self":[{"href":"https:\/\/www.ofg.uni-osnabrueck.de\/en\/wp-json\/wp\/v2\/posts\/9262","targetHints":{"allow":["GET"]}}],"collection":[{"href":"https:\/\/www.ofg.uni-osnabrueck.de\/en\/wp-json\/wp\/v2\/posts"}],"about":[{"href":"https:\/\/www.ofg.uni-osnabrueck.de\/en\/wp-json\/wp\/v2\/types\/post"}],"author":[{"embeddable":true,"href":"https:\/\/www.ofg.uni-osnabrueck.de\/en\/wp-json\/wp\/v2\/users\/6"}],"replies":[{"embeddable":true,"href":"https:\/\/www.ofg.uni-osnabrueck.de\/en\/wp-json\/wp\/v2\/comments?post=9262"}],"version-history":[{"count":15,"href":"https:\/\/www.ofg.uni-osnabrueck.de\/en\/wp-json\/wp\/v2\/posts\/9262\/revisions"}],"predecessor-version":[{"id":9479,"href":"https:\/\/www.ofg.uni-osnabrueck.de\/en\/wp-json\/wp\/v2\/posts\/9262\/revisions\/9479"}],"wp:attachment":[{"href":"https:\/\/www.ofg.uni-osnabrueck.de\/en\/wp-json\/wp\/v2\/media?parent=9262"}],"wp:term":[{"taxonomy":"category","embeddable":true,"href":"https:\/\/www.ofg.uni-osnabrueck.de\/en\/wp-json\/wp\/v2\/categories?post=9262"},{"taxonomy":"post_tag","embeddable":true,"href":"https:\/\/www.ofg.uni-osnabrueck.de\/en\/wp-json\/wp\/v2\/tags?post=9262"}],"curies":[{"name":"wp","href":"https:\/\/api.w.org\/{rel}","templated":true}]}}