{"id":9224,"date":"2004-10-03T11:00:00","date_gmt":"2004-10-03T09:00:00","guid":{"rendered":"https:\/\/www.ofg.uni-osnabrueck.de\/?p=9224"},"modified":"2023-05-11T12:36:43","modified_gmt":"2023-05-11T10:36:43","slug":"europa-sieht-deutschland-2004","status":"publish","type":"post","link":"https:\/\/www.ofg.uni-osnabrueck.de\/en\/europa-sieht-deutschland-2004\/","title":{"rendered":"Europa sieht Deutschland 2004"},"content":{"rendered":"\n<h3 class=\"wp-block-heading\">Festvortrag zum Tag der Deutschen Einheit<br>mit<\/h3>\n\n\n\n<p><strong>Sir Peter Torry<\/strong><br>Britischer Botschafter in Deutschland<\/p>\n\n\n\n<p><strong>Gespr\u00e4chsleitung<\/strong><br>Prof. Dr. Harald Husemann, Universit\u00e4t Osnabr\u00fcck<\/p>\n\n\n\n<hr class=\"wp-block-separator\"\/>\n\n\n\n<p>\u00bbEuropa, unsere Gemeinsamkeiten und die Frage, wie wir noch besser voneinander lernen k\u00f6nnen, unsere wirtschaftlichen Probleme zu<br>l\u00f6sen \u2013 das sind die wahren Schwerpunkte meiner Arbeit in Berlin, nicht die Schrecken unserer Vergangenheit\u00ab; so lautet ein Wort des britischen Botschafter in der Bundesrepublik.<br>Sir Peter Torry: Das Bild der Briten von Deutschland ist dennoch h\u00e4ufig gepr\u00e4gt von der Gegnerschaft in zwei Weltkriegen. Dies ist jedenfalls der Eindruck, der in der deutschen \u00d6ffentlichkeit entsteht. Heute m\u00f6chten viele Deutsche solche Vorbehalte nicht mehr sp\u00fcren m\u00fcssen. Aber die  gemeinsame Geschichte bleibt ein \u203aKampfplatz\u2039 um Wahrheiten und Deutungen, und sie ist deswegen zugleich Mahnung zu weiterer  Verst\u00e4ndigung. Was in den gegenseitigen \u203aFeindbildern\u2039 ist blo\u00df Klischee und Folklore? Und was verweist auf tats\u00e4chliche Probleme f\u00fcr Gegenwart und Zukunft?<\/p>\n\n\n\n<p><strong>Sir Peter Torry<\/strong><br>Britischer Botschafter in Deutschland seit Mai 2003 \u2013 Geb. 1948 in Berlin, Studium am &nbsp;New College in Oxford, 1970 Eintritt in den britischen Diplomatischen Dienst, T\u00e4tigkeiten an den Botschaften in Havanna und Jakarta und Bonn (1981-1985) sowie im Au\u00dfen- und Commonwealth-Ministerium in London. 1989 Berufung als Botschaftsrat nach Washington (bis 1993), 1998 Berufung zum Botschafter in Spanien.<\/p>\n\n\n\n<p> 3. Oktober 2004, 11 Uhr, Rathaus<\/p>\n\n\n\n<hr class=\"wp-block-separator\"\/>\n\n\n\n<div class=\"wp-block-columns is-layout-flex wp-container-core-columns-is-layout-9d6595d7 wp-block-columns-is-layout-flex\">\n<div class=\"wp-block-column is-layout-flow wp-block-column-is-layout-flow\">\n<figure class=\"wp-block-gallery columns-0 is-cropped wp-block-gallery-1 is-layout-flex wp-block-gallery-is-layout-flex\"><ul class=\"blocks-gallery-grid\"><\/ul><\/figure>\n\n\n\n<p class=\"has-small-font-size\"><\/p>\n<\/div>\n\n\n\n<div class=\"wp-block-column is-layout-flow wp-block-column-is-layout-flow\">\n<h4 class=\"wp-block-heading\"><\/h4>\n<\/div>\n<\/div>\n","protected":false},"excerpt":{"rendered":"<p>Festvortrag zum Tag der Deutschen Einheit von Sir Peter Torry, Britischer Botschafter in Deutschland<\/p>\n","protected":false},"author":6,"featured_media":0,"comment_status":"closed","ping_status":"closed","sticky":false,"template":"","format":"standard","meta":{"footnotes":""},"categories":[21,8],"tags":[],"class_list":["post-9224","post","type-post","status-publish","format-standard","hentry","category-europa-sieht-deutschland","category-unkategorisiert","generate-columns","tablet-grid-50","mobile-grid-100","grid-parent","grid-50"],"wps_subtitle":"Gro\u00dfbritannien und die Bundesrepublik heute","_links":{"self":[{"href":"https:\/\/www.ofg.uni-osnabrueck.de\/en\/wp-json\/wp\/v2\/posts\/9224","targetHints":{"allow":["GET"]}}],"collection":[{"href":"https:\/\/www.ofg.uni-osnabrueck.de\/en\/wp-json\/wp\/v2\/posts"}],"about":[{"href":"https:\/\/www.ofg.uni-osnabrueck.de\/en\/wp-json\/wp\/v2\/types\/post"}],"author":[{"embeddable":true,"href":"https:\/\/www.ofg.uni-osnabrueck.de\/en\/wp-json\/wp\/v2\/users\/6"}],"replies":[{"embeddable":true,"href":"https:\/\/www.ofg.uni-osnabrueck.de\/en\/wp-json\/wp\/v2\/comments?post=9224"}],"version-history":[{"count":12,"href":"https:\/\/www.ofg.uni-osnabrueck.de\/en\/wp-json\/wp\/v2\/posts\/9224\/revisions"}],"predecessor-version":[{"id":9486,"href":"https:\/\/www.ofg.uni-osnabrueck.de\/en\/wp-json\/wp\/v2\/posts\/9224\/revisions\/9486"}],"wp:attachment":[{"href":"https:\/\/www.ofg.uni-osnabrueck.de\/en\/wp-json\/wp\/v2\/media?parent=9224"}],"wp:term":[{"taxonomy":"category","embeddable":true,"href":"https:\/\/www.ofg.uni-osnabrueck.de\/en\/wp-json\/wp\/v2\/categories?post=9224"},{"taxonomy":"post_tag","embeddable":true,"href":"https:\/\/www.ofg.uni-osnabrueck.de\/en\/wp-json\/wp\/v2\/tags?post=9224"}],"curies":[{"name":"wp","href":"https:\/\/api.w.org\/{rel}","templated":true}]}}