{"id":8925,"date":"2013-10-03T11:00:00","date_gmt":"2013-10-03T09:00:00","guid":{"rendered":"https:\/\/www.ofg.uni-osnabrueck.de\/?p=8925"},"modified":"2024-01-12T10:14:58","modified_gmt":"2024-01-12T09:14:58","slug":"europa-sieht-deutschland-2013","status":"publish","type":"post","link":"https:\/\/www.ofg.uni-osnabrueck.de\/en\/europa-sieht-deutschland-2013\/","title":{"rendered":"Europa sieht Deutschland 2013"},"content":{"rendered":"\n<h3 class=\"wp-block-heading\">Festvortrag zum Tag der Deutschen Einheit mit<\/h3>\n\n\n\n<p><strong>Erik Fosnes Hansen<\/strong><br>Schiftsteller und Publizist, Oslo<\/p>\n\n\n\n<p><strong>Gespr\u00e4chsleitung<\/strong><br>Prof. Dr. Martina Blasberg-Kuhnke, Universit\u00e4t Osnabr\u00fcck <\/p>\n\n\n\n<hr class=\"wp-block-separator\"\/>\n\n\n\n<p>In den Festvortr\u00e4gen zum Tag der Deutschen Einheit im Rahmen der Osnabr\u00fccker Friedensgespr\u00e4che skizzieren Pers\u00f6nlichkeiten aus unseren Nachbarl\u00e4ndern ihre Sicht auf das seit 1990 vereinte Deutschland. Norwegen ist in mancher Hinsicht ein besonderer Partner: Viele Deutsche kennen die gro\u00dfartigen Sehnsuchtslandschaften des \u203aLandes der Mitternachtssonne\u2039, das seit den 1970er-Jahren durch die Erschlie\u00dfung von Erd\u00f6lvorkomen in der Nordsee ein sehr wohlhabender Staat geworden ist. Weniger bekannt ist, dass sich Norwegens W\u00e4hler 1972 und erneut 1994 in Volksabstimmungen gegen einen Beitritt zur Europ\u00e4ischen Union entschieden. Dabei ist das Land dem \u00fcbrigen Europa eng verbunden. 1949 war Norwegen unter den Gr\u00fcndungsmitgliedern der NATO, ebenso 1960, als mit D\u00e4nemark, \u00d6sterreich, Portugal, Schweden, der Schweiz und Gro\u00dfbritannien die EFTA, die Europ\u00e4ische Freihandelsassoziation entstand. Norwegen ist als Mitglied im Europ\u00e4ischen Wirtschaftsraum (EWR) in vielen Belangen den EU-Mitgliedstaaten gleichgestellt und als Teil der Nordischen Passunion Mitglied des Schengener Abkommens. Im April 1940 \u00fcberfiel Hitlerdeutschlands Marine das neutrale Norwegen. Unter der nachfolgenden Besatzung wurden etwa 770 der rund 2200 Juden, die haupts\u00e4chlich in Oslo und Trondheim lebten, in das Konzentrationslager Auschwitz deportiert und dort ermordet. Am 22. Juli 2011 ver\u00fcbte ein nationalistischer Attent\u00e4ter zwei grausame Anschl\u00e4ge in Oslo und auf der Insel Ut\u00f8ya und ermordete insgesamt 77 Menschen. Premierminister Jens Stoltenberg nannte dies die schlimmste Gewalttat seit dem Zweiten Weltkrieg.<\/p>\n\n\n\n<p><strong>Erik Fosnes Hansen<\/strong><br>Schriftsteller und Publizist \u2013 Geb. 1965 in New York, aufgewachsen in Oslo. Literarisches Debut im Jahr 1985 mit dem Roman \u00bbFalkenturm\u00ab; seither Ver\u00f6ffentlichung weiterer Romane (zuletzt \u00bbDas L\u00f6wenm\u00e4dchen\u00ab, 2008 in deutscher \u00dcbersetzung erschienen), sowie Essays und Literaturkritiken. Einen zweij\u00e4hrigen Studienaufenthalt verbrachte Fosnes Hansen in Stuttgart. Er ist Mitglied der Norwegischen Akademie f\u00fcr Sprache und Literatur sowie des Norwegischen Kulturrates.<\/p>\n\n\n\n<p><strong> 3. Oktober 2013, 11 Uhr, Kreiszentrum am Sch\u00f6lerberg<\/strong><\/p>\n\n\n\n<hr class=\"wp-block-separator\"\/>\n\n\n\n<div class=\"wp-block-columns is-layout-flex wp-container-core-columns-is-layout-9d6595d7 wp-block-columns-is-layout-flex\">\n<div class=\"wp-block-column is-layout-flow wp-block-column-is-layout-flow\">\n<h4 class=\"wp-block-heading\"><strong>Bildergalerie<\/strong><\/h4>\n\n\n\n<figure class=\"wp-block-gallery columns-0 is-cropped wp-block-gallery-1 is-layout-flex wp-block-gallery-is-layout-flex\"><ul class=\"blocks-gallery-grid\"><li class=\"blocks-gallery-item\"><figure><img loading=\"lazy\" decoding=\"async\" width=\"1024\" height=\"591\" src=\"https:\/\/www.ofg.uni-osnabrueck.de\/wp-content\/uploads\/2023\/05\/5-gruppe-a-1024x591.jpg\" alt=\"\" data-id=\"8920\" data-full-url=\"https:\/\/www.ofg.uni-osnabrueck.de\/wp-content\/uploads\/2023\/05\/5-gruppe-a.jpg\" data-link=\"https:\/\/www.ofg.uni-osnabrueck.de\/5-gruppe-a\/\" class=\"wp-image-8920\" srcset=\"https:\/\/www.ofg.uni-osnabrueck.de\/wp-content\/uploads\/2023\/05\/5-gruppe-a-1024x591.jpg 1024w, https:\/\/www.ofg.uni-osnabrueck.de\/wp-content\/uploads\/2023\/05\/5-gruppe-a-300x173.jpg 300w, https:\/\/www.ofg.uni-osnabrueck.de\/wp-content\/uploads\/2023\/05\/5-gruppe-a-768x443.jpg 768w, https:\/\/www.ofg.uni-osnabrueck.de\/wp-content\/uploads\/2023\/05\/5-gruppe-a.jpg 1500w\" sizes=\"auto, (max-width: 1024px) 100vw, 1024px\" \/><figcaption class=\"blocks-gallery-item__caption\">Prof. Dr. Martina Blasberg-Kuhnke, Vorsitzende des Wiss. Rates der Friedensgespr\u00e4che, mit Festredner Erik Fosnes Hansen, Landrat Dr. Michael L\u00fcbbersmann, Universit\u00e4tsvizepr\u00e4sidentin Prof. Dr. May-Britt Kallenrode, Stadtr\u00e4tin Rita Maria Rzyski und B\u00fcrgermeister Burkhard Jasper \n\u00a9 Osnabr\u00fccker Friedensgespr\u00e4che | Uwe Lewandowski<\/figcaption><\/figure><\/li><li class=\"blocks-gallery-item\"><figure><img loading=\"lazy\" decoding=\"async\" width=\"995\" height=\"1024\" src=\"https:\/\/www.ofg.uni-osnabrueck.de\/wp-content\/uploads\/2023\/05\/5-erik_fosnes_hansenmichael_luebbersmann_gr-995x1024.jpg\" alt=\"\" data-id=\"8915\" data-full-url=\"https:\/\/www.ofg.uni-osnabrueck.de\/wp-content\/uploads\/2023\/05\/5-erik_fosnes_hansenmichael_luebbersmann_gr.jpg\" data-link=\"https:\/\/www.ofg.uni-osnabrueck.de\/5-erik_fosnes_hansenmichael_luebbersmann_gr\/\" class=\"wp-image-8915\" srcset=\"https:\/\/www.ofg.uni-osnabrueck.de\/wp-content\/uploads\/2023\/05\/5-erik_fosnes_hansenmichael_luebbersmann_gr-995x1024.jpg 995w, https:\/\/www.ofg.uni-osnabrueck.de\/wp-content\/uploads\/2023\/05\/5-erik_fosnes_hansenmichael_luebbersmann_gr-292x300.jpg 292w, https:\/\/www.ofg.uni-osnabrueck.de\/wp-content\/uploads\/2023\/05\/5-erik_fosnes_hansenmichael_luebbersmann_gr-768x790.jpg 768w, https:\/\/www.ofg.uni-osnabrueck.de\/wp-content\/uploads\/2023\/05\/5-erik_fosnes_hansenmichael_luebbersmann_gr.jpg 1000w\" sizes=\"auto, (max-width: 995px) 100vw, 995px\" \/><figcaption class=\"blocks-gallery-item__caption\">Erik Fosnes Hansen tr\u00e4gt sich in das Goldene Buch des Landkeises ein, beobachtet von Landrat L\u00fcbbersmann\n\u00a9 Osnabr\u00fccker Friedensgespr\u00e4che | Uwe Lewandowski<\/figcaption><\/figure><\/li><li class=\"blocks-gallery-item\"><figure><img loading=\"lazy\" decoding=\"async\" width=\"1024\" height=\"683\" src=\"https:\/\/www.ofg.uni-osnabrueck.de\/wp-content\/uploads\/2023\/05\/5-erik_fosnes_hansen_gr-1024x683.jpg\" alt=\"\" data-id=\"8911\" data-full-url=\"https:\/\/www.ofg.uni-osnabrueck.de\/wp-content\/uploads\/2023\/05\/5-erik_fosnes_hansen_gr.jpg\" data-link=\"https:\/\/www.ofg.uni-osnabrueck.de\/5-erik_fosnes_hansen_gr\/\" class=\"wp-image-8911\" srcset=\"https:\/\/www.ofg.uni-osnabrueck.de\/wp-content\/uploads\/2023\/05\/5-erik_fosnes_hansen_gr-1024x683.jpg 1024w, https:\/\/www.ofg.uni-osnabrueck.de\/wp-content\/uploads\/2023\/05\/5-erik_fosnes_hansen_gr-300x200.jpg 300w, https:\/\/www.ofg.uni-osnabrueck.de\/wp-content\/uploads\/2023\/05\/5-erik_fosnes_hansen_gr-768x513.jpg 768w, https:\/\/www.ofg.uni-osnabrueck.de\/wp-content\/uploads\/2023\/05\/5-erik_fosnes_hansen_gr.jpg 1500w\" sizes=\"auto, (max-width: 1024px) 100vw, 1024px\" \/><figcaption class=\"blocks-gallery-item__caption\">Der norwegische Schriftsteller und Publizist Erik Fosnes Hansenbei seinem bewegenden Vortrag\n\u00a9 Osnabr\u00fccker Friedensgespr\u00e4che | Uwe Lewandowski<\/figcaption><\/figure><\/li><li class=\"blocks-gallery-item\"><figure><img loading=\"lazy\" decoding=\"async\" width=\"1024\" height=\"683\" src=\"https:\/\/www.ofg.uni-osnabrueck.de\/wp-content\/uploads\/2023\/05\/5-publikum_gr-1024x683.jpg\" alt=\"\" data-id=\"8907\" data-full-url=\"https:\/\/www.ofg.uni-osnabrueck.de\/wp-content\/uploads\/2023\/05\/5-publikum_gr.jpg\" data-link=\"https:\/\/www.ofg.uni-osnabrueck.de\/5-publikum_gr\/\" class=\"wp-image-8907\" srcset=\"https:\/\/www.ofg.uni-osnabrueck.de\/wp-content\/uploads\/2023\/05\/5-publikum_gr-1024x683.jpg 1024w, https:\/\/www.ofg.uni-osnabrueck.de\/wp-content\/uploads\/2023\/05\/5-publikum_gr-300x200.jpg 300w, https:\/\/www.ofg.uni-osnabrueck.de\/wp-content\/uploads\/2023\/05\/5-publikum_gr-768x513.jpg 768w, https:\/\/www.ofg.uni-osnabrueck.de\/wp-content\/uploads\/2023\/05\/5-publikum_gr.jpg 1500w\" sizes=\"auto, (max-width: 1024px) 100vw, 1024px\" \/><figcaption class=\"blocks-gallery-item__caption\">W\u00e4hrend der festlichen Matinee setzte Gespr\u00e4chsleiterin Martina Blasberg-Kuhnke auch heitere Akzente\n\u00a9 Osnabr\u00fccker Friedensgespr\u00e4che | Uwe Lewandowski<\/figcaption><\/figure><\/li><li class=\"blocks-gallery-item\"><figure><img loading=\"lazy\" decoding=\"async\" width=\"1024\" height=\"537\" src=\"https:\/\/www.ofg.uni-osnabrueck.de\/wp-content\/uploads\/2023\/05\/5-streichquartett_gr-1024x537.jpg\" alt=\"\" data-id=\"8903\" data-full-url=\"https:\/\/www.ofg.uni-osnabrueck.de\/wp-content\/uploads\/2023\/05\/5-streichquartett_gr.jpg\" data-link=\"https:\/\/www.ofg.uni-osnabrueck.de\/5-streichquartett_gr\/\" class=\"wp-image-8903\" srcset=\"https:\/\/www.ofg.uni-osnabrueck.de\/wp-content\/uploads\/2023\/05\/5-streichquartett_gr-1024x537.jpg 1024w, https:\/\/www.ofg.uni-osnabrueck.de\/wp-content\/uploads\/2023\/05\/5-streichquartett_gr-300x157.jpg 300w, https:\/\/www.ofg.uni-osnabrueck.de\/wp-content\/uploads\/2023\/05\/5-streichquartett_gr-768x403.jpg 768w, https:\/\/www.ofg.uni-osnabrueck.de\/wp-content\/uploads\/2023\/05\/5-streichquartett_gr.jpg 1500w\" sizes=\"auto, (max-width: 1024px) 100vw, 1024px\" \/><figcaption class=\"blocks-gallery-item__caption\">Das Streicherquartett der Kreismusikschule sorgte f\u00fcr musikalische Beitr\u00e4ge\n\u00a9 Osnabr\u00fccker Friedensgespr\u00e4che | Uwe Lewandowski<\/figcaption><\/figure><\/li><\/ul><\/figure>\n\n\n\n<p class=\"has-small-font-size\">\u00a9 Osnabr\u00fccker Friedensgespr\u00e4che | Uwe Lewandowski<\/p>\n<\/div>\n\n\n\n<div class=\"wp-block-column is-layout-flow wp-block-column-is-layout-flow\">\n<h4 class=\"wp-block-heading\"><\/h4>\n<\/div>\n<\/div>\n","protected":false},"excerpt":{"rendered":"<p>Festvortrag zum Tag der Deutschen Einheit von Erik Fosnes Hansen, Schiftsteller und Publizist, Oslo<\/p>\n","protected":false},"author":6,"featured_media":8911,"comment_status":"closed","ping_status":"closed","sticky":false,"template":"","format":"standard","meta":{"footnotes":""},"categories":[21,8],"tags":[],"class_list":["post-8925","post","type-post","status-publish","format-standard","has-post-thumbnail","hentry","category-europa-sieht-deutschland","category-unkategorisiert","generate-columns","tablet-grid-50","mobile-grid-100","grid-parent","grid-50"],"wps_subtitle":"Die Einsamkeit der Gemeinschaft","_links":{"self":[{"href":"https:\/\/www.ofg.uni-osnabrueck.de\/en\/wp-json\/wp\/v2\/posts\/8925","targetHints":{"allow":["GET"]}}],"collection":[{"href":"https:\/\/www.ofg.uni-osnabrueck.de\/en\/wp-json\/wp\/v2\/posts"}],"about":[{"href":"https:\/\/www.ofg.uni-osnabrueck.de\/en\/wp-json\/wp\/v2\/types\/post"}],"author":[{"embeddable":true,"href":"https:\/\/www.ofg.uni-osnabrueck.de\/en\/wp-json\/wp\/v2\/users\/6"}],"replies":[{"embeddable":true,"href":"https:\/\/www.ofg.uni-osnabrueck.de\/en\/wp-json\/wp\/v2\/comments?post=8925"}],"version-history":[{"count":10,"href":"https:\/\/www.ofg.uni-osnabrueck.de\/en\/wp-json\/wp\/v2\/posts\/8925\/revisions"}],"predecessor-version":[{"id":12830,"href":"https:\/\/www.ofg.uni-osnabrueck.de\/en\/wp-json\/wp\/v2\/posts\/8925\/revisions\/12830"}],"wp:featuredmedia":[{"embeddable":true,"href":"https:\/\/www.ofg.uni-osnabrueck.de\/en\/wp-json\/wp\/v2\/media\/8911"}],"wp:attachment":[{"href":"https:\/\/www.ofg.uni-osnabrueck.de\/en\/wp-json\/wp\/v2\/media?parent=8925"}],"wp:term":[{"taxonomy":"category","embeddable":true,"href":"https:\/\/www.ofg.uni-osnabrueck.de\/en\/wp-json\/wp\/v2\/categories?post=8925"},{"taxonomy":"post_tag","embeddable":true,"href":"https:\/\/www.ofg.uni-osnabrueck.de\/en\/wp-json\/wp\/v2\/tags?post=8925"}],"curies":[{"name":"wp","href":"https:\/\/api.w.org\/{rel}","templated":true}]}}