{"id":8798,"date":"2014-10-03T11:00:00","date_gmt":"2014-10-03T09:00:00","guid":{"rendered":"https:\/\/www.ofg.uni-osnabrueck.de\/?p=8798"},"modified":"2024-01-12T10:01:44","modified_gmt":"2024-01-12T09:01:44","slug":"europa-sieht-deutschland-2014","status":"publish","type":"post","link":"https:\/\/www.ofg.uni-osnabrueck.de\/en\/europa-sieht-deutschland-2014\/","title":{"rendered":"Europa sieht Deutschland 2014"},"content":{"rendered":"\n<h3 class=\"wp-block-heading\">Festvortrag zum Tag der Deutschen Einheit mit<\/h3>\n\n\n\n<p><strong>Prof. Dr. Angelo Bolaffi<\/strong><br>Philosoph und Publizist, Rom<\/p>\n\n\n\n<p><strong>Gespr\u00e4chsleitung<\/strong><br>Prof. Dr. Martina Blasberg-Kuhnke, Universit\u00e4t Osnabr\u00fcck <\/p>\n\n\n\n<hr class=\"wp-block-separator\"\/>\n\n\n\n<p>\u00bbDeutschland ist die einzige Macht, das einzige Land, dass die Verantwortung hat \u2013 wenn wir hier nicht das Wort \u203aHegemonie\u2039 benutzen wollen, nehmen wir das Wort \u203aVerantwortung\u2039 \u2013, ganz Europa zu sagen, dass die Zukunft Europas nach zwei gro\u00dfen Trag\u00f6dien, nach dem Ersten und nach dem Zweiten Weltkrieg, f\u00fcr die Deutschland so gro\u00dfe Verantwortung hatte, eine riesige kulturelle, soziale und wirtschaftliche Reform verlangt, damit es eine Zukunft auch f\u00fcr die j\u00fcngeren Leute in Spanien, Griechenland und Italien werden kann.\u00ab \u2013 In einem Rundfunkinterview nahm der italienische Philosoph Angelo Bolaffi deutsche Verantwortung ganz anders beim Wort, als es derzeit die Bef\u00fcrworter bewaffneter Friedensmissionen der Bundeswehr oder von Waffenexporten zur Abwehr von Menschenrechtsverletzungen propagieren.<br>\u00bbHeute Europa zu wollen\u00ab, so Bolaffi weiter, \u00bbhei\u00dft, wir wollen Europa so st\u00e4rken, damit Europa seine Werte, die sozialen Errungenschaften in der globalisierten Welt, behaupten kann. Wir m\u00fcssen daf\u00fcr sorgen, dass alle europ\u00e4ischen L\u00e4nder sich reformieren, um den Wettbewerb mit anderen M\u00e4chten bestehen zu k\u00f6nnen.\u00ab \u2013 Ist dabei Deutschland als Modell anzusehen? \u00bbAls Italiener darf ich das: eine Hegemonie Deutschlands fordern\u00ab, sagt Bolaffi.<br>In den Festvortr\u00e4gen zum Tag der Deutschen Einheit im Rahmen der Osnabr\u00fccker Friedensgespr\u00e4che skizzieren Pers\u00f6nlichkeiten aus unseren Nachbarl\u00e4ndern ihre Sicht auf das seit 1990 vereinte Deutschland.<br><\/p>\n\n\n\n<p><strong>Angelo Bolaffi<\/strong><br>Angelo Bolaffi, Professor f\u00fcr politische Philosophie an der Universit\u00e4t La Sapienza in Rom \u2013 Geb. 1946. Nach der Promotion 1969 kam Bolaffi als Stipendiat an die FU Berlin, wo er sp\u00e4ter die Vertretung des Lehrstuhls von Wolf-Dieter Narr \u00fcbernahm. Als Herausgeber und \u00dcbersetzer machte er Texte von Adorno, Marcuse, T\u00f6nnies und Fraenkel in Italien zug\u00e4nglich und ver\u00f6ffentlichte zahlreiche Essays, u. a. \u00fcber Carl Schmitt, Ernst Cassirer und Hannah Arendt. Von 2007 bis 2011 leitete Bolaffi das italienische Kulturinstitut in Berlin. Sein j\u00fcngstes Buch \u00bbCuore tedesco. Il modello Germania, l\u2019Italia e la crisi europea\u00ab erschien 2014 auf deutsch unter dem Titel \u00bbDeutsches Herz\u00ab.<\/p>\n\n\n\n<p><strong> 3. Oktober 2014, 11 Uhr, Rathaus<\/strong><\/p>\n\n\n\n<hr class=\"wp-block-separator\"\/>\n\n\n\n<div class=\"wp-block-columns is-layout-flex wp-container-core-columns-is-layout-9d6595d7 wp-block-columns-is-layout-flex\">\n<div class=\"wp-block-column is-layout-flow wp-block-column-is-layout-flow\">\n<h4 class=\"wp-block-heading\"><strong>Bildergalerie<\/strong><\/h4>\n\n\n\n<figure class=\"wp-block-gallery columns-0 is-cropped wp-block-gallery-1 is-layout-flex wp-block-gallery-is-layout-flex\"><ul class=\"blocks-gallery-grid\"><li class=\"blocks-gallery-item\"><figure><img loading=\"lazy\" decoding=\"async\" width=\"1024\" height=\"653\" src=\"https:\/\/www.ofg.uni-osnabrueck.de\/wp-content\/uploads\/2023\/05\/4-Publikum_gr-1024x653.jpg\" alt=\"\" data-id=\"8793\" data-full-url=\"https:\/\/www.ofg.uni-osnabrueck.de\/wp-content\/uploads\/2023\/05\/4-Publikum_gr.jpg\" data-link=\"https:\/\/www.ofg.uni-osnabrueck.de\/4-publikum_gr\/\" class=\"wp-image-8793\" srcset=\"https:\/\/www.ofg.uni-osnabrueck.de\/wp-content\/uploads\/2023\/05\/4-Publikum_gr-1024x653.jpg 1024w, https:\/\/www.ofg.uni-osnabrueck.de\/wp-content\/uploads\/2023\/05\/4-Publikum_gr-300x191.jpg 300w, https:\/\/www.ofg.uni-osnabrueck.de\/wp-content\/uploads\/2023\/05\/4-Publikum_gr-768x490.jpg 768w, https:\/\/www.ofg.uni-osnabrueck.de\/wp-content\/uploads\/2023\/05\/4-Publikum_gr.jpg 1500w\" sizes=\"auto, (max-width: 1024px) 100vw, 1024px\" \/><figcaption class=\"blocks-gallery-item__caption\">\u00a9 Osnabr\u00fccker Friedensgespr\u00e4che | Uwe Lewandowski<\/figcaption><\/figure><\/li><li class=\"blocks-gallery-item\"><figure><img loading=\"lazy\" decoding=\"async\" width=\"1024\" height=\"683\" src=\"https:\/\/www.ofg.uni-osnabrueck.de\/wp-content\/uploads\/2023\/05\/4-Publikum_f_gr-1024x683.jpg\" alt=\"\" data-id=\"8788\" data-full-url=\"https:\/\/www.ofg.uni-osnabrueck.de\/wp-content\/uploads\/2023\/05\/4-Publikum_f_gr.jpg\" data-link=\"https:\/\/www.ofg.uni-osnabrueck.de\/4-publikum_f_gr\/\" class=\"wp-image-8788\" srcset=\"https:\/\/www.ofg.uni-osnabrueck.de\/wp-content\/uploads\/2023\/05\/4-Publikum_f_gr-1024x683.jpg 1024w, https:\/\/www.ofg.uni-osnabrueck.de\/wp-content\/uploads\/2023\/05\/4-Publikum_f_gr-300x200.jpg 300w, https:\/\/www.ofg.uni-osnabrueck.de\/wp-content\/uploads\/2023\/05\/4-Publikum_f_gr-768x513.jpg 768w, https:\/\/www.ofg.uni-osnabrueck.de\/wp-content\/uploads\/2023\/05\/4-Publikum_f_gr.jpg 1500w\" sizes=\"auto, (max-width: 1024px) 100vw, 1024px\" \/><figcaption class=\"blocks-gallery-item__caption\">\u00a9 Osnabr\u00fccker Friedensgespr\u00e4che | Uwe Lewandowski<\/figcaption><\/figure><\/li><li class=\"blocks-gallery-item\"><figure><img loading=\"lazy\" decoding=\"async\" width=\"1024\" height=\"683\" src=\"https:\/\/www.ofg.uni-osnabrueck.de\/wp-content\/uploads\/2023\/05\/4-jabs-kiesler_mokrosch_fip_gr-1024x683.jpg\" alt=\"\" data-id=\"8784\" data-full-url=\"https:\/\/www.ofg.uni-osnabrueck.de\/wp-content\/uploads\/2023\/05\/4-jabs-kiesler_mokrosch_fip_gr.jpg\" data-link=\"https:\/\/www.ofg.uni-osnabrueck.de\/4-jabs-kiesler_mokrosch_fip_gr\/\" class=\"wp-image-8784\" srcset=\"https:\/\/www.ofg.uni-osnabrueck.de\/wp-content\/uploads\/2023\/05\/4-jabs-kiesler_mokrosch_fip_gr-1024x683.jpg 1024w, https:\/\/www.ofg.uni-osnabrueck.de\/wp-content\/uploads\/2023\/05\/4-jabs-kiesler_mokrosch_fip_gr-300x200.jpg 300w, https:\/\/www.ofg.uni-osnabrueck.de\/wp-content\/uploads\/2023\/05\/4-jabs-kiesler_mokrosch_fip_gr-768x513.jpg 768w, https:\/\/www.ofg.uni-osnabrueck.de\/wp-content\/uploads\/2023\/05\/4-jabs-kiesler_mokrosch_fip_gr.jpg 1500w\" sizes=\"auto, (max-width: 1024px) 100vw, 1024px\" \/><figcaption class=\"blocks-gallery-item__caption\">\u00a9 Osnabr\u00fccker Friedensgespr\u00e4che | Uwe Lewandowski<\/figcaption><\/figure><\/li><li class=\"blocks-gallery-item\"><figure><img loading=\"lazy\" decoding=\"async\" width=\"1024\" height=\"683\" src=\"https:\/\/www.ofg.uni-osnabrueck.de\/wp-content\/uploads\/2023\/05\/4-Bolaffi_l_gr-1024x683.jpg\" alt=\"\" data-id=\"8779\" data-full-url=\"https:\/\/www.ofg.uni-osnabrueck.de\/wp-content\/uploads\/2023\/05\/4-Bolaffi_l_gr.jpg\" data-link=\"https:\/\/www.ofg.uni-osnabrueck.de\/4-bolaffi_l_gr\/\" class=\"wp-image-8779\" srcset=\"https:\/\/www.ofg.uni-osnabrueck.de\/wp-content\/uploads\/2023\/05\/4-Bolaffi_l_gr-1024x683.jpg 1024w, https:\/\/www.ofg.uni-osnabrueck.de\/wp-content\/uploads\/2023\/05\/4-Bolaffi_l_gr-300x200.jpg 300w, https:\/\/www.ofg.uni-osnabrueck.de\/wp-content\/uploads\/2023\/05\/4-Bolaffi_l_gr-768x513.jpg 768w, https:\/\/www.ofg.uni-osnabrueck.de\/wp-content\/uploads\/2023\/05\/4-Bolaffi_l_gr.jpg 1500w\" sizes=\"auto, (max-width: 1024px) 100vw, 1024px\" \/><figcaption class=\"blocks-gallery-item__caption\">\u00a9 Osnabr\u00fccker Friedensgespr\u00e4che | Uwe Lewandowski<\/figcaption><\/figure><\/li><li class=\"blocks-gallery-item\"><figure><img loading=\"lazy\" decoding=\"async\" width=\"1024\" height=\"683\" src=\"https:\/\/www.ofg.uni-osnabrueck.de\/wp-content\/uploads\/2023\/05\/4-Blasberg-Kuhnke_gr-1024x683.jpg\" alt=\"\" data-id=\"8765\" data-full-url=\"https:\/\/www.ofg.uni-osnabrueck.de\/wp-content\/uploads\/2023\/05\/4-Blasberg-Kuhnke_gr.jpg\" data-link=\"https:\/\/www.ofg.uni-osnabrueck.de\/4-blasberg-kuhnke_gr\/\" class=\"wp-image-8765\" srcset=\"https:\/\/www.ofg.uni-osnabrueck.de\/wp-content\/uploads\/2023\/05\/4-Blasberg-Kuhnke_gr-1024x683.jpg 1024w, https:\/\/www.ofg.uni-osnabrueck.de\/wp-content\/uploads\/2023\/05\/4-Blasberg-Kuhnke_gr-300x200.jpg 300w, https:\/\/www.ofg.uni-osnabrueck.de\/wp-content\/uploads\/2023\/05\/4-Blasberg-Kuhnke_gr-768x513.jpg 768w, https:\/\/www.ofg.uni-osnabrueck.de\/wp-content\/uploads\/2023\/05\/4-Blasberg-Kuhnke_gr.jpg 1500w\" sizes=\"auto, (max-width: 1024px) 100vw, 1024px\" \/><figcaption class=\"blocks-gallery-item__caption\">Gespr\u00e4chsleiterin Martina Blasberg-Kuhnke begr\u00fc\u00dft das Publikum im vollbesetzten Ratssitzungssaal, \u00a9 Osnabr\u00fccker Friedensgespr\u00e4che | Uwe Lewandowski<\/figcaption><\/figure><\/li><li class=\"blocks-gallery-item\"><figure><img loading=\"lazy\" decoding=\"async\" width=\"340\" height=\"240\" src=\"https:\/\/www.ofg.uni-osnabrueck.de\/wp-content\/uploads\/2023\/05\/4-Bolaffi_b.jpg\" alt=\"\" data-id=\"8770\" data-full-url=\"https:\/\/www.ofg.uni-osnabrueck.de\/wp-content\/uploads\/2023\/05\/4-Bolaffi_b.jpg\" data-link=\"https:\/\/www.ofg.uni-osnabrueck.de\/4-bolaffi_b\/\" class=\"wp-image-8770\" srcset=\"https:\/\/www.ofg.uni-osnabrueck.de\/wp-content\/uploads\/2023\/05\/4-Bolaffi_b.jpg 340w, https:\/\/www.ofg.uni-osnabrueck.de\/wp-content\/uploads\/2023\/05\/4-Bolaffi_b-300x212.jpg 300w\" sizes=\"auto, (max-width: 340px) 100vw, 340px\" \/><figcaption class=\"blocks-gallery-item__caption\">Festredner Angelo Bolaffi aus Rom \u00a9 Osnabr\u00fccker Friedensgespr\u00e4che | Uwe Lewandowski<\/figcaption><\/figure><\/li><li class=\"blocks-gallery-item\"><figure><img loading=\"lazy\" decoding=\"async\" width=\"1024\" height=\"683\" src=\"https:\/\/www.ofg.uni-osnabrueck.de\/wp-content\/uploads\/2023\/05\/4-Bolaffi_gr-1024x683.jpg\" alt=\"\" data-id=\"8775\" data-full-url=\"https:\/\/www.ofg.uni-osnabrueck.de\/wp-content\/uploads\/2023\/05\/4-Bolaffi_gr.jpg\" data-link=\"https:\/\/www.ofg.uni-osnabrueck.de\/4-bolaffi_gr\/\" class=\"wp-image-8775\" srcset=\"https:\/\/www.ofg.uni-osnabrueck.de\/wp-content\/uploads\/2023\/05\/4-Bolaffi_gr-1024x683.jpg 1024w, https:\/\/www.ofg.uni-osnabrueck.de\/wp-content\/uploads\/2023\/05\/4-Bolaffi_gr-300x200.jpg 300w, https:\/\/www.ofg.uni-osnabrueck.de\/wp-content\/uploads\/2023\/05\/4-Bolaffi_gr-768x513.jpg 768w, https:\/\/www.ofg.uni-osnabrueck.de\/wp-content\/uploads\/2023\/05\/4-Bolaffi_gr.jpg 1500w\" sizes=\"auto, (max-width: 1024px) 100vw, 1024px\" \/><figcaption class=\"blocks-gallery-item__caption\">\u00a9 Osnabr\u00fccker Friedensgespr\u00e4che | Uwe Lewandowski<\/figcaption><\/figure><\/li><\/ul><\/figure>\n\n\n\n<p class=\"has-small-font-size\">\u00a9 Osnabr\u00fccker Friedensgespr\u00e4che | Uwe Lewandowski<\/p>\n<\/div>\n\n\n\n<div class=\"wp-block-column is-layout-flow wp-block-column-is-layout-flow\">\n<h4 class=\"wp-block-heading\"><strong>Videos<\/strong><\/h4>\n\n\n\n<div class=\"lyte-wrapper\" title=\"Europa sieht Deutschland: Nach dem gro&szlig;en Wandel - Europas Zukunft und deutsche Aufgaben - Teil 1\" style=\"width:853px;max-width:100%;margin:5px auto;\"><div class=\"lyMe hidef\" id=\"WYL_Y8gH8B0CYGk\" itemprop=\"video\" itemscope itemtype=\"https:\/\/schema.org\/VideoObject\"><div><meta itemprop=\"thumbnailUrl\" content=\"https:\/\/www.ofg.uni-osnabrueck.de\/wp-content\/plugins\/wp-youtube-lyte\/lyteCache.php?origThumbUrl=https%3A%2F%2Fi.ytimg.com%2Fvi%2FY8gH8B0CYGk%2Fmaxresdefault.jpg\" \/><meta itemprop=\"embedURL\" content=\"https:\/\/www.youtube.com\/embed\/Y8gH8B0CYGk\" \/><meta itemprop=\"duration\" content=\"PT1H3M43S\" \/><meta itemprop=\"uploadDate\" content=\"2014-10-09T10:42:12Z\" \/><\/div><div id=\"lyte_Y8gH8B0CYGk\" data-src=\"https:\/\/www.ofg.uni-osnabrueck.de\/wp-content\/plugins\/wp-youtube-lyte\/lyteCache.php?origThumbUrl=https%3A%2F%2Fi.ytimg.com%2Fvi%2FY8gH8B0CYGk%2Fmaxresdefault.jpg\" class=\"pL\"><div class=\"tC\"><div class=\"tT\" itemprop=\"name\">Europa sieht Deutschland: Nach dem gro\u00dfen Wandel - Europas Zukunft und deutsche Aufgaben - Teil 1<\/div><\/div><div class=\"play\"><\/div><div class=\"ctrl\"><div class=\"Lctrl\"><\/div><div class=\"Rctrl\"><\/div><\/div><\/div><noscript><a href=\"https:\/\/youtu.be\/Y8gH8B0CYGk\" rel=\"nofollow\"><img loading=\"lazy\" decoding=\"async\" src=\"https:\/\/www.ofg.uni-osnabrueck.de\/wp-content\/plugins\/wp-youtube-lyte\/lyteCache.php?origThumbUrl=https%3A%2F%2Fi.ytimg.com%2Fvi%2FY8gH8B0CYGk%2F0.jpg\" alt=\"Europa sieht Deutschland: Nach dem gro&szlig;en Wandel - Europas Zukunft und deutsche Aufgaben - Teil 1\" width=\"853\" height=\"460\" \/><br \/>Watch this video on YouTube<\/a><\/noscript><meta itemprop=\"description\" content=\"Festvortrag zum Tag der Deutschen Einheit am 3. Oktober 2014 im Rathaus Osnabr\u00fcck von Prof. Dr. Angelo Bolaffi, Philosoph und Publizist, Rom Gespr\u00e4chsleitung: Prof. Dr. Martina Blasberg-Kuhnke, Universit\u00e4t Osnabr\u00fcck -------------------------------------------- Teil 1. Festvortrag mit Einf\u00fchrung --------------------------------------------\"><\/div><\/div><div class=\"lL\" style=\"max-width:100%;width:853px;margin:5px auto;\"><br\/><span class=\"lyte_disclaimer\">Bitte beachten Sie unsere Datenschutzerkl\u00e4rung. Wenn Sie das Video abspielen, werden Daten an YouTube gesendet.<\/span><\/div>\n<\/div>\n<\/div>\n","protected":false},"excerpt":{"rendered":"<p>Festvortrag zum Tag der Deutschen Einheit von Prof. Dr. Angelo Bolaffi<br \/>\nPhilosoph und Publizist, Rom<br \/>\n\ufeff<\/p>\n","protected":false},"author":6,"featured_media":8775,"comment_status":"closed","ping_status":"closed","sticky":false,"template":"","format":"standard","meta":{"footnotes":""},"categories":[21,8],"tags":[],"class_list":["post-8798","post","type-post","status-publish","format-standard","has-post-thumbnail","hentry","category-europa-sieht-deutschland","category-unkategorisiert","generate-columns","tablet-grid-50","mobile-grid-100","grid-parent","grid-50"],"wps_subtitle":"Nach dem gro\u00dfen Wandel - Europas Zukunft und deutsche Aufgaben","_links":{"self":[{"href":"https:\/\/www.ofg.uni-osnabrueck.de\/en\/wp-json\/wp\/v2\/posts\/8798","targetHints":{"allow":["GET"]}}],"collection":[{"href":"https:\/\/www.ofg.uni-osnabrueck.de\/en\/wp-json\/wp\/v2\/posts"}],"about":[{"href":"https:\/\/www.ofg.uni-osnabrueck.de\/en\/wp-json\/wp\/v2\/types\/post"}],"author":[{"embeddable":true,"href":"https:\/\/www.ofg.uni-osnabrueck.de\/en\/wp-json\/wp\/v2\/users\/6"}],"replies":[{"embeddable":true,"href":"https:\/\/www.ofg.uni-osnabrueck.de\/en\/wp-json\/wp\/v2\/comments?post=8798"}],"version-history":[{"count":22,"href":"https:\/\/www.ofg.uni-osnabrueck.de\/en\/wp-json\/wp\/v2\/posts\/8798\/revisions"}],"predecessor-version":[{"id":12814,"href":"https:\/\/www.ofg.uni-osnabrueck.de\/en\/wp-json\/wp\/v2\/posts\/8798\/revisions\/12814"}],"wp:featuredmedia":[{"embeddable":true,"href":"https:\/\/www.ofg.uni-osnabrueck.de\/en\/wp-json\/wp\/v2\/media\/8775"}],"wp:attachment":[{"href":"https:\/\/www.ofg.uni-osnabrueck.de\/en\/wp-json\/wp\/v2\/media?parent=8798"}],"wp:term":[{"taxonomy":"category","embeddable":true,"href":"https:\/\/www.ofg.uni-osnabrueck.de\/en\/wp-json\/wp\/v2\/categories?post=8798"},{"taxonomy":"post_tag","embeddable":true,"href":"https:\/\/www.ofg.uni-osnabrueck.de\/en\/wp-json\/wp\/v2\/tags?post=8798"}],"curies":[{"name":"wp","href":"https:\/\/api.w.org\/{rel}","templated":true}]}}