{"id":8515,"date":"2011-11-12T20:00:00","date_gmt":"2011-11-12T19:00:00","guid":{"rendered":"https:\/\/www.ofg.uni-osnabrueck.de\/?p=8515"},"modified":"2024-07-05T12:00:38","modified_gmt":"2024-07-05T10:00:38","slug":"musica-pro-pace-2011","status":"publish","type":"post","link":"https:\/\/www.ofg.uni-osnabrueck.de\/en\/musica-pro-pace-2011\/","title":{"rendered":"musica pro pace 2011"},"content":{"rendered":"\n<p><\/p>\n\n\n\n<p><strong>Ausf\u00fchrende<\/strong><br>Osnabr\u00fccker Symphonieorchester,<br>Osnabr\u00fccker Domchor und Jugendchor | Einstudierung: Johannes Rahe<br>Eva Schneidereit, Alt<br>Hermann B\u00e4umer, Dirigent<\/p>\n\n\n\n<p><strong>Werke<\/strong><br>Karl Amadeus Hartmann: Sinfonie Nr. 1 \u2013 Versuch eines Requiems. Nach Worten von Walt Whitman (1935-36\/1954-55)<\/p>\n\n\n\n<p>Anton Bruckner: Messe Nr. 2 e-Moll<\/p>\n\n\n\n<p><strong>Moderation:<\/strong> Stefan Hanheide<\/p>\n\n\n\n<hr class=\"wp-block-separator has-css-opacity\"\/>\n\n\n\n<p>12. November und 14. November 2011,<br>jeweils 20 Uhr, Hoher Dom zu Osnabr\u00fcck<\/p>\n\n\n\n<p><strong>Konzert zum Osnabr\u00fccker Friedenstag<\/strong><\/p>\n\n\n\n<hr class=\"wp-block-separator has-css-opacity\"\/>\n\n\n\n<figure class=\"wp-block-image size-large\"><img loading=\"lazy\" decoding=\"async\" width=\"723\" height=\"1024\" src=\"https:\/\/www.ofg.uni-osnabrueck.de\/wp-content\/uploads\/2023\/05\/musica_pro_Pace-Plakat_2011_final_Seite_2-723x1024.jpg\" alt=\"\" class=\"wp-image-8521\" srcset=\"https:\/\/www.ofg.uni-osnabrueck.de\/wp-content\/uploads\/2023\/05\/musica_pro_Pace-Plakat_2011_final_Seite_2-723x1024.jpg 723w, https:\/\/www.ofg.uni-osnabrueck.de\/wp-content\/uploads\/2023\/05\/musica_pro_Pace-Plakat_2011_final_Seite_2-212x300.jpg 212w, https:\/\/www.ofg.uni-osnabrueck.de\/wp-content\/uploads\/2023\/05\/musica_pro_Pace-Plakat_2011_final_Seite_2-768x1087.jpg 768w, https:\/\/www.ofg.uni-osnabrueck.de\/wp-content\/uploads\/2023\/05\/musica_pro_Pace-Plakat_2011_final_Seite_2-1085x1536.jpg 1085w, https:\/\/www.ofg.uni-osnabrueck.de\/wp-content\/uploads\/2023\/05\/musica_pro_Pace-Plakat_2011_final_Seite_2-1446x2048.jpg 1446w, https:\/\/www.ofg.uni-osnabrueck.de\/wp-content\/uploads\/2023\/05\/musica_pro_Pace-Plakat_2011_final_Seite_2-scaled.jpg 1808w\" sizes=\"auto, (max-width: 723px) 100vw, 723px\" \/><figcaption class=\"wp-element-caption\">Musica Pro Pace 2011<\/figcaption><\/figure>\n","protected":false},"excerpt":{"rendered":"<p>In Kooperation mit dem Theater Osnabr\u00fcck und dem Kulturforum Dom<\/p>\n","protected":false},"author":6,"featured_media":0,"comment_status":"closed","ping_status":"closed","sticky":false,"template":"","format":"standard","meta":{"footnotes":""},"categories":[9,8],"tags":[],"class_list":["post-8515","post","type-post","status-publish","format-standard","hentry","category-musica-pro-pace","category-unkategorisiert","generate-columns","tablet-grid-50","mobile-grid-100","grid-parent","grid-50"],"wps_subtitle":"Karl Amadeus Hartmann: Sinfonie Nr. 1 \u2013 Versuch eines Requiems","_links":{"self":[{"href":"https:\/\/www.ofg.uni-osnabrueck.de\/en\/wp-json\/wp\/v2\/posts\/8515","targetHints":{"allow":["GET"]}}],"collection":[{"href":"https:\/\/www.ofg.uni-osnabrueck.de\/en\/wp-json\/wp\/v2\/posts"}],"about":[{"href":"https:\/\/www.ofg.uni-osnabrueck.de\/en\/wp-json\/wp\/v2\/types\/post"}],"author":[{"embeddable":true,"href":"https:\/\/www.ofg.uni-osnabrueck.de\/en\/wp-json\/wp\/v2\/users\/6"}],"replies":[{"embeddable":true,"href":"https:\/\/www.ofg.uni-osnabrueck.de\/en\/wp-json\/wp\/v2\/comments?post=8515"}],"version-history":[{"count":9,"href":"https:\/\/www.ofg.uni-osnabrueck.de\/en\/wp-json\/wp\/v2\/posts\/8515\/revisions"}],"predecessor-version":[{"id":14575,"href":"https:\/\/www.ofg.uni-osnabrueck.de\/en\/wp-json\/wp\/v2\/posts\/8515\/revisions\/14575"}],"wp:attachment":[{"href":"https:\/\/www.ofg.uni-osnabrueck.de\/en\/wp-json\/wp\/v2\/media?parent=8515"}],"wp:term":[{"taxonomy":"category","embeddable":true,"href":"https:\/\/www.ofg.uni-osnabrueck.de\/en\/wp-json\/wp\/v2\/categories?post=8515"},{"taxonomy":"post_tag","embeddable":true,"href":"https:\/\/www.ofg.uni-osnabrueck.de\/en\/wp-json\/wp\/v2\/tags?post=8515"}],"curies":[{"name":"wp","href":"https:\/\/api.w.org\/{rel}","templated":true}]}}