{"id":6520,"date":"2020-10-03T11:00:00","date_gmt":"2020-10-03T09:00:00","guid":{"rendered":"https:\/\/www.ofg.uni-osnabrueck.de\/?p=6520"},"modified":"2024-03-11T15:17:37","modified_gmt":"2024-03-11T14:17:37","slug":"europa-sieht-deutschland-2020-europes-take-on-germany-2020","status":"publish","type":"post","link":"https:\/\/www.ofg.uni-osnabrueck.de\/en\/europa-sieht-deutschland-2020-europes-take-on-germany-2020\/","title":{"rendered":"Europa sieht Deutschland 2020 (Europe\u2019s take on Germany 2020)"},"content":{"rendered":"\n<figure class=\"wp-block-image size-large\"><img loading=\"lazy\" decoding=\"async\" width=\"1024\" height=\"684\" src=\"https:\/\/www.ofg.uni-osnabrueck.de\/wp-content\/uploads\/2024\/03\/DSC70541-2048x1367-1-1024x684.jpg\" alt=\"\" class=\"wp-image-13340\" srcset=\"https:\/\/www.ofg.uni-osnabrueck.de\/wp-content\/uploads\/2024\/03\/DSC70541-2048x1367-1-1024x684.jpg 1024w, https:\/\/www.ofg.uni-osnabrueck.de\/wp-content\/uploads\/2024\/03\/DSC70541-2048x1367-1-300x200.jpg 300w, https:\/\/www.ofg.uni-osnabrueck.de\/wp-content\/uploads\/2024\/03\/DSC70541-2048x1367-1-768x513.jpg 768w, https:\/\/www.ofg.uni-osnabrueck.de\/wp-content\/uploads\/2024\/03\/DSC70541-2048x1367-1-1536x1025.jpg 1536w, https:\/\/www.ofg.uni-osnabrueck.de\/wp-content\/uploads\/2024\/03\/DSC70541-2048x1367-1.jpg 2048w\" sizes=\"auto, (max-width: 1024px) 100vw, 1024px\" \/><figcaption class=\"wp-element-caption\">\u00a9 Osnabr\u00fccker Friedensgespr\u00e4che | Uwe Lewandowski<\/figcaption><\/figure>\n\n\n\n<h3 class=\"wp-block-heading\">Lecture to mark German Unity Day, featuring<br><\/h3>\n\n\n\n<div class=\"wp-block-columns is-layout-flex wp-container-core-columns-is-layout-9d6595d7 wp-block-columns-is-layout-flex\">\n<div class=\"wp-block-column is-layout-flow wp-block-column-is-layout-flow\" style=\"flex-basis:100%\">\n<div class=\"wp-block-columns is-layout-flex wp-container-core-columns-is-layout-9d6595d7 wp-block-columns-is-layout-flex\">\n<div class=\"wp-block-column is-layout-flow wp-block-column-is-layout-flow\" style=\"flex-basis:85%\">\n<h3 class=\"wp-block-heading\"><strong>Prof. Dr. D\u017eevad Karahasan <\/strong><\/h3>\n\n\n\n<p>Bosnian writer, playwright, essayist, dramaturg and literary scholar<\/p>\n<\/div>\n<\/div>\n<\/div>\n\n\n\n<div class=\"wp-block-column is-layout-flow wp-block-column-is-layout-flow\" style=\"flex-basis:0%\"><\/div>\n<\/div>\n\n\n\n<p><strong>Moderation<\/strong><br>Prof. Dr. Gy\u00f6rgy Sz\u00e9ll, Osnabr\u00fcck University<\/p>\n\n\n\n<hr class=\"wp-block-separator has-css-opacity\"\/>\n\n\n\n<p>Bosnia-Herzegovina became independent in 1995 after a bloody civil war. It is a small, millennia-old Balkan country with only 3.5 million inhabitants. Like the former Yugoslavia, it is a multi-ethnic state with an eventful history. The First World War began with the attack in Sarajevo in 1914, and the Srebrenica massacre exactly 25 years ago was a terrible climax of ethnic conflict on our continent. In this respect, the witness of this country is a constant challenge for peace in Europe.<br>After all the catastrophes of the last century, which particularly affected his homeland, how does the convinced European D\u017eevad Karahasan see the prospects for peace in a globalized world?<br>Born to Muslim parents in Duvno in what is now Bosnia-Herzegovina on January 25, 1953, he fled to Austria during the civil war, where he still lives alternately with Sarajevo today. He studied theater studies and comparative literature in Sarajevo and received his doctorate in Zagreb. Since then he has worked as a university lecturer at numerous universities around the world as well as as a writer and playwright. He has received numerous literary prizes, including the Leipzig Book Prize for European Understanding in 2004, the Goethe Medal in 2012, the Honorary Gift of the Heinrich Heine Society in 2012, the Franz Nabl Prize in 2017, the Jeanette Schocken Prize in 2019 and the Goethe Prize of the City of Frankfurt a. M. 2020.<\/p>\n\n\n\n<hr class=\"wp-block-separator has-css-opacity\"\/>\n\n\n\n<p>Oktober 3, 2020, 11 pm, Live stream from the council meeting room of the town hall<\/p>\n\n\n\n<hr class=\"wp-block-separator has-css-opacity\"\/>\n\n\n\n<div class=\"wp-block-columns is-layout-flex wp-container-core-columns-is-layout-9d6595d7 wp-block-columns-is-layout-flex\">\n<div class=\"wp-block-column is-layout-flow wp-block-column-is-layout-flow\">\n<h4 class=\"wp-block-heading\"><strong>Picture gallery<\/strong><\/h4>\n\n\n\n<figure class=\"wp-block-gallery has-nested-images columns-0 is-cropped wp-block-gallery-1 is-layout-flex wp-block-gallery-is-layout-flex\">\n<figure class=\"wp-block-image size-large\"><a href=\"https:\/\/www.ofg.uni-osnabrueck.de\/wp-content\/uploads\/2020\/10\/DSC68321-1024x683.jpg\"><img loading=\"lazy\" decoding=\"async\" width=\"1024\" height=\"683\" data-id=\"3725\" src=\"https:\/\/www.ofg.uni-osnabrueck.de\/wp-content\/uploads\/2020\/10\/DSC68321-1024x683.jpg\" alt=\"\" class=\"wp-image-3725\" srcset=\"https:\/\/www.ofg.uni-osnabrueck.de\/wp-content\/uploads\/2020\/10\/DSC68321-1024x683.jpg 1024w, https:\/\/www.ofg.uni-osnabrueck.de\/wp-content\/uploads\/2020\/10\/DSC68321-300x200.jpg 300w, https:\/\/www.ofg.uni-osnabrueck.de\/wp-content\/uploads\/2020\/10\/DSC68321-768x513.jpg 768w, https:\/\/www.ofg.uni-osnabrueck.de\/wp-content\/uploads\/2020\/10\/DSC68321-1536x1025.jpg 1536w, https:\/\/www.ofg.uni-osnabrueck.de\/wp-content\/uploads\/2020\/10\/DSC68321-2048x1367.jpg 2048w\" sizes=\"auto, (max-width: 1024px) 100vw, 1024px\" \/><\/a><figcaption class=\"wp-element-caption\">Katharina Meyer, Prof. Dr. Martina Blasberg-Kuhnke, Prof. Dr. Gy\u00f6rgy Sz\u00e9ll, Prof. Dr. D\u017eevad Karahasan, Wolfgang Griesert, \u00a9 Osnabr\u00fccker Friedensgespr\u00e4che | Uwe Lewandowski<\/figcaption><\/figure>\n\n\n\n<figure class=\"wp-block-image size-large\"><a href=\"https:\/\/www.ofg.uni-osnabrueck.de\/wp-content\/uploads\/2020\/10\/DSC69841-1024x683.jpg\"><img loading=\"lazy\" decoding=\"async\" width=\"1024\" height=\"683\" data-id=\"3739\" src=\"https:\/\/www.ofg.uni-osnabrueck.de\/wp-content\/uploads\/2020\/10\/DSC69841-1024x683.jpg\" alt=\"\" class=\"wp-image-3739\" srcset=\"https:\/\/www.ofg.uni-osnabrueck.de\/wp-content\/uploads\/2020\/10\/DSC69841-1024x683.jpg 1024w, https:\/\/www.ofg.uni-osnabrueck.de\/wp-content\/uploads\/2020\/10\/DSC69841-300x200.jpg 300w, https:\/\/www.ofg.uni-osnabrueck.de\/wp-content\/uploads\/2020\/10\/DSC69841-768x513.jpg 768w, https:\/\/www.ofg.uni-osnabrueck.de\/wp-content\/uploads\/2020\/10\/DSC69841-1536x1025.jpg 1536w, https:\/\/www.ofg.uni-osnabrueck.de\/wp-content\/uploads\/2020\/10\/DSC69841-2048x1367.jpg 2048w\" sizes=\"auto, (max-width: 1024px) 100vw, 1024px\" \/><\/a><figcaption class=\"wp-element-caption\">Prof. Dr. D\u017eevad Karahasan, \u00a9 Osnabr\u00fccker Friedensgespr\u00e4che | Uwe Lewandowski<\/figcaption><\/figure>\n\n\n\n<figure class=\"wp-block-image size-large\"><a href=\"https:\/\/www.ofg.uni-osnabrueck.de\/wp-content\/uploads\/2020\/10\/DSC69331-1024x683.jpg\"><img loading=\"lazy\" decoding=\"async\" width=\"1024\" height=\"683\" data-id=\"3734\" src=\"https:\/\/www.ofg.uni-osnabrueck.de\/wp-content\/uploads\/2020\/10\/DSC69331-1024x683.jpg\" alt=\"\" class=\"wp-image-3734\" srcset=\"https:\/\/www.ofg.uni-osnabrueck.de\/wp-content\/uploads\/2020\/10\/DSC69331-1024x683.jpg 1024w, https:\/\/www.ofg.uni-osnabrueck.de\/wp-content\/uploads\/2020\/10\/DSC69331-300x200.jpg 300w, https:\/\/www.ofg.uni-osnabrueck.de\/wp-content\/uploads\/2020\/10\/DSC69331-768x513.jpg 768w, https:\/\/www.ofg.uni-osnabrueck.de\/wp-content\/uploads\/2020\/10\/DSC69331-1536x1025.jpg 1536w, https:\/\/www.ofg.uni-osnabrueck.de\/wp-content\/uploads\/2020\/10\/DSC69331-2048x1367.jpg 2048w\" sizes=\"auto, (max-width: 1024px) 100vw, 1024px\" \/><\/a><figcaption class=\"wp-element-caption\">Prof. Dr. D\u017eevad Karahasan gives the keynote speech in the council meeting room, \u00a9 Osnabr\u00fccker Friedensgespr\u00e4che | Uwe Lewandowski<\/figcaption><\/figure>\n\n\n\n<figure class=\"wp-block-image size-large\"><a href=\"https:\/\/www.ofg.uni-osnabrueck.de\/wp-content\/uploads\/2020\/10\/DSC68701-1024x683.jpg\"><img loading=\"lazy\" decoding=\"async\" width=\"1024\" height=\"683\" data-id=\"3731\" src=\"https:\/\/www.ofg.uni-osnabrueck.de\/wp-content\/uploads\/2020\/10\/DSC68701-1024x683.jpg\" alt=\"\" class=\"wp-image-3731\" srcset=\"https:\/\/www.ofg.uni-osnabrueck.de\/wp-content\/uploads\/2020\/10\/DSC68701-1024x683.jpg 1024w, https:\/\/www.ofg.uni-osnabrueck.de\/wp-content\/uploads\/2020\/10\/DSC68701-300x200.jpg 300w, https:\/\/www.ofg.uni-osnabrueck.de\/wp-content\/uploads\/2020\/10\/DSC68701-768x513.jpg 768w, https:\/\/www.ofg.uni-osnabrueck.de\/wp-content\/uploads\/2020\/10\/DSC68701-1536x1025.jpg 1536w, https:\/\/www.ofg.uni-osnabrueck.de\/wp-content\/uploads\/2020\/10\/DSC68701-2048x1367.jpg 2048w\" sizes=\"auto, (max-width: 1024px) 100vw, 1024px\" \/><\/a><figcaption class=\"wp-element-caption\">Mayor Wolfgang Griesert und Prof. Dr. D\u017eevad Karahasan, \u00a9 Osnabr\u00fccker Friedensgespr\u00e4che | Uwe Lewandowski<\/figcaption><\/figure>\n\n\n\n<figure class=\"wp-block-image size-large\"><a href=\"https:\/\/www.ofg.uni-osnabrueck.de\/wp-content\/uploads\/2020\/10\/DSC68501-1024x683.jpg\"><img loading=\"lazy\" decoding=\"async\" width=\"1024\" height=\"683\" data-id=\"3728\" src=\"https:\/\/www.ofg.uni-osnabrueck.de\/wp-content\/uploads\/2020\/10\/DSC68501-1024x683.jpg\" alt=\"\" class=\"wp-image-3728\" srcset=\"https:\/\/www.ofg.uni-osnabrueck.de\/wp-content\/uploads\/2020\/10\/DSC68501-1024x683.jpg 1024w, https:\/\/www.ofg.uni-osnabrueck.de\/wp-content\/uploads\/2020\/10\/DSC68501-300x200.jpg 300w, https:\/\/www.ofg.uni-osnabrueck.de\/wp-content\/uploads\/2020\/10\/DSC68501-768x513.jpg 768w, https:\/\/www.ofg.uni-osnabrueck.de\/wp-content\/uploads\/2020\/10\/DSC68501-1536x1025.jpg 1536w, https:\/\/www.ofg.uni-osnabrueck.de\/wp-content\/uploads\/2020\/10\/DSC68501-2048x1367.jpg 2048w\" sizes=\"auto, (max-width: 1024px) 100vw, 1024px\" \/><\/a><figcaption class=\"wp-element-caption\">Mayor Wolfgang Griesert gives the welcoming speech, \u00a9 Osnabr\u00fccker Friedensgespr\u00e4che | Uwe Lewandowski<\/figcaption><\/figure>\n\n\n\n<figure class=\"wp-block-image size-large\"><a href=\"https:\/\/www.ofg.uni-osnabrueck.de\/wp-content\/uploads\/2020\/10\/DSC70541-1024x683.jpg\"><img loading=\"lazy\" decoding=\"async\" width=\"1024\" height=\"683\" data-id=\"3742\" src=\"https:\/\/www.ofg.uni-osnabrueck.de\/wp-content\/uploads\/2020\/10\/DSC70541-1024x683.jpg\" alt=\"\" class=\"wp-image-3742\" srcset=\"https:\/\/www.ofg.uni-osnabrueck.de\/wp-content\/uploads\/2020\/10\/DSC70541-1024x683.jpg 1024w, https:\/\/www.ofg.uni-osnabrueck.de\/wp-content\/uploads\/2020\/10\/DSC70541-300x200.jpg 300w, https:\/\/www.ofg.uni-osnabrueck.de\/wp-content\/uploads\/2020\/10\/DSC70541-768x513.jpg 768w, https:\/\/www.ofg.uni-osnabrueck.de\/wp-content\/uploads\/2020\/10\/DSC70541-1536x1025.jpg 1536w, https:\/\/www.ofg.uni-osnabrueck.de\/wp-content\/uploads\/2020\/10\/DSC70541-2048x1367.jpg 2048w\" sizes=\"auto, (max-width: 1024px) 100vw, 1024px\" \/><\/a><figcaption class=\"wp-element-caption\">Prof. Dr. D\u017eevad Karahasan, \u00a9 Osnabr\u00fccker Friedensgespr\u00e4che | Uwe Lewandowski<\/figcaption><\/figure>\n<figcaption class=\"blocks-gallery-caption wp-element-caption\">\u00a9 Osnabr\u00fccker Friedensgespr\u00e4che | Uwe Lewandowski<\/figcaption><\/figure>\n<\/div>\n\n\n\n<div class=\"wp-block-column is-layout-flow wp-block-column-is-layout-flow\">\n<h4 class=\"wp-block-heading\"><strong>Video<\/strong> <strong>recordings<\/strong><\/h4>\n\n\n<figure class=\"wp-block-embed-youtube wp-block-embed is-type-video is-provider-youtube wp-embed-aspect-16-9 wp-has-aspect-ratio\"><div class=\"lyte-wrapper\" title=\"Europa sieht Deutschland. Im Frieden - mit wem?\" style=\"width:853px;max-width:100%;margin:5px auto;\"><div class=\"lyMe hidef\" id=\"WYL_kU6c-woY7as\" itemprop=\"video\" itemscope itemtype=\"https:\/\/schema.org\/VideoObject\"><div><meta itemprop=\"thumbnailUrl\" content=\"https:\/\/www.ofg.uni-osnabrueck.de\/wp-content\/plugins\/wp-youtube-lyte\/lyteCache.php?origThumbUrl=https%3A%2F%2Fi.ytimg.com%2Fvi%2FkU6c-woY7as%2Fmaxresdefault.jpg\" \/><meta itemprop=\"embedURL\" content=\"https:\/\/www.youtube.com\/embed\/kU6c-woY7as\" \/><meta itemprop=\"duration\" content=\"PT1H57M41S\" \/><meta itemprop=\"uploadDate\" content=\"2020-10-03T22:57:19Z\" \/><\/div><div id=\"lyte_kU6c-woY7as\" data-src=\"https:\/\/www.ofg.uni-osnabrueck.de\/wp-content\/plugins\/wp-youtube-lyte\/lyteCache.php?origThumbUrl=https%3A%2F%2Fi.ytimg.com%2Fvi%2FkU6c-woY7as%2Fmaxresdefault.jpg\" class=\"pL\"><div class=\"tC\"><div class=\"tT\" itemprop=\"name\">Europa sieht Deutschland. Im Frieden - mit wem?<\/div><\/div><div class=\"play\"><\/div><div class=\"ctrl\"><div class=\"Lctrl\"><\/div><div class=\"Rctrl\"><\/div><\/div><\/div><noscript><a href=\"https:\/\/youtu.be\/kU6c-woY7as\" rel=\"nofollow\"><img loading=\"lazy\" decoding=\"async\" src=\"https:\/\/www.ofg.uni-osnabrueck.de\/wp-content\/plugins\/wp-youtube-lyte\/lyteCache.php?origThumbUrl=https%3A%2F%2Fi.ytimg.com%2Fvi%2FkU6c-woY7as%2F0.jpg\" alt=\"Europa sieht Deutschland. Im Frieden - mit wem?\" width=\"853\" height=\"460\" \/><br \/>Watch this video on YouTube<\/a><\/noscript><meta itemprop=\"description\" content=\"Livestream des Festvortrags zum Tag der Deutschen Einheit mit Prof. Dr. D\u017eevad Karahasan, bosnischer Schriftsteller, Dramatiker, Essayist, Dramaturg und Literaturwissenschaftler. Moderation: Prof. Dr. Gy\u00f6rgy Sz\u00e9ll, Universit\u00e4t Osnabr\u00fcck Samstag, 3. Oktober 2020, 11 Uhr\"><\/div><\/div><div class=\"lL\" style=\"max-width:100%;width:853px;margin:5px auto;\"><br\/><span class=\"lyte_disclaimer\">Bitte beachten Sie unsere Datenschutzerkl\u00e4rung. Wenn Sie das Video abspielen, werden Daten an YouTube gesendet.<\/span><\/div><figcaption><\/figcaption><\/figure><\/div>\n<\/div>\n\n\n\n<p><\/p>\n","protected":false},"excerpt":{"rendered":"<p>Festvortrag zum Tag der Deutschen Einheit von Prof. Dr. D\u017eevad Karahasan (bosnischer Schriftsteller, Dramatiker, Essayist, Dramaturg und Literaturwissenschaftler)<\/p>\n","protected":false},"author":2,"featured_media":3742,"comment_status":"closed","ping_status":"closed","sticky":false,"template":"","format":"standard","meta":{"footnotes":""},"categories":[87,110,44,156],"tags":[],"class_list":["post-6520","post","type-post","status-publish","format-standard","has-post-thumbnail","hentry","category-europes-take-on-germany","category-homepage","category-nicht-kategorisiert-en","category-uncategorized","generate-columns","tablet-grid-50","mobile-grid-100","grid-parent","grid-50"],"wps_subtitle":"Im Frieden - mit wem?","_links":{"self":[{"href":"https:\/\/www.ofg.uni-osnabrueck.de\/en\/wp-json\/wp\/v2\/posts\/6520","targetHints":{"allow":["GET"]}}],"collection":[{"href":"https:\/\/www.ofg.uni-osnabrueck.de\/en\/wp-json\/wp\/v2\/posts"}],"about":[{"href":"https:\/\/www.ofg.uni-osnabrueck.de\/en\/wp-json\/wp\/v2\/types\/post"}],"author":[{"embeddable":true,"href":"https:\/\/www.ofg.uni-osnabrueck.de\/en\/wp-json\/wp\/v2\/users\/2"}],"replies":[{"embeddable":true,"href":"https:\/\/www.ofg.uni-osnabrueck.de\/en\/wp-json\/wp\/v2\/comments?post=6520"}],"version-history":[{"count":6,"href":"https:\/\/www.ofg.uni-osnabrueck.de\/en\/wp-json\/wp\/v2\/posts\/6520\/revisions"}],"predecessor-version":[{"id":13348,"href":"https:\/\/www.ofg.uni-osnabrueck.de\/en\/wp-json\/wp\/v2\/posts\/6520\/revisions\/13348"}],"wp:featuredmedia":[{"embeddable":true,"href":"https:\/\/www.ofg.uni-osnabrueck.de\/en\/wp-json\/wp\/v2\/media\/3742"}],"wp:attachment":[{"href":"https:\/\/www.ofg.uni-osnabrueck.de\/en\/wp-json\/wp\/v2\/media?parent=6520"}],"wp:term":[{"taxonomy":"category","embeddable":true,"href":"https:\/\/www.ofg.uni-osnabrueck.de\/en\/wp-json\/wp\/v2\/categories?post=6520"},{"taxonomy":"post_tag","embeddable":true,"href":"https:\/\/www.ofg.uni-osnabrueck.de\/en\/wp-json\/wp\/v2\/tags?post=6520"}],"curies":[{"name":"wp","href":"https:\/\/api.w.org\/{rel}","templated":true}]}}