{"id":6471,"date":"2021-11-25T19:15:00","date_gmt":"2021-11-25T18:15:00","guid":{"rendered":"https:\/\/www.ofg.uni-osnabrueck.de\/?p=6471"},"modified":"2022-02-03T14:50:29","modified_gmt":"2022-02-03T13:50:29","slug":"heimat-konservativ-progressiv-traditionell-homeland-conservative-progressive-traditional","status":"publish","type":"post","link":"https:\/\/www.ofg.uni-osnabrueck.de\/en\/heimat-konservativ-progressiv-traditionell-homeland-conservative-progressive-traditional\/","title":{"rendered":"Heimat \u2013 konservativ, progressiv, traditionell? (Homeland \u2013 conservative, progressive, traditional?)"},"content":{"rendered":"\n<h3 class=\"wp-block-heading\">Panel discussion with<\/h3>\n\n\n\n<div class=\"wp-block-columns is-layout-flex wp-container-core-columns-is-layout-9d6595d7 wp-block-columns-is-layout-flex\">\n<div class=\"wp-block-column is-layout-flow wp-block-column-is-layout-flow\" style=\"flex-basis:100%\">\n<div class=\"wp-block-columns is-layout-flex wp-container-core-columns-is-layout-9d6595d7 wp-block-columns-is-layout-flex\">\n<div class=\"wp-block-column is-layout-flow wp-block-column-is-layout-flow\" style=\"flex-basis:15%\">\n<figure class=\"wp-block-image size-thumbnail is-resized\"><a href=\"https:\/\/www.ofg.uni-osnabrueck.de\/wp-content\/uploads\/2020\/03\/Holger-B\u00f6ning_-Foto-Andreas-Amann-scaled.jpg\" target=\"_blank\" rel=\"noreferrer noopener\"><img loading=\"lazy\" decoding=\"async\" src=\"https:\/\/www.ofg.uni-osnabrueck.de\/wp-content\/uploads\/2020\/03\/Holger-B\u00f6ning_-Foto-Andreas-Amann-150x150.jpg\" alt=\"\" class=\"wp-image-2756\" width=\"113\" height=\"113\"\/><\/a><figcaption>\u00a9 Andreas Amann<\/figcaption><\/figure>\n<\/div>\n\n\n\n<div class=\"wp-block-column is-layout-flow wp-block-column-is-layout-flow\" style=\"flex-basis:85%\">\n<h3 class=\"wp-block-heading\"><strong>Prof. Dr. Holger B\u00f6ning<\/strong><\/h3>\n\n\n\n<p>Media historian, University of Bremen<\/p>\n<\/div>\n<\/div>\n\n\n\n<p><\/p>\n<\/div>\n\n\n\n<div class=\"wp-block-column is-layout-flow wp-block-column-is-layout-flow\" style=\"flex-basis:0%\"><\/div>\n<\/div>\n\n\n\n<div class=\"wp-block-columns is-layout-flex wp-container-core-columns-is-layout-9d6595d7 wp-block-columns-is-layout-flex\">\n<div class=\"wp-block-column is-layout-flow wp-block-column-is-layout-flow\" style=\"flex-basis:100%\"><\/div>\n\n\n\n<div class=\"wp-block-column is-layout-flow wp-block-column-is-layout-flow\" style=\"flex-basis:0%\"><\/div>\n<\/div>\n\n\n\n<div class=\"wp-block-columns is-layout-flex wp-container-core-columns-is-layout-9d6595d7 wp-block-columns-is-layout-flex\">\n<div class=\"wp-block-column is-layout-flow wp-block-column-is-layout-flow\" style=\"flex-basis:100%\">\n<div class=\"wp-block-columns is-layout-flex wp-container-core-columns-is-layout-9d6595d7 wp-block-columns-is-layout-flex\">\n<div class=\"wp-block-column is-layout-flow wp-block-column-is-layout-flow\" style=\"flex-basis:15%\">\n<figure class=\"wp-block-image size-thumbnail is-resized\"><a href=\"https:\/\/www.ofg.uni-osnabrueck.de\/wp-content\/uploads\/2020\/03\/Joachim-Herrmann_Foto-STMI-Bayern-scaled.jpg\" target=\"_blank\" rel=\"noreferrer noopener\"><img loading=\"lazy\" decoding=\"async\" src=\"https:\/\/www.ofg.uni-osnabrueck.de\/wp-content\/uploads\/2020\/03\/Joachim-Herrmann_Foto-STMI-Bayern-150x150.jpg\" alt=\"\" class=\"wp-image-2839\" width=\"113\" height=\"113\"\/><\/a><figcaption>\u00a9  Kurt Fuchs<\/figcaption><\/figure>\n<\/div>\n\n\n\n<div class=\"wp-block-column is-layout-flow wp-block-column-is-layout-flow\" style=\"flex-basis:85%\">\n<h3 class=\"wp-block-heading\"><strong>Joachim Herrmann<\/strong><\/h3>\n\n\n\n<p>Bavarian Minister of the Interior<\/p>\n<\/div>\n<\/div>\n<\/div>\n\n\n\n<div class=\"wp-block-column is-layout-flow wp-block-column-is-layout-flow\" style=\"flex-basis:0%\"><\/div>\n<\/div>\n\n\n\n<div class=\"wp-block-columns is-layout-flex wp-container-core-columns-is-layout-9d6595d7 wp-block-columns-is-layout-flex\">\n<div class=\"wp-block-column is-layout-flow wp-block-column-is-layout-flow\" style=\"flex-basis:100%\">\n<div class=\"wp-block-columns is-layout-flex wp-container-core-columns-is-layout-9d6595d7 wp-block-columns-is-layout-flex\">\n<div class=\"wp-block-column is-layout-flow wp-block-column-is-layout-flow\" style=\"flex-basis:15%\">\n<figure class=\"wp-block-image size-thumbnail is-resized\"><a href=\"https:\/\/www.ofg.uni-osnabrueck.de\/wp-content\/uploads\/2021\/11\/Filiz-Polat_Foto-Deutscher-Bundestag-Inga-Haar-scaled.jpg\" target=\"_blank\" rel=\"noreferrer noopener\"><img loading=\"lazy\" decoding=\"async\" src=\"https:\/\/www.ofg.uni-osnabrueck.de\/wp-content\/uploads\/2021\/11\/Filiz-Polat_Foto-Deutscher-Bundestag-Inga-Haar-150x150.jpg\" alt=\"\" class=\"wp-image-4165\" width=\"113\" height=\"113\"\/><\/a><figcaption>\u00a9 Deutscher Bundestag  | Inga Haar<\/figcaption><\/figure>\n<\/div>\n\n\n\n<div class=\"wp-block-column is-layout-flow wp-block-column-is-layout-flow\" style=\"flex-basis:85%\">\n<h3 class=\"wp-block-heading\"><strong>Filiz Polat<\/strong><\/h3>\n\n\n\n<p>Member of the Bundestag B\u00fcndnis 90\/Die Gr\u00fcnen<\/p>\n<\/div>\n<\/div>\n<\/div>\n\n\n\n<div class=\"wp-block-column is-layout-flow wp-block-column-is-layout-flow\" style=\"flex-basis:0%\"><\/div>\n<\/div>\n\n\n\n<div class=\"wp-block-columns is-layout-flex wp-container-core-columns-is-layout-9d6595d7 wp-block-columns-is-layout-flex\">\n<div class=\"wp-block-column is-layout-flow wp-block-column-is-layout-flow\" style=\"flex-basis:100%\">\n<div class=\"wp-block-columns is-layout-flex wp-container-core-columns-is-layout-9d6595d7 wp-block-columns-is-layout-flex\">\n<div class=\"wp-block-column is-layout-flow wp-block-column-is-layout-flow\" style=\"flex-basis:15%\">\n<figure class=\"wp-block-image size-thumbnail is-resized\"><img loading=\"lazy\" decoding=\"async\" src=\"https:\/\/www.ofg.uni-osnabrueck.de\/wp-content\/uploads\/2020\/08\/Verena-Schmitt-Roschmann_Foto-Gabriele-B\u00e4rtels-150x150.jpg\" alt=\"\" class=\"wp-image-3590\" width=\"113\" height=\"113\"\/><figcaption>\u00a9 Gabriele B\u00e4rtels<\/figcaption><\/figure>\n\n\n\n<p><\/p>\n<\/div>\n\n\n\n<div class=\"wp-block-column is-layout-flow wp-block-column-is-layout-flow\" style=\"flex-basis:85%\">\n<h3 class=\"wp-block-heading\"><strong>Verena Schmitt-Roschmann<\/strong><\/h3>\n\n\n\n<p>Correspondent, author and columnist<\/p>\n<\/div>\n<\/div>\n\n\n\n<p><strong>Moderation<\/strong><br>Prof. Dr. Reinhold Mokrosch, Osnabr\u00fcck University<\/p>\n<\/div>\n\n\n\n<div class=\"wp-block-column is-layout-flow wp-block-column-is-layout-flow\" style=\"flex-basis:0%\"><\/div>\n<\/div>\n\n\n\n<hr class=\"wp-block-separator\"\/>\n\n\n\n<p>Home is controversial. Some people associate home with a feeling of well-being with friends, acquaintances, relatives, neighbours and good working conditions &#8211; regardless of where they were born. &#8220;Ubi bene, ibi patria&#8221; (where there is beauty, there is home) was already said by Cicero in ancient Rome. The others tie home and feelings of home to the place where they grew up and built up reliability and trust.<\/p>\n\n\n\n<p>The times when political parties, religious communities or cultural habits made home possible are pass\u00e9. Today, people have to find their home by their own efforts in order to overcome foreignness and alienation. Can one say: My home is music, science, politics? Or even: My home is the forest, the mountains, the sea? Or does this emotional dimension also include a social, economic and political dimension? These questions were discussed with a highly qualified panel. At the same time, we recalled the understanding of home by Justus M\u00f6ser, who celebrated his 300th birthday last year.<\/p>\n\n\n\n<hr class=\"wp-block-separator\"\/>\n\n\n\n<p>25. November 2021, 19.15 Uhr, Aula der Universit\u00e4t, Neuer Graben 29 \/ Schloss<\/p>\n\n\n\n<div class=\"wp-block-columns is-layout-flex wp-container-core-columns-is-layout-9d6595d7 wp-block-columns-is-layout-flex\">\n<div class=\"wp-block-column is-layout-flow wp-block-column-is-layout-flow\">\n<p><strong>Picture gallery<\/strong><\/p>\n\n\n\n<figure class=\"wp-block-gallery columns-0 is-cropped wp-block-gallery-1 is-layout-flex wp-block-gallery-is-layout-flex\"><ul class=\"blocks-gallery-grid\"><li class=\"blocks-gallery-item\"><figure><a href=\"https:\/\/www.ofg.uni-osnabrueck.de\/wp-content\/uploads\/2021\/11\/DSC4870-scaled.jpg\"><img loading=\"lazy\" decoding=\"async\" width=\"1024\" height=\"683\" src=\"https:\/\/www.ofg.uni-osnabrueck.de\/wp-content\/uploads\/2021\/11\/DSC4870-1024x683.jpg\" alt=\"\" data-id=\"6067\" data-full-url=\"https:\/\/www.ofg.uni-osnabrueck.de\/wp-content\/uploads\/2021\/11\/DSC4870-scaled.jpg\" data-link=\"https:\/\/www.ofg.uni-osnabrueck.de\/_dsc4870\/\" class=\"wp-image-6067\" srcset=\"https:\/\/www.ofg.uni-osnabrueck.de\/wp-content\/uploads\/2021\/11\/DSC4870-1024x683.jpg 1024w, https:\/\/www.ofg.uni-osnabrueck.de\/wp-content\/uploads\/2021\/11\/DSC4870-300x200.jpg 300w, https:\/\/www.ofg.uni-osnabrueck.de\/wp-content\/uploads\/2021\/11\/DSC4870-768x513.jpg 768w, https:\/\/www.ofg.uni-osnabrueck.de\/wp-content\/uploads\/2021\/11\/DSC4870-1536x1025.jpg 1536w, https:\/\/www.ofg.uni-osnabrueck.de\/wp-content\/uploads\/2021\/11\/DSC4870-2048x1367.jpg 2048w\" sizes=\"auto, (max-width: 1024px) 100vw, 1024px\" \/><\/a><figcaption class=\"blocks-gallery-item__caption\">Podium, \u00a9 Osnabr\u00fccker Friedensgespr\u00e4che | Uwe Lewandowski<\/figcaption><\/figure><\/li><li class=\"blocks-gallery-item\"><figure><a href=\"https:\/\/www.ofg.uni-osnabrueck.de\/wp-content\/uploads\/2021\/11\/DSC4895-scaled.jpg\"><img loading=\"lazy\" decoding=\"async\" width=\"1024\" height=\"683\" src=\"https:\/\/www.ofg.uni-osnabrueck.de\/wp-content\/uploads\/2021\/11\/DSC4895-1024x683.jpg\" alt=\"\" data-id=\"6094\" data-full-url=\"https:\/\/www.ofg.uni-osnabrueck.de\/wp-content\/uploads\/2021\/11\/DSC4895-scaled.jpg\" data-link=\"https:\/\/www.ofg.uni-osnabrueck.de\/_dsc4895\/\" class=\"wp-image-6094\" srcset=\"https:\/\/www.ofg.uni-osnabrueck.de\/wp-content\/uploads\/2021\/11\/DSC4895-1024x683.jpg 1024w, https:\/\/www.ofg.uni-osnabrueck.de\/wp-content\/uploads\/2021\/11\/DSC4895-300x200.jpg 300w, https:\/\/www.ofg.uni-osnabrueck.de\/wp-content\/uploads\/2021\/11\/DSC4895-768x513.jpg 768w, https:\/\/www.ofg.uni-osnabrueck.de\/wp-content\/uploads\/2021\/11\/DSC4895-1536x1025.jpg 1536w, https:\/\/www.ofg.uni-osnabrueck.de\/wp-content\/uploads\/2021\/11\/DSC4895-2048x1367.jpg 2048w\" sizes=\"auto, (max-width: 1024px) 100vw, 1024px\" \/><\/a><figcaption class=\"blocks-gallery-item__caption\">Prof. Dr. Siegrid Westphal gibt eine Einf\u00fchrung, \u00a9 Osnabr\u00fccker Friedensgespr\u00e4che | Uwe Lewandowski<\/figcaption><\/figure><\/li><li class=\"blocks-gallery-item\"><figure><a href=\"https:\/\/www.ofg.uni-osnabrueck.de\/wp-content\/uploads\/2021\/11\/Boening-scaled.jpg\"><img loading=\"lazy\" decoding=\"async\" width=\"1024\" height=\"683\" src=\"https:\/\/www.ofg.uni-osnabrueck.de\/wp-content\/uploads\/2021\/11\/Boening-1024x683.jpg\" alt=\"\" data-id=\"6077\" data-full-url=\"https:\/\/www.ofg.uni-osnabrueck.de\/wp-content\/uploads\/2021\/11\/Boening-scaled.jpg\" data-link=\"https:\/\/www.ofg.uni-osnabrueck.de\/osnabrueck-friedensgespraech-heimat-in-der-schlossaula-3\/\" class=\"wp-image-6077\" srcset=\"https:\/\/www.ofg.uni-osnabrueck.de\/wp-content\/uploads\/2021\/11\/Boening-1024x683.jpg 1024w, https:\/\/www.ofg.uni-osnabrueck.de\/wp-content\/uploads\/2021\/11\/Boening-300x200.jpg 300w, https:\/\/www.ofg.uni-osnabrueck.de\/wp-content\/uploads\/2021\/11\/Boening-768x513.jpg 768w, https:\/\/www.ofg.uni-osnabrueck.de\/wp-content\/uploads\/2021\/11\/Boening-1536x1025.jpg 1536w, https:\/\/www.ofg.uni-osnabrueck.de\/wp-content\/uploads\/2021\/11\/Boening-2048x1367.jpg 2048w\" sizes=\"auto, (max-width: 1024px) 100vw, 1024px\" \/><\/a><figcaption class=\"blocks-gallery-item__caption\">Prof. Dr. Holger B\u00f6ning, \u00a9 Osnabr\u00fccker Friedensgespr\u00e4che | Uwe Lewandowski<\/figcaption><\/figure><\/li><li class=\"blocks-gallery-item\"><figure><a href=\"https:\/\/www.ofg.uni-osnabrueck.de\/wp-content\/uploads\/2021\/11\/Herrmann-scaled.jpg\"><img loading=\"lazy\" decoding=\"async\" width=\"1024\" height=\"683\" src=\"https:\/\/www.ofg.uni-osnabrueck.de\/wp-content\/uploads\/2021\/11\/Herrmann-1024x683.jpg\" alt=\"\" data-id=\"6083\" data-full-url=\"https:\/\/www.ofg.uni-osnabrueck.de\/wp-content\/uploads\/2021\/11\/Herrmann-scaled.jpg\" data-link=\"https:\/\/www.ofg.uni-osnabrueck.de\/osnabrueck-friedensgespraech-heimat-in-der-schlossaula-4\/\" class=\"wp-image-6083\" srcset=\"https:\/\/www.ofg.uni-osnabrueck.de\/wp-content\/uploads\/2021\/11\/Herrmann-1024x683.jpg 1024w, https:\/\/www.ofg.uni-osnabrueck.de\/wp-content\/uploads\/2021\/11\/Herrmann-300x200.jpg 300w, https:\/\/www.ofg.uni-osnabrueck.de\/wp-content\/uploads\/2021\/11\/Herrmann-768x513.jpg 768w, https:\/\/www.ofg.uni-osnabrueck.de\/wp-content\/uploads\/2021\/11\/Herrmann-1536x1025.jpg 1536w, https:\/\/www.ofg.uni-osnabrueck.de\/wp-content\/uploads\/2021\/11\/Herrmann-2048x1367.jpg 2048w\" sizes=\"auto, (max-width: 1024px) 100vw, 1024px\" \/><\/a><figcaption class=\"blocks-gallery-item__caption\">Joachim Herrmann, \u00a9 Osnabr\u00fccker Friedensgespr\u00e4che | Uwe Lewandowski<\/figcaption><\/figure><\/li><li class=\"blocks-gallery-item\"><figure><a href=\"https:\/\/www.ofg.uni-osnabrueck.de\/wp-content\/uploads\/2021\/11\/Polat-scaled.jpg\"><img loading=\"lazy\" decoding=\"async\" width=\"1024\" height=\"683\" src=\"https:\/\/www.ofg.uni-osnabrueck.de\/wp-content\/uploads\/2021\/11\/Polat-1024x683.jpg\" alt=\"\" data-id=\"6088\" data-full-url=\"https:\/\/www.ofg.uni-osnabrueck.de\/wp-content\/uploads\/2021\/11\/Polat-scaled.jpg\" data-link=\"https:\/\/www.ofg.uni-osnabrueck.de\/osnabrueck-friedensgespraech-heimat-in-der-schlossaula-5\/\" class=\"wp-image-6088\" srcset=\"https:\/\/www.ofg.uni-osnabrueck.de\/wp-content\/uploads\/2021\/11\/Polat-1024x683.jpg 1024w, https:\/\/www.ofg.uni-osnabrueck.de\/wp-content\/uploads\/2021\/11\/Polat-300x200.jpg 300w, https:\/\/www.ofg.uni-osnabrueck.de\/wp-content\/uploads\/2021\/11\/Polat-768x513.jpg 768w, https:\/\/www.ofg.uni-osnabrueck.de\/wp-content\/uploads\/2021\/11\/Polat-1536x1025.jpg 1536w, https:\/\/www.ofg.uni-osnabrueck.de\/wp-content\/uploads\/2021\/11\/Polat-2048x1367.jpg 2048w\" sizes=\"auto, (max-width: 1024px) 100vw, 1024px\" \/><\/a><figcaption class=\"blocks-gallery-item__caption\">Filiz Polat, \u00a9 Osnabr\u00fccker Friedensgespr\u00e4che | Uwe Lewandowski<\/figcaption><\/figure><\/li><li class=\"blocks-gallery-item\"><figure><a href=\"https:\/\/www.ofg.uni-osnabrueck.de\/wp-content\/uploads\/2021\/11\/Schmitt-Roschmann-scaled.jpg\"><img loading=\"lazy\" decoding=\"async\" width=\"1024\" height=\"683\" src=\"https:\/\/www.ofg.uni-osnabrueck.de\/wp-content\/uploads\/2021\/11\/Schmitt-Roschmann-1024x683.jpg\" alt=\"\" data-id=\"6062\" data-full-url=\"https:\/\/www.ofg.uni-osnabrueck.de\/wp-content\/uploads\/2021\/11\/Schmitt-Roschmann-scaled.jpg\" data-link=\"https:\/\/www.ofg.uni-osnabrueck.de\/osnabrueck-friedensgespraech-heimat-in-der-schlossaula\/\" class=\"wp-image-6062\" srcset=\"https:\/\/www.ofg.uni-osnabrueck.de\/wp-content\/uploads\/2021\/11\/Schmitt-Roschmann-1024x683.jpg 1024w, https:\/\/www.ofg.uni-osnabrueck.de\/wp-content\/uploads\/2021\/11\/Schmitt-Roschmann-300x200.jpg 300w, https:\/\/www.ofg.uni-osnabrueck.de\/wp-content\/uploads\/2021\/11\/Schmitt-Roschmann-768x513.jpg 768w, https:\/\/www.ofg.uni-osnabrueck.de\/wp-content\/uploads\/2021\/11\/Schmitt-Roschmann-1536x1025.jpg 1536w, https:\/\/www.ofg.uni-osnabrueck.de\/wp-content\/uploads\/2021\/11\/Schmitt-Roschmann-2048x1367.jpg 2048w\" sizes=\"auto, (max-width: 1024px) 100vw, 1024px\" \/><\/a><figcaption class=\"blocks-gallery-item__caption\">Verena Schmitt-Roschmann, \u00a9 Osnabr\u00fccker Friedensgespr\u00e4che | Uwe Lewandowski<\/figcaption><\/figure><\/li><li class=\"blocks-gallery-item\"><figure><a href=\"https:\/\/www.ofg.uni-osnabrueck.de\/wp-content\/uploads\/2021\/11\/DSC4830-scaled.jpg\"><img loading=\"lazy\" decoding=\"async\" width=\"1024\" height=\"683\" src=\"https:\/\/www.ofg.uni-osnabrueck.de\/wp-content\/uploads\/2021\/11\/DSC4830-1024x683.jpg\" alt=\"\" data-id=\"6102\" data-full-url=\"https:\/\/www.ofg.uni-osnabrueck.de\/wp-content\/uploads\/2021\/11\/DSC4830-scaled.jpg\" data-link=\"https:\/\/www.ofg.uni-osnabrueck.de\/_dsc4830\/\" class=\"wp-image-6102\" srcset=\"https:\/\/www.ofg.uni-osnabrueck.de\/wp-content\/uploads\/2021\/11\/DSC4830-1024x683.jpg 1024w, https:\/\/www.ofg.uni-osnabrueck.de\/wp-content\/uploads\/2021\/11\/DSC4830-300x200.jpg 300w, https:\/\/www.ofg.uni-osnabrueck.de\/wp-content\/uploads\/2021\/11\/DSC4830-768x513.jpg 768w, https:\/\/www.ofg.uni-osnabrueck.de\/wp-content\/uploads\/2021\/11\/DSC4830-1536x1025.jpg 1536w, https:\/\/www.ofg.uni-osnabrueck.de\/wp-content\/uploads\/2021\/11\/DSC4830-2048x1367.jpg 2048w\" sizes=\"auto, (max-width: 1024px) 100vw, 1024px\" \/><\/a><figcaption class=\"blocks-gallery-item__caption\">Prof. Dr. Reinhold Mokrosch, \u00a9 Osnabr\u00fccker Friedensgespr\u00e4che | Uwe Lewandowski<\/figcaption><\/figure><\/li><li class=\"blocks-gallery-item\"><figure><a href=\"https:\/\/www.ofg.uni-osnabrueck.de\/wp-content\/uploads\/2021\/11\/DSC5020-scaled.jpg\"><img loading=\"lazy\" decoding=\"async\" width=\"1024\" height=\"647\" src=\"https:\/\/www.ofg.uni-osnabrueck.de\/wp-content\/uploads\/2021\/11\/DSC5020-1024x647.jpg\" alt=\"\" data-id=\"6071\" data-full-url=\"https:\/\/www.ofg.uni-osnabrueck.de\/wp-content\/uploads\/2021\/11\/DSC5020-scaled.jpg\" data-link=\"https:\/\/www.ofg.uni-osnabrueck.de\/osnabrueck-friedensgespraech-heimat-in-der-schlossaula-2\/\" class=\"wp-image-6071\" srcset=\"https:\/\/www.ofg.uni-osnabrueck.de\/wp-content\/uploads\/2021\/11\/DSC5020-1024x647.jpg 1024w, https:\/\/www.ofg.uni-osnabrueck.de\/wp-content\/uploads\/2021\/11\/DSC5020-300x189.jpg 300w, https:\/\/www.ofg.uni-osnabrueck.de\/wp-content\/uploads\/2021\/11\/DSC5020-768x485.jpg 768w, https:\/\/www.ofg.uni-osnabrueck.de\/wp-content\/uploads\/2021\/11\/DSC5020-1536x970.jpg 1536w, https:\/\/www.ofg.uni-osnabrueck.de\/wp-content\/uploads\/2021\/11\/DSC5020-2048x1293.jpg 2048w\" sizes=\"auto, (max-width: 1024px) 100vw, 1024px\" \/><\/a><figcaption class=\"blocks-gallery-item__caption\">Podiumsdiskussion, \u00a9 Osnabr\u00fccker Friedensgespr\u00e4che | Uwe Lewandowski<\/figcaption><\/figure><\/li><\/ul><figcaption class=\"blocks-gallery-caption\">\u00a9 Osnabr\u00fccker Friedensgespr\u00e4che | Uwe Lewandowski<\/figcaption><\/figure>\n<\/div>\n\n\n\n<div class=\"wp-block-column is-layout-flow wp-block-column-is-layout-flow\">\n<h4 class=\"wp-block-heading\"><strong>Video<\/strong> <strong>recordings<\/strong><\/h4>\n\n\n<figure class=\"wp-block-embed-youtube wp-block-embed is-type-video is-provider-youtube wp-embed-aspect-16-9 wp-has-aspect-ratio\"><div class=\"lyte-wrapper\" title=\"Heimat &ndash; konservativ, progressiv, traditionell?\" style=\"width:853px;max-width:100%;margin:5px auto;\"><div class=\"lyMe hidef\" id=\"WYL_fLACYAWpetc\" itemprop=\"video\" itemscope itemtype=\"https:\/\/schema.org\/VideoObject\"><div><meta itemprop=\"thumbnailUrl\" content=\"https:\/\/www.ofg.uni-osnabrueck.de\/wp-content\/plugins\/wp-youtube-lyte\/lyteCache.php?origThumbUrl=https%3A%2F%2Fi.ytimg.com%2Fvi%2FfLACYAWpetc%2Fmaxresdefault.jpg\" \/><meta itemprop=\"embedURL\" content=\"https:\/\/www.youtube.com\/embed\/fLACYAWpetc\" \/><meta itemprop=\"duration\" content=\"PT1H56M35S\" \/><meta itemprop=\"uploadDate\" content=\"2021-11-26T08:23:34Z\" \/><\/div><div id=\"lyte_fLACYAWpetc\" data-src=\"https:\/\/www.ofg.uni-osnabrueck.de\/wp-content\/plugins\/wp-youtube-lyte\/lyteCache.php?origThumbUrl=https%3A%2F%2Fi.ytimg.com%2Fvi%2FfLACYAWpetc%2Fmaxresdefault.jpg\" class=\"pL\"><div class=\"tC\"><div class=\"tT\" itemprop=\"name\">Heimat \u2013 konservativ, progressiv, traditionell?<\/div><\/div><div class=\"play\"><\/div><div class=\"ctrl\"><div class=\"Lctrl\"><\/div><div class=\"Rctrl\"><\/div><\/div><\/div><noscript><a href=\"https:\/\/youtu.be\/fLACYAWpetc\" rel=\"nofollow\"><img loading=\"lazy\" decoding=\"async\" src=\"https:\/\/www.ofg.uni-osnabrueck.de\/wp-content\/plugins\/wp-youtube-lyte\/lyteCache.php?origThumbUrl=https%3A%2F%2Fi.ytimg.com%2Fvi%2FfLACYAWpetc%2F0.jpg\" alt=\"Heimat &ndash; konservativ, progressiv, traditionell?\" width=\"853\" height=\"460\" \/><br \/>Watch this video on YouTube<\/a><\/noscript><meta itemprop=\"description\" content=\"Heimat ist strittig. Die einen verkn\u00fcpfen mit Heimat ein Gef\u00fchl des Wohlbefindens mit Freundinnen, Freunden, Bekannten, Verwandten, Nachbarinnen, Nachbarn und guten Arbeits-verh\u00e4ltnissen \u2013 unabh\u00e4ngig von ihrem Geburtsort. \u201eUbi bene, ibi patria\u201c (wo es sch\u00f6n ist, da ist Heimat), meinte schon Cicero im Alten Rom. Die anderen binden Heimat und Heimatgef\u00fchle an den Ort, an dem sie gro\u00df geworden sind und Verl\u00e4sslichkeit und Vertrauen aufgebaut haben. Die Zeiten, in denen politische Parteien, religi\u00f6se Gemeinschaf\u00adten oder kulturelle Gewohnheiten Heimat erm\u00f6glichten, sind pass\u00e9. Heute muss man sich aus eigener Kraft beheimaten, um Fremdheit und Entfremdung zu \u00fcberwinden. Kann man sagen: Meine Heimat ist die Musik, die Wissenschaft, die Politik? Oder auch: Meine Heimat ist der Wald, das Gebirge, das Meer? Oder geh\u00f6rt zu dieser emotionalen Dimension auch eine soziale, wirtschaftliche und politische Dimension? Diese Fragen wer\u00adden mit einem hoch qualifizierten Podium diskutiert. Gleich\u00adzeitig rekurrieren wir auf das Heimatverst\u00e4ndnis von Justus M\u00f6ser, der im letzten Jahr seinen 300. Geburtstag beging.\"><\/div><\/div><div class=\"lL\" style=\"max-width:100%;width:853px;margin:5px auto;\"><br\/><span class=\"lyte_disclaimer\">Bitte beachten Sie unsere Datenschutzerkl\u00e4rung. Wenn Sie das Video abspielen, werden Daten an YouTube gesendet.<\/span><\/div><figcaption><\/figcaption><\/figure><\/div>\n<\/div>\n","protected":false},"excerpt":{"rendered":"<p>Home is controversial. Some people associate home with a feeling of well-being with friends, acquaintances, relatives, neighbours and good working conditions &#8211; regardless of where they were born. &#8220;Ubi bene, ibi patria&#8221; (where there is beauty, there is home) was already said by Cicero in ancient Rome. The others tie home and feelings of home to the place where they grew up and built up reliability and trust.<\/p>\n","protected":false},"author":2,"featured_media":6071,"comment_status":"closed","ping_status":"closed","sticky":false,"template":"","format":"standard","meta":{"footnotes":""},"categories":[44,88,156],"tags":[26],"class_list":["post-6471","post","type-post","status-publish","format-standard","has-post-thumbnail","hentry","category-nicht-kategorisiert-en","category-talks-and-debate","category-uncategorized","tag-ausblenden","generate-columns","tablet-grid-50","mobile-grid-100","grid-parent","grid-50"],"wps_subtitle":"On the occasion of the 300th birthday of Justus M\u00f6ser","_links":{"self":[{"href":"https:\/\/www.ofg.uni-osnabrueck.de\/en\/wp-json\/wp\/v2\/posts\/6471","targetHints":{"allow":["GET"]}}],"collection":[{"href":"https:\/\/www.ofg.uni-osnabrueck.de\/en\/wp-json\/wp\/v2\/posts"}],"about":[{"href":"https:\/\/www.ofg.uni-osnabrueck.de\/en\/wp-json\/wp\/v2\/types\/post"}],"author":[{"embeddable":true,"href":"https:\/\/www.ofg.uni-osnabrueck.de\/en\/wp-json\/wp\/v2\/users\/2"}],"replies":[{"embeddable":true,"href":"https:\/\/www.ofg.uni-osnabrueck.de\/en\/wp-json\/wp\/v2\/comments?post=6471"}],"version-history":[{"count":6,"href":"https:\/\/www.ofg.uni-osnabrueck.de\/en\/wp-json\/wp\/v2\/posts\/6471\/revisions"}],"predecessor-version":[{"id":6480,"href":"https:\/\/www.ofg.uni-osnabrueck.de\/en\/wp-json\/wp\/v2\/posts\/6471\/revisions\/6480"}],"wp:featuredmedia":[{"embeddable":true,"href":"https:\/\/www.ofg.uni-osnabrueck.de\/en\/wp-json\/wp\/v2\/media\/6071"}],"wp:attachment":[{"href":"https:\/\/www.ofg.uni-osnabrueck.de\/en\/wp-json\/wp\/v2\/media?parent=6471"}],"wp:term":[{"taxonomy":"category","embeddable":true,"href":"https:\/\/www.ofg.uni-osnabrueck.de\/en\/wp-json\/wp\/v2\/categories?post=6471"},{"taxonomy":"post_tag","embeddable":true,"href":"https:\/\/www.ofg.uni-osnabrueck.de\/en\/wp-json\/wp\/v2\/tags?post=6471"}],"curies":[{"name":"wp","href":"https:\/\/api.w.org\/{rel}","templated":true}]}}