{"id":6434,"date":"2021-11-01T18:00:00","date_gmt":"2021-11-01T17:00:00","guid":{"rendered":"https:\/\/www.ofg.uni-osnabrueck.de\/?p=6434"},"modified":"2022-02-03T14:24:21","modified_gmt":"2022-02-03T13:24:21","slug":"brennglas-corona-corona-burning-glass","status":"publish","type":"post","link":"https:\/\/www.ofg.uni-osnabrueck.de\/en\/brennglas-corona-corona-burning-glass\/","title":{"rendered":"Brennglas Corona (Corona burning glass)"},"content":{"rendered":"\n<h3 class=\"wp-block-heading\">Panel discussion with<\/h3>\n\n\n\n<h3 class=\"wp-block-heading\"><br><\/h3>\n\n\n\n<div class=\"wp-block-columns is-layout-flex wp-container-core-columns-is-layout-9d6595d7 wp-block-columns-is-layout-flex\">\n<div class=\"wp-block-column is-layout-flow wp-block-column-is-layout-flow\" style=\"flex-basis:100%\">\n<div class=\"wp-block-columns is-layout-flex wp-container-core-columns-is-layout-9d6595d7 wp-block-columns-is-layout-flex\">\n<div class=\"wp-block-column is-layout-flow wp-block-column-is-layout-flow\" style=\"flex-basis:15%\">\n<figure class=\"wp-block-image size-thumbnail is-resized\"><img loading=\"lazy\" decoding=\"async\" src=\"https:\/\/www.ofg.uni-osnabrueck.de\/wp-content\/uploads\/2020\/10\/Christoph-Butterwegge_Foto-Markus-J.-Feger--150x150.jpg\" alt=\"\" class=\"wp-image-3711\" width=\"113\" height=\"113\"\/><figcaption>\u00a9 Markus J. Feger<\/figcaption><\/figure>\n<\/div>\n\n\n\n<div class=\"wp-block-column is-layout-flow wp-block-column-is-layout-flow\" style=\"flex-basis:85%\">\n<h3 class=\"wp-block-heading\"><strong>Prof. Dr. Christoph Butterwegge<\/strong><\/h3>\n\n\n\n<p>Poverty researcher, University of Cologne<\/p>\n<\/div>\n<\/div>\n\n\n\n<p><\/p>\n<\/div>\n\n\n\n<div class=\"wp-block-column is-layout-flow wp-block-column-is-layout-flow\" style=\"flex-basis:0%\"><\/div>\n<\/div>\n\n\n\n<div class=\"wp-block-columns is-layout-flex wp-container-core-columns-is-layout-9d6595d7 wp-block-columns-is-layout-flex\">\n<div class=\"wp-block-column is-layout-flow wp-block-column-is-layout-flow\" style=\"flex-basis:100%\">\n<div class=\"wp-block-columns is-layout-flex wp-container-core-columns-is-layout-9d6595d7 wp-block-columns-is-layout-flex\">\n<div class=\"wp-block-column is-layout-flow wp-block-column-is-layout-flow\" style=\"flex-basis:15%\">\n<figure class=\"wp-block-image size-thumbnail is-resized\"><img loading=\"lazy\" decoding=\"async\" src=\"https:\/\/www.ofg.uni-osnabrueck.de\/wp-content\/uploads\/2020\/10\/Hajo-Holst_Foto-Uni-Osnabr\u00fcck-Elena-Scholz-150x150.jpg\" alt=\"\" class=\"wp-image-3713\" width=\"113\" height=\"113\"\/><figcaption>\u00a9 Universit\u00e4t Osnabr\u00fcck | Elena Scholz<\/figcaption><\/figure>\n<\/div>\n\n\n\n<div class=\"wp-block-column is-layout-flow wp-block-column-is-layout-flow\" style=\"flex-basis:85%\">\n<h3 class=\"wp-block-heading\"><strong>Prof. Dr. Hajo Holst<\/strong><\/h3>\n\n\n\n<p>Economic, organisational and labour sociologist, University of Osnabr\u00fcck<\/p>\n\n\n\n<p><\/p>\n<\/div>\n<\/div>\n\n\n\n<div class=\"wp-block-columns is-layout-flex wp-container-core-columns-is-layout-9d6595d7 wp-block-columns-is-layout-flex\">\n<div class=\"wp-block-column is-layout-flow wp-block-column-is-layout-flow\" style=\"flex-basis:15%\">\n<figure class=\"wp-block-image size-thumbnail is-resized\"><img loading=\"lazy\" decoding=\"async\" src=\"https:\/\/www.ofg.uni-osnabrueck.de\/wp-content\/uploads\/2020\/10\/bettina-kohlrausch_Foto-Hans-B\u00f6ckler-Stiftung-Karsten-Sch\u00f6ne-scaled-e1601885348950-150x150.jpeg\" alt=\"\" class=\"wp-image-3712\" width=\"113\" height=\"113\"\/><figcaption>\u00a9 Hans-B\u00f6ckler-Stiftung | Karsten Sch\u00f6ne<\/figcaption><\/figure>\n<\/div>\n\n\n\n<div class=\"wp-block-column is-layout-flow wp-block-column-is-layout-flow\" style=\"flex-basis:85%\">\n<h3 class=\"wp-block-heading\"><strong>Prof. Dr. Bettina Kohlrausch<\/strong><\/h3>\n\n\n\n<p>Director of the Institute of Economic and Social Research, D\u00fcsseldorf<\/p>\n\n\n\n<p><\/p>\n<\/div>\n<\/div>\n\n\n\n<div class=\"wp-block-columns is-layout-flex wp-container-core-columns-is-layout-9d6595d7 wp-block-columns-is-layout-flex\">\n<div class=\"wp-block-column is-layout-flow wp-block-column-is-layout-flow\" style=\"flex-basis:15%\">\n<figure class=\"wp-block-image size-thumbnail is-resized\"><img loading=\"lazy\" decoding=\"async\" src=\"https:\/\/www.ofg.uni-osnabrueck.de\/wp-content\/uploads\/2021\/01\/Peter-Kossen_Foto-Katholische-Kirchengemeinde-Lengerich-Alfons-Anielski-150x150.jpg\" alt=\"\" class=\"wp-image-4154\" width=\"113\" height=\"113\" srcset=\"https:\/\/www.ofg.uni-osnabrueck.de\/wp-content\/uploads\/2021\/01\/Peter-Kossen_Foto-Katholische-Kirchengemeinde-Lengerich-Alfons-Anielski-150x150.jpg 150w, https:\/\/www.ofg.uni-osnabrueck.de\/wp-content\/uploads\/2021\/01\/Peter-Kossen_Foto-Katholische-Kirchengemeinde-Lengerich-Alfons-Anielski-300x300.jpg 300w, https:\/\/www.ofg.uni-osnabrueck.de\/wp-content\/uploads\/2021\/01\/Peter-Kossen_Foto-Katholische-Kirchengemeinde-Lengerich-Alfons-Anielski-1024x1024.jpg 1024w, https:\/\/www.ofg.uni-osnabrueck.de\/wp-content\/uploads\/2021\/01\/Peter-Kossen_Foto-Katholische-Kirchengemeinde-Lengerich-Alfons-Anielski-768x768.jpg 768w, https:\/\/www.ofg.uni-osnabrueck.de\/wp-content\/uploads\/2021\/01\/Peter-Kossen_Foto-Katholische-Kirchengemeinde-Lengerich-Alfons-Anielski-1536x1536.jpg 1536w, https:\/\/www.ofg.uni-osnabrueck.de\/wp-content\/uploads\/2021\/01\/Peter-Kossen_Foto-Katholische-Kirchengemeinde-Lengerich-Alfons-Anielski-2048x2048.jpg 2048w\" sizes=\"auto, (max-width: 113px) 100vw, 113px\" \/><figcaption>\u00a9 Katholische Kirchengemeinde Lengerich | Alfons Anielski<\/figcaption><\/figure>\n<\/div>\n\n\n\n<div class=\"wp-block-column is-layout-flow wp-block-column-is-layout-flow\" style=\"flex-basis:85%\">\n<h3 class=\"wp-block-heading\"><strong>Peter Kossen<\/strong><\/h3>\n\n\n\n<p>Pastor, Blessed Niels Stensen Parish, Lengerich<\/p>\n\n\n\n<p><\/p>\n<\/div>\n<\/div>\n\n\n\n<p><strong>Moderation<\/strong><br>Prof. Dr. Martina Blasberg-Kuhnke, Osnabr\u00fcck University<\/p>\n\n\n\n<hr class=\"wp-block-separator\"\/>\n\n\n\n<p>Corona &#8211; for some this means home office, for others short-time work and for some the loss of their job! Businesses, administrations, colleges and universities have been able to use and develop the digitalisation skills they have built up over the years, while other sectors have come to a complete standstill, especially in the catering and hotel industries.<\/p>\n\n\n\n<p>Does the Corona pandemic act like a burning glass that makes social injustices visible, intensifies and deepens them? Prof. Dr. Christoph Butterwegge, poverty researcher at the University of Cologne, Prof. Dr. Hajo Holst, economic, organisational and labour sociologist at the University of Osnabr\u00fcck, the Director of the Economic and Social Science Institute, D\u00fcsseldorf, Prof. Dr. Bettina Kohlrausch and the Rev. Peter Kossen spoke about this under the moderation of Prof. Dr. Martina Blasberg-Kuhnke, Chair of the Scientific Council of the Osnabr\u00fcck Peace Forum and Vice President of the University of Osnabr\u00fcck. The Minister of the Interior of Lower Saxony, Boris Pistorius, was unfortunately unable to attend the discussion due to scheduling reasons.<\/p>\n\n\n\n<p>1. November 2021, 18 Uhr, Livestream<\/p>\n\n\n\n<p><\/p>\n<\/div>\n\n\n\n<div class=\"wp-block-column is-layout-flow wp-block-column-is-layout-flow\" style=\"flex-basis:0%\"><\/div>\n<\/div>\n\n\n\n<div class=\"wp-block-columns is-layout-flex wp-container-core-columns-is-layout-9d6595d7 wp-block-columns-is-layout-flex\">\n<div class=\"wp-block-column is-layout-flow wp-block-column-is-layout-flow\">\n<p><strong>Picture gallery<\/strong><\/p>\n\n\n\n<figure class=\"wp-block-gallery columns-0 is-cropped wp-block-gallery-1 is-layout-flex wp-block-gallery-is-layout-flex\"><ul class=\"blocks-gallery-grid\"><li class=\"blocks-gallery-item\"><figure><a href=\"https:\/\/www.ofg.uni-osnabrueck.de\/wp-content\/uploads\/2021\/11\/DSC9355-scaled.jpg\"><img loading=\"lazy\" decoding=\"async\" width=\"1024\" height=\"555\" src=\"https:\/\/www.ofg.uni-osnabrueck.de\/wp-content\/uploads\/2021\/11\/DSC9355-1024x555.jpg\" alt=\"\" data-id=\"5945\" data-full-url=\"https:\/\/www.ofg.uni-osnabrueck.de\/wp-content\/uploads\/2021\/11\/DSC9355-scaled.jpg\" data-link=\"https:\/\/www.ofg.uni-osnabrueck.de\/_dsc9355\/\" class=\"wp-image-5945\" srcset=\"https:\/\/www.ofg.uni-osnabrueck.de\/wp-content\/uploads\/2021\/11\/DSC9355-1024x555.jpg 1024w, https:\/\/www.ofg.uni-osnabrueck.de\/wp-content\/uploads\/2021\/11\/DSC9355-300x162.jpg 300w, https:\/\/www.ofg.uni-osnabrueck.de\/wp-content\/uploads\/2021\/11\/DSC9355-768x416.jpg 768w, https:\/\/www.ofg.uni-osnabrueck.de\/wp-content\/uploads\/2021\/11\/DSC9355-1536x832.jpg 1536w, https:\/\/www.ofg.uni-osnabrueck.de\/wp-content\/uploads\/2021\/11\/DSC9355-2048x1109.jpg 2048w\" sizes=\"auto, (max-width: 1024px) 100vw, 1024px\" \/><\/a><figcaption class=\"blocks-gallery-item__caption\">das Podium, \u00a9 Osnabr\u00fccker Friedensgespr\u00e4che | Uwe Lewandowski<\/figcaption><\/figure><\/li><li class=\"blocks-gallery-item\"><figure><a href=\"https:\/\/www.ofg.uni-osnabrueck.de\/wp-content\/uploads\/2021\/11\/DSC9187-scaled.jpg\"><img loading=\"lazy\" decoding=\"async\" width=\"1024\" height=\"683\" src=\"https:\/\/www.ofg.uni-osnabrueck.de\/wp-content\/uploads\/2021\/11\/DSC9187-1024x683.jpg\" alt=\"\" data-id=\"5976\" data-full-url=\"https:\/\/www.ofg.uni-osnabrueck.de\/wp-content\/uploads\/2021\/11\/DSC9187-scaled.jpg\" data-link=\"https:\/\/www.ofg.uni-osnabrueck.de\/_dsc9187\/\" class=\"wp-image-5976\" srcset=\"https:\/\/www.ofg.uni-osnabrueck.de\/wp-content\/uploads\/2021\/11\/DSC9187-1024x683.jpg 1024w, https:\/\/www.ofg.uni-osnabrueck.de\/wp-content\/uploads\/2021\/11\/DSC9187-300x200.jpg 300w, https:\/\/www.ofg.uni-osnabrueck.de\/wp-content\/uploads\/2021\/11\/DSC9187-768x513.jpg 768w, https:\/\/www.ofg.uni-osnabrueck.de\/wp-content\/uploads\/2021\/11\/DSC9187-1536x1025.jpg 1536w, https:\/\/www.ofg.uni-osnabrueck.de\/wp-content\/uploads\/2021\/11\/DSC9187-2048x1367.jpg 2048w\" sizes=\"auto, (max-width: 1024px) 100vw, 1024px\" \/><\/a><figcaption class=\"blocks-gallery-item__caption\">Prof. Dr. Christoph Butterwegge, \u00a9 Osnabr\u00fccker Friedensgespr\u00e4che | Uwe Lewandowski<\/figcaption><\/figure><\/li><li class=\"blocks-gallery-item\"><figure><a href=\"https:\/\/www.ofg.uni-osnabrueck.de\/wp-content\/uploads\/2021\/11\/DSC9303-scaled.jpg\"><img loading=\"lazy\" decoding=\"async\" width=\"1024\" height=\"683\" src=\"https:\/\/www.ofg.uni-osnabrueck.de\/wp-content\/uploads\/2021\/11\/DSC9303-1024x683.jpg\" alt=\"\" data-id=\"5971\" data-full-url=\"https:\/\/www.ofg.uni-osnabrueck.de\/wp-content\/uploads\/2021\/11\/DSC9303-scaled.jpg\" data-link=\"https:\/\/www.ofg.uni-osnabrueck.de\/_dsc9303\/\" class=\"wp-image-5971\" srcset=\"https:\/\/www.ofg.uni-osnabrueck.de\/wp-content\/uploads\/2021\/11\/DSC9303-1024x683.jpg 1024w, https:\/\/www.ofg.uni-osnabrueck.de\/wp-content\/uploads\/2021\/11\/DSC9303-300x200.jpg 300w, https:\/\/www.ofg.uni-osnabrueck.de\/wp-content\/uploads\/2021\/11\/DSC9303-768x513.jpg 768w, https:\/\/www.ofg.uni-osnabrueck.de\/wp-content\/uploads\/2021\/11\/DSC9303-1536x1025.jpg 1536w, https:\/\/www.ofg.uni-osnabrueck.de\/wp-content\/uploads\/2021\/11\/DSC9303-2048x1367.jpg 2048w\" sizes=\"auto, (max-width: 1024px) 100vw, 1024px\" \/><\/a><figcaption class=\"blocks-gallery-item__caption\">Prof. Dr. Hajo Holst, \u00a9 Osnabr\u00fccker Friedensgespr\u00e4che | Uwe Lewandowski<\/figcaption><\/figure><\/li><li class=\"blocks-gallery-item\"><figure><a href=\"https:\/\/www.ofg.uni-osnabrueck.de\/wp-content\/uploads\/2021\/11\/DSC9219-scaled.jpg\"><img loading=\"lazy\" decoding=\"async\" width=\"1024\" height=\"683\" src=\"https:\/\/www.ofg.uni-osnabrueck.de\/wp-content\/uploads\/2021\/11\/DSC9219-1024x683.jpg\" alt=\"\" data-id=\"5984\" data-full-url=\"https:\/\/www.ofg.uni-osnabrueck.de\/wp-content\/uploads\/2021\/11\/DSC9219-scaled.jpg\" data-link=\"https:\/\/www.ofg.uni-osnabrueck.de\/_dsc9219\/\" class=\"wp-image-5984\" srcset=\"https:\/\/www.ofg.uni-osnabrueck.de\/wp-content\/uploads\/2021\/11\/DSC9219-1024x683.jpg 1024w, https:\/\/www.ofg.uni-osnabrueck.de\/wp-content\/uploads\/2021\/11\/DSC9219-300x200.jpg 300w, https:\/\/www.ofg.uni-osnabrueck.de\/wp-content\/uploads\/2021\/11\/DSC9219-768x513.jpg 768w, https:\/\/www.ofg.uni-osnabrueck.de\/wp-content\/uploads\/2021\/11\/DSC9219-1536x1025.jpg 1536w, https:\/\/www.ofg.uni-osnabrueck.de\/wp-content\/uploads\/2021\/11\/DSC9219-2048x1367.jpg 2048w\" sizes=\"auto, (max-width: 1024px) 100vw, 1024px\" \/><\/a><figcaption class=\"blocks-gallery-item__caption\">Podiumsdiskussion, \u00a9 Osnabr\u00fccker Friedensgespr\u00e4che | Uwe Lewandowski<\/figcaption><\/figure><\/li><li class=\"blocks-gallery-item\"><figure><a href=\"https:\/\/www.ofg.uni-osnabrueck.de\/wp-content\/uploads\/2021\/11\/DSC9395-scaled.jpg\"><img loading=\"lazy\" decoding=\"async\" width=\"1024\" height=\"683\" src=\"https:\/\/www.ofg.uni-osnabrueck.de\/wp-content\/uploads\/2021\/11\/DSC9395-1024x683.jpg\" alt=\"\" data-id=\"5962\" data-full-url=\"https:\/\/www.ofg.uni-osnabrueck.de\/wp-content\/uploads\/2021\/11\/DSC9395-scaled.jpg\" data-link=\"https:\/\/www.ofg.uni-osnabrueck.de\/_dsc9395\/\" class=\"wp-image-5962\" srcset=\"https:\/\/www.ofg.uni-osnabrueck.de\/wp-content\/uploads\/2021\/11\/DSC9395-1024x683.jpg 1024w, https:\/\/www.ofg.uni-osnabrueck.de\/wp-content\/uploads\/2021\/11\/DSC9395-300x200.jpg 300w, https:\/\/www.ofg.uni-osnabrueck.de\/wp-content\/uploads\/2021\/11\/DSC9395-768x513.jpg 768w, https:\/\/www.ofg.uni-osnabrueck.de\/wp-content\/uploads\/2021\/11\/DSC9395-1536x1025.jpg 1536w, https:\/\/www.ofg.uni-osnabrueck.de\/wp-content\/uploads\/2021\/11\/DSC9395-2048x1367.jpg 2048w\" sizes=\"auto, (max-width: 1024px) 100vw, 1024px\" \/><\/a><figcaption class=\"blocks-gallery-item__caption\">Prof. Dr. Bettina Kohlrausch, \u00a9 Osnabr\u00fccker Friedensgespr\u00e4che | Uwe Lewandowski<\/figcaption><\/figure><\/li><li class=\"blocks-gallery-item\"><figure><a href=\"https:\/\/www.ofg.uni-osnabrueck.de\/wp-content\/uploads\/2021\/11\/DSC9428-scaled.jpg\"><img loading=\"lazy\" decoding=\"async\" width=\"1024\" height=\"683\" src=\"https:\/\/www.ofg.uni-osnabrueck.de\/wp-content\/uploads\/2021\/11\/DSC9428-1024x683.jpg\" alt=\"\" data-id=\"5967\" data-full-url=\"https:\/\/www.ofg.uni-osnabrueck.de\/wp-content\/uploads\/2021\/11\/DSC9428-scaled.jpg\" data-link=\"https:\/\/www.ofg.uni-osnabrueck.de\/_dsc9428\/\" class=\"wp-image-5967\" srcset=\"https:\/\/www.ofg.uni-osnabrueck.de\/wp-content\/uploads\/2021\/11\/DSC9428-1024x683.jpg 1024w, https:\/\/www.ofg.uni-osnabrueck.de\/wp-content\/uploads\/2021\/11\/DSC9428-300x200.jpg 300w, https:\/\/www.ofg.uni-osnabrueck.de\/wp-content\/uploads\/2021\/11\/DSC9428-768x513.jpg 768w, https:\/\/www.ofg.uni-osnabrueck.de\/wp-content\/uploads\/2021\/11\/DSC9428-1536x1025.jpg 1536w, https:\/\/www.ofg.uni-osnabrueck.de\/wp-content\/uploads\/2021\/11\/DSC9428-2048x1367.jpg 2048w\" sizes=\"auto, (max-width: 1024px) 100vw, 1024px\" \/><\/a><figcaption class=\"blocks-gallery-item__caption\">Peter Kossen, \u00a9 Osnabr\u00fccker Friedensgespr\u00e4che | Uwe Lewandowski<\/figcaption><\/figure><\/li><li class=\"blocks-gallery-item\"><figure><a href=\"https:\/\/www.ofg.uni-osnabrueck.de\/wp-content\/uploads\/2021\/11\/DSC9347-scaled.jpg\"><img loading=\"lazy\" decoding=\"async\" width=\"1024\" height=\"683\" src=\"https:\/\/www.ofg.uni-osnabrueck.de\/wp-content\/uploads\/2021\/11\/DSC9347-1024x683.jpg\" alt=\"\" data-id=\"5989\" data-full-url=\"https:\/\/www.ofg.uni-osnabrueck.de\/wp-content\/uploads\/2021\/11\/DSC9347-scaled.jpg\" data-link=\"https:\/\/www.ofg.uni-osnabrueck.de\/_dsc9347\/\" class=\"wp-image-5989\" srcset=\"https:\/\/www.ofg.uni-osnabrueck.de\/wp-content\/uploads\/2021\/11\/DSC9347-1024x683.jpg 1024w, https:\/\/www.ofg.uni-osnabrueck.de\/wp-content\/uploads\/2021\/11\/DSC9347-300x200.jpg 300w, https:\/\/www.ofg.uni-osnabrueck.de\/wp-content\/uploads\/2021\/11\/DSC9347-768x513.jpg 768w, https:\/\/www.ofg.uni-osnabrueck.de\/wp-content\/uploads\/2021\/11\/DSC9347-1536x1025.jpg 1536w, https:\/\/www.ofg.uni-osnabrueck.de\/wp-content\/uploads\/2021\/11\/DSC9347-2048x1367.jpg 2048w\" sizes=\"auto, (max-width: 1024px) 100vw, 1024px\" \/><\/a><figcaption class=\"blocks-gallery-item__caption\">Podiumsdiskussion, \u00a9 Osnabr\u00fccker Friedensgespr\u00e4che | Uwe Lewandowski<\/figcaption><\/figure><\/li><li class=\"blocks-gallery-item\"><figure><a href=\"https:\/\/www.ofg.uni-osnabrueck.de\/wp-content\/uploads\/2021\/11\/DSC9169-scaled.jpg\"><img loading=\"lazy\" decoding=\"async\" width=\"1024\" height=\"683\" src=\"https:\/\/www.ofg.uni-osnabrueck.de\/wp-content\/uploads\/2021\/11\/DSC9169-1024x683.jpg\" alt=\"\" data-id=\"5980\" data-full-url=\"https:\/\/www.ofg.uni-osnabrueck.de\/wp-content\/uploads\/2021\/11\/DSC9169-scaled.jpg\" data-link=\"https:\/\/www.ofg.uni-osnabrueck.de\/_dsc9169\/\" class=\"wp-image-5980\" srcset=\"https:\/\/www.ofg.uni-osnabrueck.de\/wp-content\/uploads\/2021\/11\/DSC9169-1024x683.jpg 1024w, https:\/\/www.ofg.uni-osnabrueck.de\/wp-content\/uploads\/2021\/11\/DSC9169-300x200.jpg 300w, https:\/\/www.ofg.uni-osnabrueck.de\/wp-content\/uploads\/2021\/11\/DSC9169-768x513.jpg 768w, https:\/\/www.ofg.uni-osnabrueck.de\/wp-content\/uploads\/2021\/11\/DSC9169-1536x1025.jpg 1536w, https:\/\/www.ofg.uni-osnabrueck.de\/wp-content\/uploads\/2021\/11\/DSC9169-2048x1367.jpg 2048w\" sizes=\"auto, (max-width: 1024px) 100vw, 1024px\" \/><\/a><figcaption class=\"blocks-gallery-item__caption\">Prof. Dr. Martina Blasberg-Kuhnke, \u00a9 Osnabr\u00fccker Friedensgespr\u00e4che | Uwe Lewandowski<\/figcaption><\/figure><\/li><\/ul><figcaption class=\"blocks-gallery-caption\">\u00a9 Osnabr\u00fccker Friedensgespr\u00e4che | Uwe Lewandowski<\/figcaption><\/figure>\n<\/div>\n\n\n\n<div class=\"wp-block-column is-layout-flow wp-block-column-is-layout-flow\">\n<h4 class=\"wp-block-heading\"><strong>Video<\/strong> <strong>recordings<\/strong><\/h4>\n\n\n<figure class=\"wp-block-embed-youtube wp-block-embed is-type-video is-provider-youtube wp-embed-aspect-16-9 wp-has-aspect-ratio\"><div class=\"lyte-wrapper\" title=\"Brennglas Corona\" style=\"width:853px;max-width:100%;margin:5px auto;\"><div class=\"lyMe hidef\" id=\"WYL_yzz6hUHDTKM\" itemprop=\"video\" itemscope itemtype=\"https:\/\/schema.org\/VideoObject\"><div><meta itemprop=\"thumbnailUrl\" content=\"https:\/\/www.ofg.uni-osnabrueck.de\/wp-content\/plugins\/wp-youtube-lyte\/lyteCache.php?origThumbUrl=https%3A%2F%2Fi.ytimg.com%2Fvi%2Fyzz6hUHDTKM%2Fmaxresdefault.jpg\" \/><meta itemprop=\"embedURL\" content=\"https:\/\/www.youtube.com\/embed\/yzz6hUHDTKM\" \/><meta itemprop=\"duration\" content=\"PT1H58M21S\" \/><meta itemprop=\"uploadDate\" content=\"2021-11-02T07:11:00Z\" \/><\/div><div id=\"lyte_yzz6hUHDTKM\" data-src=\"https:\/\/www.ofg.uni-osnabrueck.de\/wp-content\/plugins\/wp-youtube-lyte\/lyteCache.php?origThumbUrl=https%3A%2F%2Fi.ytimg.com%2Fvi%2Fyzz6hUHDTKM%2Fmaxresdefault.jpg\" class=\"pL\"><div class=\"tC\"><div class=\"tT\" itemprop=\"name\">Brennglas Corona<\/div><\/div><div class=\"play\"><\/div><div class=\"ctrl\"><div class=\"Lctrl\"><\/div><div class=\"Rctrl\"><\/div><\/div><\/div><noscript><a href=\"https:\/\/youtu.be\/yzz6hUHDTKM\" rel=\"nofollow\"><img loading=\"lazy\" decoding=\"async\" src=\"https:\/\/www.ofg.uni-osnabrueck.de\/wp-content\/plugins\/wp-youtube-lyte\/lyteCache.php?origThumbUrl=https%3A%2F%2Fi.ytimg.com%2Fvi%2Fyzz6hUHDTKM%2F0.jpg\" alt=\"Brennglas Corona\" width=\"853\" height=\"460\" \/><br \/>Watch this video on YouTube<\/a><\/noscript><meta itemprop=\"description\" content=\"Corona \u2013 das bedeutet f\u00fcr die einen Homeoffice, f\u00fcr andere Kurzarbeit und f\u00fcr manche den Verlust des Arbeitsplatzes! Betriebe, Verwaltungen, Hochschulen und Universit\u00e4ten haben ihre \u00fcber Jahre aufgebauten Kompetenzen der Digitalisierung nutzen und weiterentwickeln k\u00f6nnen, andere Branchen sind vollst\u00e4ndig zum Erliegen gekommen, besonders in der Gastronomie und Hotellerie. Wirkt die Corona-Pandemie wie ein Brennglas, das soziale Ungerechtigkeiten sichtbar macht, verst\u00e4rkt und vertieft? Dar\u00fcber sprechen Prof. Dr. Christoph Butterwegge, Armutsforscher an der Universit\u00e4t zu K\u00f6ln, Prof. Dr. Hajo Holst, Wirtschafts-, Organisations- und Arbeitssoziologe der Universit\u00e4t Osnabr\u00fcck, die Leiterin des Wirtschafts- und sozialwissenschaftlichen Instituts, D\u00fcsseldorf, Prof. Dr. Bettina Kohlrausch und der Pfarrer Peter Kossen unter der Moderation von Prof. Dr. Martina Blasberg-Kuhnke, Vorsitzende des Wissenschaftlichen Rats der Osnabr\u00fccker Friedensgespr\u00e4che und Vizepr\u00e4sidentin der Universit\u00e4t Osnabr\u00fcck. Der nieders\u00e4chsische Innenminister Boris Pistorius kann aus terminlichen Gr\u00fcnden leider nicht am Gespr\u00e4ch teilnehmen.\"><\/div><\/div><div class=\"lL\" style=\"max-width:100%;width:853px;margin:5px auto;\"><br\/><span class=\"lyte_disclaimer\">Bitte beachten Sie unsere Datenschutzerkl\u00e4rung. Wenn Sie das Video abspielen, werden Daten an YouTube gesendet.<\/span><\/div><figcaption><\/figcaption><\/figure><\/div>\n<\/div>\n","protected":false},"excerpt":{"rendered":"<p>Corona &#8211; for some this means home office, for others short-time work and for some the loss of their job! Businesses, administrations, colleges and universities have been able to use and develop the digitalisation skills they have built up over the years, while other sectors have come to a complete standstill, especially in the catering and hotel industries. Does the Corona pandemic act like a burning glass that makes social injustices visible, intensifies and deepens them? <\/p>\n","protected":false},"author":2,"featured_media":5945,"comment_status":"closed","ping_status":"closed","sticky":false,"template":"","format":"standard","meta":{"footnotes":""},"categories":[110,44,88],"tags":[],"class_list":["post-6434","post","type-post","status-publish","format-standard","has-post-thumbnail","hentry","category-homepage","category-nicht-kategorisiert-en","category-talks-and-debate","generate-columns","tablet-grid-50","mobile-grid-100","grid-parent","grid-50"],"wps_subtitle":"Is the Covid 19 pandemic exacerbating social injustice in Germany?","_links":{"self":[{"href":"https:\/\/www.ofg.uni-osnabrueck.de\/en\/wp-json\/wp\/v2\/posts\/6434","targetHints":{"allow":["GET"]}}],"collection":[{"href":"https:\/\/www.ofg.uni-osnabrueck.de\/en\/wp-json\/wp\/v2\/posts"}],"about":[{"href":"https:\/\/www.ofg.uni-osnabrueck.de\/en\/wp-json\/wp\/v2\/types\/post"}],"author":[{"embeddable":true,"href":"https:\/\/www.ofg.uni-osnabrueck.de\/en\/wp-json\/wp\/v2\/users\/2"}],"replies":[{"embeddable":true,"href":"https:\/\/www.ofg.uni-osnabrueck.de\/en\/wp-json\/wp\/v2\/comments?post=6434"}],"version-history":[{"count":7,"href":"https:\/\/www.ofg.uni-osnabrueck.de\/en\/wp-json\/wp\/v2\/posts\/6434\/revisions"}],"predecessor-version":[{"id":6453,"href":"https:\/\/www.ofg.uni-osnabrueck.de\/en\/wp-json\/wp\/v2\/posts\/6434\/revisions\/6453"}],"wp:featuredmedia":[{"embeddable":true,"href":"https:\/\/www.ofg.uni-osnabrueck.de\/en\/wp-json\/wp\/v2\/media\/5945"}],"wp:attachment":[{"href":"https:\/\/www.ofg.uni-osnabrueck.de\/en\/wp-json\/wp\/v2\/media?parent=6434"}],"wp:term":[{"taxonomy":"category","embeddable":true,"href":"https:\/\/www.ofg.uni-osnabrueck.de\/en\/wp-json\/wp\/v2\/categories?post=6434"},{"taxonomy":"post_tag","embeddable":true,"href":"https:\/\/www.ofg.uni-osnabrueck.de\/en\/wp-json\/wp\/v2\/tags?post=6434"}],"curies":[{"name":"wp","href":"https:\/\/api.w.org\/{rel}","templated":true}]}}