{"id":6370,"date":"2021-08-31T19:00:00","date_gmt":"2021-08-31T17:00:00","guid":{"rendered":"https:\/\/www.ofg.uni-osnabrueck.de\/?p=6370"},"modified":"2022-02-03T11:20:44","modified_gmt":"2022-02-03T10:20:44","slug":"brennpunkt-afghanistan-zur-sachlage-des-konflikts-focus-afghanistan-on-the-state-of-the-conflict-2","status":"publish","type":"post","link":"https:\/\/www.ofg.uni-osnabrueck.de\/en\/brennpunkt-afghanistan-zur-sachlage-des-konflikts-focus-afghanistan-on-the-state-of-the-conflict-2\/","title":{"rendered":"Brennpunkt Afghanistan \u2013 Zur Sachlage des Konflikts (Focus Afghanistan &#8211; On the State of the Conflict)"},"content":{"rendered":"\n<h3 class=\"wp-block-heading\">Panel discussion with<br><\/h3>\n\n\n\n<div class=\"wp-block-columns is-layout-flex wp-container-core-columns-is-layout-9d6595d7 wp-block-columns-is-layout-flex\">\n<div class=\"wp-block-column is-layout-flow wp-block-column-is-layout-flow\" style=\"flex-basis:100%\">\n<div class=\"wp-block-columns is-layout-flex wp-container-core-columns-is-layout-9d6595d7 wp-block-columns-is-layout-flex\">\n<div class=\"wp-block-column is-layout-flow wp-block-column-is-layout-flow\" style=\"flex-basis:15%\">\n<figure class=\"wp-block-image size-large is-resized\"><img loading=\"lazy\" decoding=\"async\" src=\"https:\/\/www.ofg.uni-osnabrueck.de\/wp-content\/uploads\/2021\/08\/U_Krause_v2_1.jpg\" alt=\"\" class=\"wp-image-5659\" width=\"141\" height=\"187\" srcset=\"https:\/\/www.ofg.uni-osnabrueck.de\/wp-content\/uploads\/2021\/08\/U_Krause_v2_1.jpg 600w, https:\/\/www.ofg.uni-osnabrueck.de\/wp-content\/uploads\/2021\/08\/U_Krause_v2_1-225x300.jpg 225w\" sizes=\"auto, (max-width: 141px) 100vw, 141px\" \/><figcaption>\u00a9 Jens Raddatz\/Uni Osnabr\u00fcck<\/figcaption><\/figure>\n<\/div>\n\n\n\n<div class=\"wp-block-column is-layout-flow wp-block-column-is-layout-flow\" style=\"flex-basis:85%\">\n<h3 class=\"wp-block-heading\"><strong>Prof. Dr. Ulrike Krause<\/strong><\/h3>\n\n\n\n<p>Junior Professor for Refugee Research, University of Osnabr\u00fcck, Member of the Research Centre Institute for Migration Research and Intercultural Studies (IMIS)<\/p>\n<\/div>\n<\/div>\n<\/div>\n\n\n\n<div class=\"wp-block-column is-layout-flow wp-block-column-is-layout-flow\" style=\"flex-basis:0%\"><\/div>\n<\/div>\n\n\n\n<div class=\"wp-block-columns is-layout-flex wp-container-core-columns-is-layout-9d6595d7 wp-block-columns-is-layout-flex\">\n<div class=\"wp-block-column is-layout-flow wp-block-column-is-layout-flow\" style=\"flex-basis:100%\">\n<div class=\"wp-block-columns is-layout-flex wp-container-core-columns-is-layout-9d6595d7 wp-block-columns-is-layout-flex\">\n<div class=\"wp-block-column is-layout-flow wp-block-column-is-layout-flow\" style=\"flex-basis:15%\">\n<figure class=\"wp-block-image size-large\"><img loading=\"lazy\" decoding=\"async\" width=\"632\" height=\"1024\" src=\"https:\/\/www.ofg.uni-osnabrueck.de\/wp-content\/uploads\/2021\/08\/jk_2020_final_JR-632x1024.jpg\" alt=\"\" class=\"wp-image-5689\" srcset=\"https:\/\/www.ofg.uni-osnabrueck.de\/wp-content\/uploads\/2021\/08\/jk_2020_final_JR-632x1024.jpg 632w, https:\/\/www.ofg.uni-osnabrueck.de\/wp-content\/uploads\/2021\/08\/jk_2020_final_JR-185x300.jpg 185w, https:\/\/www.ofg.uni-osnabrueck.de\/wp-content\/uploads\/2021\/08\/jk_2020_final_JR-768x1244.jpg 768w, https:\/\/www.ofg.uni-osnabrueck.de\/wp-content\/uploads\/2021\/08\/jk_2020_final_JR-948x1536.jpg 948w, https:\/\/www.ofg.uni-osnabrueck.de\/wp-content\/uploads\/2021\/08\/jk_2020_final_JR.jpg 1229w\" sizes=\"auto, (max-width: 632px) 100vw, 632px\" \/><figcaption>\u00a9 Privat<\/figcaption><\/figure>\n<\/div>\n\n\n\n<div class=\"wp-block-column is-layout-flow wp-block-column-is-layout-flow\" style=\"flex-basis:85%\">\n<h3 class=\"wp-block-heading\"><strong><strong>Dr. Jan Koehler<\/strong><\/strong><\/h3>\n\n\n\n<p>Political scientist and Afghanistan researcher, Osnabr\u00fcck University<\/p>\n<\/div>\n<\/div>\n<\/div>\n\n\n\n<div class=\"wp-block-column is-layout-flow wp-block-column-is-layout-flow\" style=\"flex-basis:0%\"><\/div>\n<\/div>\n\n\n\n<div class=\"wp-block-columns is-layout-flex wp-container-core-columns-is-layout-9d6595d7 wp-block-columns-is-layout-flex\">\n<div class=\"wp-block-column is-layout-flow wp-block-column-is-layout-flow\" style=\"flex-basis:100%\">\n<div class=\"wp-block-columns is-layout-flex wp-container-core-columns-is-layout-9d6595d7 wp-block-columns-is-layout-flex\">\n<div class=\"wp-block-column is-layout-flow wp-block-column-is-layout-flow\" style=\"flex-basis:15%\">\n<figure class=\"wp-block-image size-large\"><a href=\"https:\/\/www.ofg.uni-osnabrueck.de\/wp-content\/uploads\/2021\/08\/UNIC2A9Pollert-834x1024.jpg\" target=\"_blank\" rel=\"noreferrer noopener\"><img loading=\"lazy\" decoding=\"async\" width=\"834\" height=\"1024\" src=\"https:\/\/www.ofg.uni-osnabrueck.de\/wp-content\/uploads\/2021\/08\/UNIC2A9Pollert-834x1024.jpg\" alt=\"\" class=\"wp-image-5662\" srcset=\"https:\/\/www.ofg.uni-osnabrueck.de\/wp-content\/uploads\/2021\/08\/UNIC2A9Pollert-834x1024.jpg 834w, https:\/\/www.ofg.uni-osnabrueck.de\/wp-content\/uploads\/2021\/08\/UNIC2A9Pollert-244x300.jpg 244w, https:\/\/www.ofg.uni-osnabrueck.de\/wp-content\/uploads\/2021\/08\/UNIC2A9Pollert-768x943.jpg 768w, https:\/\/www.ofg.uni-osnabrueck.de\/wp-content\/uploads\/2021\/08\/UNIC2A9Pollert-1251x1536.jpg 1251w, https:\/\/www.ofg.uni-osnabrueck.de\/wp-content\/uploads\/2021\/08\/UNIC2A9Pollert.jpg 1303w\" sizes=\"auto, (max-width: 834px) 100vw, 834px\" \/><\/a><figcaption>\u00a9 Manfred Pollert\/Uni Osnabr\u00fcck<\/figcaption><\/figure>\n\n\n\n<p><\/p>\n<\/div>\n\n\n\n<div class=\"wp-block-column is-layout-flow wp-block-column-is-layout-flow\" style=\"flex-basis:85%\">\n<h3 class=\"wp-block-heading\"><strong>Prof. Dr. Ulrich Schneckener<\/strong><\/h3>\n\n\n\n<p>Professor of International Relations &amp; Peace and Conflict Studies, University of Osnabr\u00fcck, Member of the Research Centre Institute for Migration Research and Intercultural Studies (IMIS)<\/p>\n<\/div>\n<\/div>\n\n\n\n<div class=\"wp-block-columns is-layout-flex wp-container-core-columns-is-layout-9d6595d7 wp-block-columns-is-layout-flex\">\n<div class=\"wp-block-column is-layout-flow wp-block-column-is-layout-flow\" style=\"flex-basis:15%\">\n<figure class=\"wp-block-image size-large\"><a href=\"https:\/\/www.ofg.uni-osnabrueck.de\/wp-content\/uploads\/2021\/08\/Ucar.png\" target=\"_blank\" rel=\"noreferrer noopener\"><img loading=\"lazy\" decoding=\"async\" width=\"200\" height=\"250\" src=\"https:\/\/www.ofg.uni-osnabrueck.de\/wp-content\/uploads\/2021\/08\/Ucar.png\" alt=\"\" class=\"wp-image-5652\"\/><\/a><figcaption>\u00a9 Uni Osnabr\u00fcck<\/figcaption><\/figure>\n<\/div>\n\n\n\n<div class=\"wp-block-column is-layout-flow wp-block-column-is-layout-flow\" style=\"flex-basis:85%\">\n<h3 class=\"wp-block-heading\"><strong>Prof. <strong>Dr. B\u00fclent <\/strong>U\u00e7a<strong>r<\/strong><\/strong><\/h3>\n\n\n\n<p>Director of the Institute for Islamic Theology, Osnabr\u00fcck University<\/p>\n<\/div>\n<\/div>\n<\/div>\n\n\n\n<div class=\"wp-block-column is-layout-flow wp-block-column-is-layout-flow\" style=\"flex-basis:0%\"><\/div>\n<\/div>\n\n\n\n<p><strong><strong>Moderation<\/strong><\/strong><br>Prof. Dr. Susanne Menzel-Riedl, Pr\u00e4sidentin der Universit\u00e4t Osnabr\u00fcck<\/p>\n\n\n\n<hr class=\"wp-block-separator\"\/>\n\n\n\n<div class=\"wp-block-columns is-layout-flex wp-container-core-columns-is-layout-9d6595d7 wp-block-columns-is-layout-flex\">\n<div class=\"wp-block-column is-layout-flow wp-block-column-is-layout-flow\">\n<h4 class=\"wp-block-heading\"><strong>Picture gallery<\/strong><\/h4>\n\n\n\n<figure class=\"wp-block-gallery columns-0 is-cropped wp-block-gallery-1 is-layout-flex wp-block-gallery-is-layout-flex\"><ul class=\"blocks-gallery-grid\"><li class=\"blocks-gallery-item\"><figure><a href=\"https:\/\/www.ofg.uni-osnabrueck.de\/wp-content\/uploads\/2021\/09\/DSC9405-scaled.jpg\"><img loading=\"lazy\" decoding=\"async\" width=\"1024\" height=\"683\" src=\"https:\/\/www.ofg.uni-osnabrueck.de\/wp-content\/uploads\/2021\/09\/DSC9405-1024x683.jpg\" alt=\"\" data-id=\"5790\" data-full-url=\"https:\/\/www.ofg.uni-osnabrueck.de\/wp-content\/uploads\/2021\/09\/DSC9405-scaled.jpg\" data-link=\"https:\/\/www.ofg.uni-osnabrueck.de\/_dsc9405\/\" class=\"wp-image-5790\" srcset=\"https:\/\/www.ofg.uni-osnabrueck.de\/wp-content\/uploads\/2021\/09\/DSC9405-1024x683.jpg 1024w, https:\/\/www.ofg.uni-osnabrueck.de\/wp-content\/uploads\/2021\/09\/DSC9405-300x200.jpg 300w, https:\/\/www.ofg.uni-osnabrueck.de\/wp-content\/uploads\/2021\/09\/DSC9405-768x513.jpg 768w, https:\/\/www.ofg.uni-osnabrueck.de\/wp-content\/uploads\/2021\/09\/DSC9405-1536x1025.jpg 1536w, https:\/\/www.ofg.uni-osnabrueck.de\/wp-content\/uploads\/2021\/09\/DSC9405-2048x1367.jpg 2048w\" sizes=\"auto, (max-width: 1024px) 100vw, 1024px\" \/><\/a><figcaption class=\"blocks-gallery-item__caption\">Dr. Jan Koehler und Prof. Dr. Ulrich Schneckener \u00a9 Osnabr\u00fccker Friedensgespr\u00e4che | Uwe Lewandowski<\/figcaption><\/figure><\/li><li class=\"blocks-gallery-item\"><figure><a href=\"https:\/\/www.ofg.uni-osnabrueck.de\/wp-content\/uploads\/2021\/09\/DSC9329-scaled.jpg\"><img loading=\"lazy\" decoding=\"async\" width=\"1024\" height=\"683\" src=\"https:\/\/www.ofg.uni-osnabrueck.de\/wp-content\/uploads\/2021\/09\/DSC9329-1024x683.jpg\" alt=\"\" data-id=\"5767\" data-full-url=\"https:\/\/www.ofg.uni-osnabrueck.de\/wp-content\/uploads\/2021\/09\/DSC9329-scaled.jpg\" data-link=\"https:\/\/www.ofg.uni-osnabrueck.de\/_dsc9329\/\" class=\"wp-image-5767\" srcset=\"https:\/\/www.ofg.uni-osnabrueck.de\/wp-content\/uploads\/2021\/09\/DSC9329-1024x683.jpg 1024w, https:\/\/www.ofg.uni-osnabrueck.de\/wp-content\/uploads\/2021\/09\/DSC9329-300x200.jpg 300w, https:\/\/www.ofg.uni-osnabrueck.de\/wp-content\/uploads\/2021\/09\/DSC9329-768x513.jpg 768w, https:\/\/www.ofg.uni-osnabrueck.de\/wp-content\/uploads\/2021\/09\/DSC9329-1536x1025.jpg 1536w, https:\/\/www.ofg.uni-osnabrueck.de\/wp-content\/uploads\/2021\/09\/DSC9329-2048x1367.jpg 2048w\" sizes=\"auto, (max-width: 1024px) 100vw, 1024px\" \/><\/a><figcaption class=\"blocks-gallery-item__caption\">Prof. Dr. Ulrike Krause, \u00a9 Osnabr\u00fccker Friedensgespr\u00e4che | Uwe Lewandowski<\/figcaption><\/figure><\/li><li class=\"blocks-gallery-item\"><figure><a href=\"https:\/\/www.ofg.uni-osnabrueck.de\/wp-content\/uploads\/2021\/09\/DSC9348-scaled.jpg\"><img loading=\"lazy\" decoding=\"async\" width=\"1024\" height=\"683\" src=\"https:\/\/www.ofg.uni-osnabrueck.de\/wp-content\/uploads\/2021\/09\/DSC9348-1024x683.jpg\" alt=\"\" data-id=\"5778\" data-full-url=\"https:\/\/www.ofg.uni-osnabrueck.de\/wp-content\/uploads\/2021\/09\/DSC9348-scaled.jpg\" data-link=\"https:\/\/www.ofg.uni-osnabrueck.de\/_dsc9348\/\" class=\"wp-image-5778\" srcset=\"https:\/\/www.ofg.uni-osnabrueck.de\/wp-content\/uploads\/2021\/09\/DSC9348-1024x683.jpg 1024w, https:\/\/www.ofg.uni-osnabrueck.de\/wp-content\/uploads\/2021\/09\/DSC9348-300x200.jpg 300w, https:\/\/www.ofg.uni-osnabrueck.de\/wp-content\/uploads\/2021\/09\/DSC9348-768x513.jpg 768w, https:\/\/www.ofg.uni-osnabrueck.de\/wp-content\/uploads\/2021\/09\/DSC9348-1536x1025.jpg 1536w, https:\/\/www.ofg.uni-osnabrueck.de\/wp-content\/uploads\/2021\/09\/DSC9348-2048x1367.jpg 2048w\" sizes=\"auto, (max-width: 1024px) 100vw, 1024px\" \/><\/a><figcaption class=\"blocks-gallery-item__caption\">Prof. Dr. B\u00fclent U\u00e7ar, \u00a9 Osnabr\u00fccker Friedensgespr\u00e4che | Uwe Lewandowski<\/figcaption><\/figure><\/li><li class=\"blocks-gallery-item\"><figure><a href=\"https:\/\/www.ofg.uni-osnabrueck.de\/wp-content\/uploads\/2021\/09\/DSC9341-scaled.jpg\"><img loading=\"lazy\" decoding=\"async\" width=\"1024\" height=\"683\" src=\"https:\/\/www.ofg.uni-osnabrueck.de\/wp-content\/uploads\/2021\/09\/DSC9341-1024x683.jpg\" alt=\"\" data-id=\"5773\" data-full-url=\"https:\/\/www.ofg.uni-osnabrueck.de\/wp-content\/uploads\/2021\/09\/DSC9341-scaled.jpg\" data-link=\"https:\/\/www.ofg.uni-osnabrueck.de\/_dsc9341\/\" class=\"wp-image-5773\" srcset=\"https:\/\/www.ofg.uni-osnabrueck.de\/wp-content\/uploads\/2021\/09\/DSC9341-1024x683.jpg 1024w, https:\/\/www.ofg.uni-osnabrueck.de\/wp-content\/uploads\/2021\/09\/DSC9341-300x200.jpg 300w, https:\/\/www.ofg.uni-osnabrueck.de\/wp-content\/uploads\/2021\/09\/DSC9341-768x513.jpg 768w, https:\/\/www.ofg.uni-osnabrueck.de\/wp-content\/uploads\/2021\/09\/DSC9341-1536x1025.jpg 1536w, https:\/\/www.ofg.uni-osnabrueck.de\/wp-content\/uploads\/2021\/09\/DSC9341-2048x1367.jpg 2048w\" sizes=\"auto, (max-width: 1024px) 100vw, 1024px\" \/><\/a><figcaption class=\"blocks-gallery-item__caption\">Prof. Dr. Susanne Menzel-Riedl, \u00a9 Osnabr\u00fccker Friedensgespr\u00e4che | Uwe Lewandowski<\/figcaption><\/figure><\/li><li class=\"blocks-gallery-item\"><figure><a href=\"https:\/\/www.ofg.uni-osnabrueck.de\/wp-content\/uploads\/2021\/09\/DSC9304-scaled.jpg\"><img loading=\"lazy\" decoding=\"async\" width=\"1024\" height=\"683\" src=\"https:\/\/www.ofg.uni-osnabrueck.de\/wp-content\/uploads\/2021\/09\/DSC9304-1024x683.jpg\" alt=\"\" data-id=\"5763\" data-full-url=\"https:\/\/www.ofg.uni-osnabrueck.de\/wp-content\/uploads\/2021\/09\/DSC9304-scaled.jpg\" data-link=\"https:\/\/www.ofg.uni-osnabrueck.de\/_dsc9304\/\" class=\"wp-image-5763\" srcset=\"https:\/\/www.ofg.uni-osnabrueck.de\/wp-content\/uploads\/2021\/09\/DSC9304-1024x683.jpg 1024w, https:\/\/www.ofg.uni-osnabrueck.de\/wp-content\/uploads\/2021\/09\/DSC9304-300x200.jpg 300w, https:\/\/www.ofg.uni-osnabrueck.de\/wp-content\/uploads\/2021\/09\/DSC9304-768x513.jpg 768w, https:\/\/www.ofg.uni-osnabrueck.de\/wp-content\/uploads\/2021\/09\/DSC9304-1536x1025.jpg 1536w, https:\/\/www.ofg.uni-osnabrueck.de\/wp-content\/uploads\/2021\/09\/DSC9304-2048x1367.jpg 2048w\" sizes=\"auto, (max-width: 1024px) 100vw, 1024px\" \/><\/a><figcaption class=\"blocks-gallery-item__caption\">Prof. Dr. Ulrich Schneckener, \u00a9 Osnabr\u00fccker Friedensgespr\u00e4che | Uwe Lewandowski<\/figcaption><\/figure><\/li><li class=\"blocks-gallery-item\"><figure><a href=\"https:\/\/www.ofg.uni-osnabrueck.de\/wp-content\/uploads\/2021\/09\/DSC92921-scaled.jpg\"><img loading=\"lazy\" decoding=\"async\" width=\"1024\" height=\"645\" src=\"https:\/\/www.ofg.uni-osnabrueck.de\/wp-content\/uploads\/2021\/09\/DSC92921-1024x645.jpg\" alt=\"\" data-id=\"5753\" data-full-url=\"https:\/\/www.ofg.uni-osnabrueck.de\/wp-content\/uploads\/2021\/09\/DSC92921-scaled.jpg\" data-link=\"https:\/\/www.ofg.uni-osnabrueck.de\/_dsc92921\/\" class=\"wp-image-5753\" srcset=\"https:\/\/www.ofg.uni-osnabrueck.de\/wp-content\/uploads\/2021\/09\/DSC92921-1024x645.jpg 1024w, https:\/\/www.ofg.uni-osnabrueck.de\/wp-content\/uploads\/2021\/09\/DSC92921-300x189.jpg 300w, https:\/\/www.ofg.uni-osnabrueck.de\/wp-content\/uploads\/2021\/09\/DSC92921-768x484.jpg 768w, https:\/\/www.ofg.uni-osnabrueck.de\/wp-content\/uploads\/2021\/09\/DSC92921-1536x968.jpg 1536w, https:\/\/www.ofg.uni-osnabrueck.de\/wp-content\/uploads\/2021\/09\/DSC92921-2048x1290.jpg 2048w\" sizes=\"auto, (max-width: 1024px) 100vw, 1024px\" \/><\/a><figcaption class=\"blocks-gallery-item__caption\">Podium, \u00a9 Osnabr\u00fccker Friedensgespr\u00e4che | Uwe Lewandowski<\/figcaption><\/figure><\/li><\/ul><figcaption class=\"blocks-gallery-caption\">\u00a9 Osnabr\u00fccker Friedensgespr\u00e4che | Uwe Lewandowski<\/figcaption><\/figure>\n\n\n\n<p><\/p>\n<\/div>\n\n\n\n<div class=\"wp-block-column is-layout-flow wp-block-column-is-layout-flow\">\n<h4 class=\"wp-block-heading\"><strong>Video<\/strong> <strong>recordings<\/strong><\/h4>\n\n\n<figure class=\"wp-block-embed-youtube wp-block-embed is-type-video is-provider-youtube wp-embed-aspect-16-9 wp-has-aspect-ratio\"><div class=\"lyte-wrapper\" title=\"Brennpunkt Afghanistan &ndash; Zur Sachlage des Konflikts&ldquo;\" style=\"width:853px;max-width:100%;margin:5px auto;\"><div class=\"lyMe hidef\" id=\"WYL_6PEfmonTdKs\" itemprop=\"video\" itemscope itemtype=\"https:\/\/schema.org\/VideoObject\"><div><meta itemprop=\"thumbnailUrl\" content=\"https:\/\/www.ofg.uni-osnabrueck.de\/wp-content\/plugins\/wp-youtube-lyte\/lyteCache.php?origThumbUrl=https%3A%2F%2Fi.ytimg.com%2Fvi%2F6PEfmonTdKs%2Fmaxresdefault.jpg\" \/><meta itemprop=\"embedURL\" content=\"https:\/\/www.youtube.com\/embed\/6PEfmonTdKs\" \/><meta itemprop=\"duration\" content=\"PT1H25M26S\" \/><meta itemprop=\"uploadDate\" content=\"2021-09-01T06:38:47Z\" \/><\/div><div id=\"lyte_6PEfmonTdKs\" data-src=\"https:\/\/www.ofg.uni-osnabrueck.de\/wp-content\/plugins\/wp-youtube-lyte\/lyteCache.php?origThumbUrl=https%3A%2F%2Fi.ytimg.com%2Fvi%2F6PEfmonTdKs%2Fmaxresdefault.jpg\" class=\"pL\"><div class=\"tC\"><div class=\"tT\" itemprop=\"name\">Brennpunkt Afghanistan \u2013 Zur Sachlage des Konflikts\u201c<\/div><\/div><div class=\"play\"><\/div><div class=\"ctrl\"><div class=\"Lctrl\"><\/div><div class=\"Rctrl\"><\/div><\/div><\/div><noscript><a href=\"https:\/\/youtu.be\/6PEfmonTdKs\" rel=\"nofollow\"><img loading=\"lazy\" decoding=\"async\" src=\"https:\/\/www.ofg.uni-osnabrueck.de\/wp-content\/plugins\/wp-youtube-lyte\/lyteCache.php?origThumbUrl=https%3A%2F%2Fi.ytimg.com%2Fvi%2F6PEfmonTdKs%2F0.jpg\" alt=\"Brennpunkt Afghanistan &ndash; Zur Sachlage des Konflikts&ldquo;\" width=\"853\" height=\"460\" \/><br \/>Watch this video on YouTube<\/a><\/noscript><meta itemprop=\"description\" content=\"Brennpunkt Afghanistan \u2013 angesichts der \u00e4u\u00dferst dramatischen Lage widmeten sich Expertinnen und Experten an der Universit\u00e4t Osnabr\u00fcck im Rahmen eines Sonderformats der Situation in Afghanistan. Nach den hektischen Rettungsaktionen dieser Tage stellen sich zahlreiche Fragen: Wie hat es zur gegenw\u00e4rtigen Situation kommen k\u00f6nnen? Warum geriet das Land immer wieder in internationale Konflikte und eigene, territoriale K\u00e4mpfe? Wie geht es weiter in diesem Land, in dem eine militant-islamistische Gruppe \u00fcber die Lebenswirklichkeit von Millionen Menschen entscheidet? Welche Auswirkungen hat der Machtwechsel im Land auf seine geostrategische Lage? Von welchen gesellschaftlichen und kulturellen Zusammenh\u00e4ngen im Land kann die internationale Gemeinschaft ausgehen? Diesen und weiteren Fragen wandten sich Wissenschaftlerinnen und Wissenschaftler der Universit\u00e4t zu, um \u00fcber die j\u00fcngere Vergangenheit, die Ist-Situation sowie \u00fcber Zukunftsperspektiven f\u00fcr das Land Afghanistan zu diskutieren. F\u00fcr das Sonderformat konnten Prof. Dr. Ulrike Krause, Juniorprofessorin f\u00fcr Flucht- und Fl\u00fcchtlingsforschung und Mitglied des IMIS, Dr. Jan Koehler, Politikwissenschaftler und Afghanistan-Forscher, Prof. Dr. Ulrich Schneckener, Professor f\u00fcr Internationale Beziehungen &amp; Friedens- und Konfliktforschung und Mitglied des IMIS sowie Prof. Dr. B\u00fclent U\u00e7ar, Direktor des Instituts f\u00fcr Islamische Theologie gewonnen werden. Moderiert wurde die au\u00dferplanm\u00e4\u00dfige Diskussionsrunde durch die Universit\u00e4tspr\u00e4sidentin, Prof. Dr. Susanne Menzel-Riedl.\"><\/div><\/div><div class=\"lL\" style=\"max-width:100%;width:853px;margin:5px auto;\"><br\/><span class=\"lyte_disclaimer\">Bitte beachten Sie unsere Datenschutzerkl\u00e4rung. Wenn Sie das Video abspielen, werden Daten an YouTube gesendet.<\/span><\/div><figcaption><\/figcaption><\/figure><\/div>\n<\/div>\n\n\n\n<hr class=\"wp-block-separator\"\/>\n\n\n\n<p>Focus on Afghanistan &#8211; in view of the extremely dramatic situation, experts at the University of Osnabr\u00fcck devoted themselves to the situation in Afghanistan as part of a special format.<\/p>\n\n\n\n<p>After the hectic rescue operations in August 2021, numerous questions arose: How did the current situation come about? Why did the country repeatedly get into international conflicts and its own territorial struggles? What will happen next in this country where a militant Islamist group decides on the reality of life for millions of people? What effects does the change of power in the country have on its geostrategic position? What social and cultural contexts in the country can the international community assume? <\/p>\n\n\n\n<p>Scholars at the university addressed these and other questions to discuss the recent past, the current situation as well as future perspectives for the country of Afghanistan.&nbsp;<\/p>\n\n\n\n<hr class=\"wp-block-separator\"\/>\n\n\n\n<p>31. August 2021, 19 Uhr, Livestream<\/p>\n","protected":false},"excerpt":{"rendered":"<p>Focus on Afghanistan &#8211; in view of the extremely dramatic situation, experts at the University of Osnabr\u00fcck devoted themselves to the situation in Afghanistan as part of a special format.<\/p>\n","protected":false},"author":2,"featured_media":5756,"comment_status":"closed","ping_status":"closed","sticky":false,"template":"","format":"standard","meta":{"footnotes":""},"categories":[110,44,88],"tags":[],"class_list":["post-6370","post","type-post","status-publish","format-standard","has-post-thumbnail","hentry","category-homepage","category-nicht-kategorisiert-en","category-talks-and-debate","generate-columns","tablet-grid-50","mobile-grid-100","grid-parent","grid-50"],"wps_subtitle":"","_links":{"self":[{"href":"https:\/\/www.ofg.uni-osnabrueck.de\/en\/wp-json\/wp\/v2\/posts\/6370","targetHints":{"allow":["GET"]}}],"collection":[{"href":"https:\/\/www.ofg.uni-osnabrueck.de\/en\/wp-json\/wp\/v2\/posts"}],"about":[{"href":"https:\/\/www.ofg.uni-osnabrueck.de\/en\/wp-json\/wp\/v2\/types\/post"}],"author":[{"embeddable":true,"href":"https:\/\/www.ofg.uni-osnabrueck.de\/en\/wp-json\/wp\/v2\/users\/2"}],"replies":[{"embeddable":true,"href":"https:\/\/www.ofg.uni-osnabrueck.de\/en\/wp-json\/wp\/v2\/comments?post=6370"}],"version-history":[{"count":1,"href":"https:\/\/www.ofg.uni-osnabrueck.de\/en\/wp-json\/wp\/v2\/posts\/6370\/revisions"}],"predecessor-version":[{"id":6374,"href":"https:\/\/www.ofg.uni-osnabrueck.de\/en\/wp-json\/wp\/v2\/posts\/6370\/revisions\/6374"}],"wp:featuredmedia":[{"embeddable":true,"href":"https:\/\/www.ofg.uni-osnabrueck.de\/en\/wp-json\/wp\/v2\/media\/5756"}],"wp:attachment":[{"href":"https:\/\/www.ofg.uni-osnabrueck.de\/en\/wp-json\/wp\/v2\/media?parent=6370"}],"wp:term":[{"taxonomy":"category","embeddable":true,"href":"https:\/\/www.ofg.uni-osnabrueck.de\/en\/wp-json\/wp\/v2\/categories?post=6370"},{"taxonomy":"post_tag","embeddable":true,"href":"https:\/\/www.ofg.uni-osnabrueck.de\/en\/wp-json\/wp\/v2\/tags?post=6370"}],"curies":[{"name":"wp","href":"https:\/\/api.w.org\/{rel}","templated":true}]}}