{"id":6311,"date":"2021-06-23T19:00:00","date_gmt":"2021-06-23T17:00:00","guid":{"rendered":"https:\/\/www.ofg.uni-osnabrueck.de\/?p=6311"},"modified":"2022-02-03T10:51:50","modified_gmt":"2022-02-03T09:51:50","slug":"zwischen-den-welten-klima-und-wirtschaft-im-widerstreit-between-the-worlds-climate-and-economy-in-conflict","status":"publish","type":"post","link":"https:\/\/www.ofg.uni-osnabrueck.de\/en\/zwischen-den-welten-klima-und-wirtschaft-im-widerstreit-between-the-worlds-climate-and-economy-in-conflict\/","title":{"rendered":"Zwischen den Welten \u2013 Klima und Wirtschaft im Widerstreit (Between the worlds &#8211; climate and economy in conflict)"},"content":{"rendered":"\n<div class=\"wp-block-columns is-layout-flex wp-container-core-columns-is-layout-9d6595d7 wp-block-columns-is-layout-flex\">\n<div class=\"wp-block-column is-layout-flow wp-block-column-is-layout-flow\" style=\"flex-basis:100%\"><\/div>\n\n\n\n<div class=\"wp-block-column is-layout-flow wp-block-column-is-layout-flow\" style=\"flex-basis:0%\"><\/div>\n<\/div>\n\n\n\n<h3 class=\"wp-block-heading\">Panel discussion with<br><\/h3>\n\n\n\n<div class=\"wp-block-columns is-layout-flex wp-container-core-columns-is-layout-9d6595d7 wp-block-columns-is-layout-flex\">\n<div class=\"wp-block-column is-layout-flow wp-block-column-is-layout-flow\" style=\"flex-basis:100%\">\n<div class=\"wp-block-columns is-layout-flex wp-container-core-columns-is-layout-9d6595d7 wp-block-columns-is-layout-flex\">\n<div class=\"wp-block-column is-layout-flow wp-block-column-is-layout-flow\" style=\"flex-basis:15%\">\n<figure class=\"wp-block-image size-thumbnail is-resized\"><img loading=\"lazy\" decoding=\"async\" src=\"https:\/\/www.ofg.uni-osnabrueck.de\/wp-content\/uploads\/2021\/05\/Joern-Hasenfuss_-Portrait_Foto_Volkswagen-AG-150x150.jpg\" alt=\"\" class=\"wp-image-4248\" width=\"113\" height=\"113\"\/><figcaption>\u00a9 Volkswagen AG<\/figcaption><\/figure>\n<\/div>\n\n\n\n<div class=\"wp-block-column is-layout-flow wp-block-column-is-layout-flow\" style=\"flex-basis:85%\">\n<h3 class=\"wp-block-heading\"><strong>J\u00f6rn Hasenfu\u00df<\/strong><\/h3>\n\n\n\n<p>Spokesman of the Board of Management and Managing Director Technology of Volkswagen Osnabr\u00fcck GmbH<\/p>\n<\/div>\n<\/div>\n<\/div>\n\n\n\n<div class=\"wp-block-column is-layout-flow wp-block-column-is-layout-flow\" style=\"flex-basis:0%\"><\/div>\n<\/div>\n\n\n\n<div class=\"wp-block-columns is-layout-flex wp-container-core-columns-is-layout-9d6595d7 wp-block-columns-is-layout-flex\">\n<div class=\"wp-block-column is-layout-flow wp-block-column-is-layout-flow\" style=\"flex-basis:100%\">\n<div class=\"wp-block-columns is-layout-flex wp-container-core-columns-is-layout-9d6595d7 wp-block-columns-is-layout-flex\">\n<div class=\"wp-block-column is-layout-flow wp-block-column-is-layout-flow\" style=\"flex-basis:15%\">\n<figure class=\"wp-block-image size-thumbnail is-resized\"><a href=\"https:\/\/www.ofg.uni-osnabrueck.de\/wp-content\/uploads\/2020\/03\/Claudia-Kemfert_Foto-Oliver-Betke-scaled.jpg\" target=\"_blank\" rel=\"noreferrer noopener\"><img loading=\"lazy\" decoding=\"async\" src=\"https:\/\/www.ofg.uni-osnabrueck.de\/wp-content\/uploads\/2020\/03\/Claudia-Kemfert_Foto-Oliver-Betke-150x150.jpg\" alt=\"\" class=\"wp-image-2749\" width=\"113\" height=\"113\"\/><\/a><figcaption>\u00a9 Oliver Betke<\/figcaption><\/figure>\n<\/div>\n\n\n\n<div class=\"wp-block-column is-layout-flow wp-block-column-is-layout-flow\" style=\"flex-basis:85%\">\n<h3 class=\"wp-block-heading\"><strong>Prof. Dr. Claudia Kemfert<\/strong><\/h3>\n\n\n\n<p>Energy Economist, German Institute for Economic Research<\/p>\n<\/div>\n<\/div>\n<\/div>\n\n\n\n<div class=\"wp-block-column is-layout-flow wp-block-column-is-layout-flow\" style=\"flex-basis:0%\"><\/div>\n<\/div>\n\n\n\n<div class=\"wp-block-columns is-layout-flex wp-container-core-columns-is-layout-9d6595d7 wp-block-columns-is-layout-flex\">\n<div class=\"wp-block-column is-layout-flow wp-block-column-is-layout-flow\" style=\"flex-basis:100%\">\n<div class=\"wp-block-columns is-layout-flex wp-container-core-columns-is-layout-9d6595d7 wp-block-columns-is-layout-flex\">\n<div class=\"wp-block-column is-layout-flow wp-block-column-is-layout-flow\" style=\"flex-basis:15%\">\n<figure class=\"wp-block-image size-thumbnail is-resized\"><a href=\"https:\/\/www.ofg.uni-osnabrueck.de\/wp-content\/uploads\/2020\/03\/Herfried-M\u00fcnkler_Foto-U.-Heinrichs-scaled.jpg\" target=\"_blank\" rel=\"noreferrer noopener\"><img loading=\"lazy\" decoding=\"async\" src=\"https:\/\/www.ofg.uni-osnabrueck.de\/wp-content\/uploads\/2020\/03\/Michael-Vassiliadis_Foto-IG-BCE-150x150.jpg\" alt=\"\" class=\"wp-image-2760\" width=\"113\" height=\"113\"\/><\/a><figcaption>\u00a9 IG BCE<\/figcaption><\/figure>\n<\/div>\n\n\n\n<div class=\"wp-block-column is-layout-flow wp-block-column-is-layout-flow\" style=\"flex-basis:85%\">\n<h3 class=\"wp-block-heading\"><strong>Michael Vassiliadis<\/strong><\/h3>\n\n\n\n<p>Chairman of the Mining, Chemical and Energy Industrial Union (IG BCE)<\/p>\n<\/div>\n<\/div>\n<\/div>\n\n\n\n<div class=\"wp-block-column is-layout-flow wp-block-column-is-layout-flow\" style=\"flex-basis:0%\"><\/div>\n<\/div>\n\n\n\n<p><strong>Moderation<\/strong><br>Dr. Tobias Romberg, freelance journalist<\/p>\n\n\n\n<hr class=\"wp-block-separator\"\/>\n\n\n\n<p>In view of the major challenges posed by the Corona pandemic, climate change has faded into the background as a central threat in recent months.<\/p>\n\n\n\n<p>With the recent ruling of the Federal Constitutional Court, which obliges the legislator to amend the Climate Protection Act, the issue has come back into focus and also shaped the 2021 federal election. While environmental protection associations and especially the younger generation are hopeful, the new Climate Protection Act is increasingly meeting with criticism from the business community. Against the backdrop of the effects of the Corona crisis, voices were already raised months ago in favour of easing climate protection requirements in the economy. Increasingly, the question arises as to how ecological and economic interests can be brought together or whether they can be reconciled at all. What can a sustainable, environmentally friendly industry look like in the future? What concrete steps and measures are needed? These and many other questions were discussed by J\u00f6rn Hasenfu\u00df, Spokesman for the Board of Management and Managing Director of Technology at Volkswagen Osnabr\u00fcck GmbH, Prof. Dr. Claudia Kemfert, energy economist at the German Institute for Economic Research, and Michael Vassiliadis, Chairman of the Mining, Chemical and Energy Industrial Union, at the Peace Talk on 23 June. The focus was particularly on the challenges and necessary change processes in the area of mobility and the energy sector. The panel discussion was moderated by Dr Tobias Romberg, freelance journalist.<\/p>\n\n\n\n<hr class=\"wp-block-separator\"\/>\n\n\n\n<p>23. Juni 2021, 19 Uhr, Livestream<\/p>\n\n\n\n<hr class=\"wp-block-separator\"\/>\n\n\n\n<div class=\"wp-block-columns is-layout-flex wp-container-core-columns-is-layout-9d6595d7 wp-block-columns-is-layout-flex\">\n<div class=\"wp-block-column is-layout-flow wp-block-column-is-layout-flow\">\n<h4 class=\"wp-block-heading\"><strong><strong>Picture gallery<\/strong><\/strong><\/h4>\n\n\n\n<figure class=\"wp-block-gallery columns-0 is-cropped wp-block-gallery-1 is-layout-flex wp-block-gallery-is-layout-flex\"><ul class=\"blocks-gallery-grid\"><li class=\"blocks-gallery-item\"><figure><a href=\"https:\/\/www.ofg.uni-osnabrueck.de\/wp-content\/uploads\/2021\/06\/DSC9626-scaled.jpg\"><img loading=\"lazy\" decoding=\"async\" width=\"1024\" height=\"683\" src=\"https:\/\/www.ofg.uni-osnabrueck.de\/wp-content\/uploads\/2021\/06\/DSC9626-1024x683.jpg\" alt=\"\" data-id=\"5553\" data-full-url=\"https:\/\/www.ofg.uni-osnabrueck.de\/wp-content\/uploads\/2021\/06\/DSC9626-scaled.jpg\" data-link=\"https:\/\/www.ofg.uni-osnabrueck.de\/_dsc9626\/\" class=\"wp-image-5553\" srcset=\"https:\/\/www.ofg.uni-osnabrueck.de\/wp-content\/uploads\/2021\/06\/DSC9626-1024x683.jpg 1024w, https:\/\/www.ofg.uni-osnabrueck.de\/wp-content\/uploads\/2021\/06\/DSC9626-300x200.jpg 300w, https:\/\/www.ofg.uni-osnabrueck.de\/wp-content\/uploads\/2021\/06\/DSC9626-768x513.jpg 768w, https:\/\/www.ofg.uni-osnabrueck.de\/wp-content\/uploads\/2021\/06\/DSC9626-1536x1025.jpg 1536w, https:\/\/www.ofg.uni-osnabrueck.de\/wp-content\/uploads\/2021\/06\/DSC9626-2048x1367.jpg 2048w\" sizes=\"auto, (max-width: 1024px) 100vw, 1024px\" \/><\/a><figcaption class=\"blocks-gallery-item__caption\">\u00a9 Osnabr\u00fccker Friedensgespr\u00e4che | Uwe Lewandowski<\/figcaption><\/figure><\/li><li class=\"blocks-gallery-item\"><figure><a href=\"https:\/\/www.ofg.uni-osnabrueck.de\/wp-content\/uploads\/2021\/06\/DSC9535-scaled.jpg\"><img loading=\"lazy\" decoding=\"async\" width=\"1024\" height=\"683\" src=\"https:\/\/www.ofg.uni-osnabrueck.de\/wp-content\/uploads\/2021\/06\/DSC9535-1024x683.jpg\" alt=\"\" data-id=\"5567\" data-full-url=\"https:\/\/www.ofg.uni-osnabrueck.de\/wp-content\/uploads\/2021\/06\/DSC9535-scaled.jpg\" data-link=\"https:\/\/www.ofg.uni-osnabrueck.de\/_dsc9535\/\" class=\"wp-image-5567\" srcset=\"https:\/\/www.ofg.uni-osnabrueck.de\/wp-content\/uploads\/2021\/06\/DSC9535-1024x683.jpg 1024w, https:\/\/www.ofg.uni-osnabrueck.de\/wp-content\/uploads\/2021\/06\/DSC9535-300x200.jpg 300w, https:\/\/www.ofg.uni-osnabrueck.de\/wp-content\/uploads\/2021\/06\/DSC9535-768x513.jpg 768w, https:\/\/www.ofg.uni-osnabrueck.de\/wp-content\/uploads\/2021\/06\/DSC9535-1536x1025.jpg 1536w, https:\/\/www.ofg.uni-osnabrueck.de\/wp-content\/uploads\/2021\/06\/DSC9535-2048x1367.jpg 2048w\" sizes=\"auto, (max-width: 1024px) 100vw, 1024px\" \/><\/a><figcaption class=\"blocks-gallery-item__caption\">Prof. Dr. Claudia Kemfert, \u00a9 Osnabr\u00fccker Friedensgespr\u00e4che | Uwe Lewandowski<\/figcaption><\/figure><\/li><li class=\"blocks-gallery-item\"><figure><a href=\"https:\/\/www.ofg.uni-osnabrueck.de\/wp-content\/uploads\/2021\/06\/DSC9672-scaled.jpg\"><img loading=\"lazy\" decoding=\"async\" width=\"1024\" height=\"683\" src=\"https:\/\/www.ofg.uni-osnabrueck.de\/wp-content\/uploads\/2021\/06\/DSC9672-1024x683.jpg\" alt=\"\" data-id=\"5549\" data-full-url=\"https:\/\/www.ofg.uni-osnabrueck.de\/wp-content\/uploads\/2021\/06\/DSC9672-scaled.jpg\" data-link=\"https:\/\/www.ofg.uni-osnabrueck.de\/_dsc9672\/\" class=\"wp-image-5549\" srcset=\"https:\/\/www.ofg.uni-osnabrueck.de\/wp-content\/uploads\/2021\/06\/DSC9672-1024x683.jpg 1024w, https:\/\/www.ofg.uni-osnabrueck.de\/wp-content\/uploads\/2021\/06\/DSC9672-300x200.jpg 300w, https:\/\/www.ofg.uni-osnabrueck.de\/wp-content\/uploads\/2021\/06\/DSC9672-768x513.jpg 768w, https:\/\/www.ofg.uni-osnabrueck.de\/wp-content\/uploads\/2021\/06\/DSC9672-1536x1025.jpg 1536w, https:\/\/www.ofg.uni-osnabrueck.de\/wp-content\/uploads\/2021\/06\/DSC9672-2048x1367.jpg 2048w\" sizes=\"auto, (max-width: 1024px) 100vw, 1024px\" \/><\/a><figcaption class=\"blocks-gallery-item__caption\">J\u00f6rn Hasenfu\u00df, \u00a9 Osnabr\u00fccker Friedensgespr\u00e4che | Uwe Lewandowski<\/figcaption><\/figure><\/li><li class=\"blocks-gallery-item\"><figure><a href=\"https:\/\/www.ofg.uni-osnabrueck.de\/wp-content\/uploads\/2021\/06\/DSC9562-scaled.jpg\"><img loading=\"lazy\" decoding=\"async\" width=\"1024\" height=\"683\" src=\"https:\/\/www.ofg.uni-osnabrueck.de\/wp-content\/uploads\/2021\/06\/DSC9562-1024x683.jpg\" alt=\"\" data-id=\"5562\" data-full-url=\"https:\/\/www.ofg.uni-osnabrueck.de\/wp-content\/uploads\/2021\/06\/DSC9562-scaled.jpg\" data-link=\"https:\/\/www.ofg.uni-osnabrueck.de\/_dsc9562\/\" class=\"wp-image-5562\" srcset=\"https:\/\/www.ofg.uni-osnabrueck.de\/wp-content\/uploads\/2021\/06\/DSC9562-1024x683.jpg 1024w, https:\/\/www.ofg.uni-osnabrueck.de\/wp-content\/uploads\/2021\/06\/DSC9562-300x200.jpg 300w, https:\/\/www.ofg.uni-osnabrueck.de\/wp-content\/uploads\/2021\/06\/DSC9562-768x513.jpg 768w, https:\/\/www.ofg.uni-osnabrueck.de\/wp-content\/uploads\/2021\/06\/DSC9562-1536x1025.jpg 1536w, https:\/\/www.ofg.uni-osnabrueck.de\/wp-content\/uploads\/2021\/06\/DSC9562-2048x1367.jpg 2048w\" sizes=\"auto, (max-width: 1024px) 100vw, 1024px\" \/><\/a><figcaption class=\"blocks-gallery-item__caption\">Michael Vassiliadis, \u00a9 Osnabr\u00fccker Friedensgespr\u00e4che | Uwe Lewandowski<\/figcaption><\/figure><\/li><li class=\"blocks-gallery-item\"><figure><a href=\"https:\/\/www.ofg.uni-osnabrueck.de\/wp-content\/uploads\/2021\/06\/DSC9508-scaled.jpg\"><img loading=\"lazy\" decoding=\"async\" width=\"1024\" height=\"683\" src=\"https:\/\/www.ofg.uni-osnabrueck.de\/wp-content\/uploads\/2021\/06\/DSC9508-1024x683.jpg\" alt=\"\" data-id=\"5572\" data-full-url=\"https:\/\/www.ofg.uni-osnabrueck.de\/wp-content\/uploads\/2021\/06\/DSC9508-scaled.jpg\" data-link=\"https:\/\/www.ofg.uni-osnabrueck.de\/_dsc9508\/\" class=\"wp-image-5572\" srcset=\"https:\/\/www.ofg.uni-osnabrueck.de\/wp-content\/uploads\/2021\/06\/DSC9508-1024x683.jpg 1024w, https:\/\/www.ofg.uni-osnabrueck.de\/wp-content\/uploads\/2021\/06\/DSC9508-300x200.jpg 300w, https:\/\/www.ofg.uni-osnabrueck.de\/wp-content\/uploads\/2021\/06\/DSC9508-768x513.jpg 768w, https:\/\/www.ofg.uni-osnabrueck.de\/wp-content\/uploads\/2021\/06\/DSC9508-1536x1025.jpg 1536w, https:\/\/www.ofg.uni-osnabrueck.de\/wp-content\/uploads\/2021\/06\/DSC9508-2048x1367.jpg 2048w\" sizes=\"auto, (max-width: 1024px) 100vw, 1024px\" \/><\/a><figcaption class=\"blocks-gallery-item__caption\">Dr. Tobias Romberg, \u00a9 Osnabr\u00fccker Friedensgespr\u00e4che | Uwe Lewandowski<\/figcaption><\/figure><\/li><li class=\"blocks-gallery-item\"><figure><a href=\"https:\/\/www.ofg.uni-osnabrueck.de\/wp-content\/uploads\/2021\/06\/DSC9696-scaled.jpg\"><img loading=\"lazy\" decoding=\"async\" width=\"1024\" height=\"683\" src=\"https:\/\/www.ofg.uni-osnabrueck.de\/wp-content\/uploads\/2021\/06\/DSC9696-1024x683.jpg\" alt=\"\" data-id=\"5543\" data-full-url=\"https:\/\/www.ofg.uni-osnabrueck.de\/wp-content\/uploads\/2021\/06\/DSC9696-scaled.jpg\" data-link=\"https:\/\/www.ofg.uni-osnabrueck.de\/_dsc9696\/\" class=\"wp-image-5543\" srcset=\"https:\/\/www.ofg.uni-osnabrueck.de\/wp-content\/uploads\/2021\/06\/DSC9696-1024x683.jpg 1024w, https:\/\/www.ofg.uni-osnabrueck.de\/wp-content\/uploads\/2021\/06\/DSC9696-300x200.jpg 300w, https:\/\/www.ofg.uni-osnabrueck.de\/wp-content\/uploads\/2021\/06\/DSC9696-768x513.jpg 768w, https:\/\/www.ofg.uni-osnabrueck.de\/wp-content\/uploads\/2021\/06\/DSC9696-1536x1025.jpg 1536w, https:\/\/www.ofg.uni-osnabrueck.de\/wp-content\/uploads\/2021\/06\/DSC9696-2048x1367.jpg 2048w\" sizes=\"auto, (max-width: 1024px) 100vw, 1024px\" \/><\/a><figcaption class=\"blocks-gallery-item__caption\">Herr Vassiliadis und Herr hasenfu\u00df im Gespr\u00e4ch, \u00a9 Osnabr\u00fccker Friedensgespr\u00e4che | Uwe Lewandowski<\/figcaption><\/figure><\/li><li class=\"blocks-gallery-item\"><figure><a href=\"https:\/\/www.ofg.uni-osnabrueck.de\/wp-content\/uploads\/2021\/06\/DSC9560-scaled.jpg\"><img loading=\"lazy\" decoding=\"async\" width=\"1024\" height=\"683\" src=\"https:\/\/www.ofg.uni-osnabrueck.de\/wp-content\/uploads\/2021\/06\/DSC9560-1024x683.jpg\" alt=\"\" data-id=\"5557\" data-full-url=\"https:\/\/www.ofg.uni-osnabrueck.de\/wp-content\/uploads\/2021\/06\/DSC9560-scaled.jpg\" data-link=\"https:\/\/www.ofg.uni-osnabrueck.de\/_dsc9560\/\" class=\"wp-image-5557\" srcset=\"https:\/\/www.ofg.uni-osnabrueck.de\/wp-content\/uploads\/2021\/06\/DSC9560-1024x683.jpg 1024w, https:\/\/www.ofg.uni-osnabrueck.de\/wp-content\/uploads\/2021\/06\/DSC9560-300x200.jpg 300w, https:\/\/www.ofg.uni-osnabrueck.de\/wp-content\/uploads\/2021\/06\/DSC9560-768x513.jpg 768w, https:\/\/www.ofg.uni-osnabrueck.de\/wp-content\/uploads\/2021\/06\/DSC9560-1536x1025.jpg 1536w, https:\/\/www.ofg.uni-osnabrueck.de\/wp-content\/uploads\/2021\/06\/DSC9560-2048x1367.jpg 2048w\" sizes=\"auto, (max-width: 1024px) 100vw, 1024px\" \/><\/a><figcaption class=\"blocks-gallery-item__caption\">\u00a9 Osnabr\u00fccker Friedensgespr\u00e4che | Uwe Lewandowski<\/figcaption><\/figure><\/li><\/ul><figcaption class=\"blocks-gallery-caption\">\u00a9 Osnabr\u00fccker Friedensgespr\u00e4che | Uwe Lewandowski<\/figcaption><\/figure>\n\n\n\n<p><\/p>\n<\/div>\n\n\n\n<div class=\"wp-block-column is-layout-flow wp-block-column-is-layout-flow\">\n<h4 class=\"wp-block-heading\"><strong><strong>Video recordings<\/strong><\/strong><\/h4>\n\n\n<figure class=\"wp-block-embed-youtube wp-block-embed is-type-video is-provider-youtube wp-embed-aspect-16-9 wp-has-aspect-ratio\"><div class=\"lyte-wrapper\" title=\"Zwischen den Welten &ndash; Klima und Wirtschaft im Widerstreit\" style=\"width:853px;max-width:100%;margin:5px auto;\"><div class=\"lyMe hidef\" id=\"WYL_wnn4a47VUMg\" itemprop=\"video\" itemscope itemtype=\"https:\/\/schema.org\/VideoObject\"><div><meta itemprop=\"thumbnailUrl\" content=\"https:\/\/www.ofg.uni-osnabrueck.de\/wp-content\/plugins\/wp-youtube-lyte\/lyteCache.php?origThumbUrl=https%3A%2F%2Fi.ytimg.com%2Fvi%2Fwnn4a47VUMg%2Fmaxresdefault.jpg\" \/><meta itemprop=\"embedURL\" content=\"https:\/\/www.youtube.com\/embed\/wnn4a47VUMg\" \/><meta itemprop=\"duration\" content=\"PT1H34M41S\" \/><meta itemprop=\"uploadDate\" content=\"2021-06-24T06:41:38Z\" \/><\/div><div id=\"lyte_wnn4a47VUMg\" data-src=\"https:\/\/www.ofg.uni-osnabrueck.de\/wp-content\/plugins\/wp-youtube-lyte\/lyteCache.php?origThumbUrl=https%3A%2F%2Fi.ytimg.com%2Fvi%2Fwnn4a47VUMg%2Fmaxresdefault.jpg\" class=\"pL\"><div class=\"tC\"><div class=\"tT\" itemprop=\"name\">Zwischen den Welten \u2013 Klima und Wirtschaft im Widerstreit<\/div><\/div><div class=\"play\"><\/div><div class=\"ctrl\"><div class=\"Lctrl\"><\/div><div class=\"Rctrl\"><\/div><\/div><\/div><noscript><a href=\"https:\/\/youtu.be\/wnn4a47VUMg\" rel=\"nofollow\"><img loading=\"lazy\" decoding=\"async\" src=\"https:\/\/www.ofg.uni-osnabrueck.de\/wp-content\/plugins\/wp-youtube-lyte\/lyteCache.php?origThumbUrl=https%3A%2F%2Fi.ytimg.com%2Fvi%2Fwnn4a47VUMg%2F0.jpg\" alt=\"Zwischen den Welten &ndash; Klima und Wirtschaft im Widerstreit\" width=\"853\" height=\"460\" \/><br \/>Watch this video on YouTube<\/a><\/noscript><meta itemprop=\"description\" content=\"Angesichts der gro\u00dfen Herausforderungen, die die Corona-Pandemie mit sich bringt, ist der Klimawandel als zentrale Bedrohung in den vergangenen Monaten in den Hintergrund getreten. Mit dem j\u00fcngsten Urteil des Bundesverfassungsgerichts, das den Gesetzgeber zur Nachbesserung des Klimaschutzgesetzes verpflichtet, ist das Thema wieder verst\u00e4rkt in den Fokus ger\u00fcckt und wird auch die kommende Bundestagswahl entscheidend pr\u00e4gen. W\u00e4hrend Umweltschutzverb\u00e4nde und insbesondere die junge Generation Hoffnung sch\u00f6pfen, st\u00f6\u00dft das neue Klimaschutzgesetz zunehmend auf Kritik aus der Wirtschaft. Vor dem Hintergrund der Auswirkungen der Corona-Krise wurden bereits vor Monaten Stimmen f\u00fcr die Erleichterung von Klimaschutzauflagen in der Wirtschaft laut. Zunehmend stellt sich die Frage, wie \u00f6kologische und \u00f6konomische Interessen zusammenzubringen bzw. ob sie \u00fcberhaupt vereinbar sind. Wie kann eine nachhaltige umweltfreundliche Industrie zuk\u00fcnftig aussehen? Welcher konkreten Schritte und Ma\u00dfnahmen bedarf es? Diese und viele weitere Fragen diskutierten J\u00f6rn Hasenfu\u00df, Sprecher der Gesch\u00e4ftsf\u00fchrung und Gesch\u00e4ftsf\u00fchrer Technik der Volkswagen Osnabr\u00fcck GmbH, Prof. Dr. Claudia Kemfert, Energie\u00f6konomin, Deutsches Institut f\u00fcr Wirtschaftsforschung und Michael Vassiliadis, Vorsitzender der Industriegewerkschaft Bergbau, Chemie, Energie, im Friedensgespr\u00e4ch am 23. Juni. Dabei wurde der Fokus insbesondere auf die Herausforderungen und notwendigen Ver\u00e4nderungsprozesse im Bereich der Mobilit\u00e4t und des Energiesektors gelegt. Moderiert wurde die Podiumsdiskussion durch Dr. Tobias Romberg, freiberuflicher Journalist.\"><\/div><\/div><div class=\"lL\" style=\"max-width:100%;width:853px;margin:5px auto;\"><br\/><span class=\"lyte_disclaimer\">Bitte beachten Sie unsere Datenschutzerkl\u00e4rung. Wenn Sie das Video abspielen, werden Daten an YouTube gesendet.<\/span><\/div><figcaption><\/figcaption><\/figure><\/div>\n<\/div>\n","protected":false},"excerpt":{"rendered":"<p>In view of the major challenges posed by the Corona pandemic, climate change has faded into the background as a central threat in recent months. With the recent ruling of the Federal Constitutional Court, which obliges the legislator to amend the Climate Protection Act, the issue has come back into focus and also shaped the 2021 federal election. While environmental protection associations and especially the younger generation are hopeful, the new Climate Protection Act is increasingly meeting with criticism from the business community. Against the backdrop of the effects of the Corona crisis, voices were already raised months ago in favour of easing climate protection requirements in the economy.<\/p>\n","protected":false},"author":2,"featured_media":5557,"comment_status":"closed","ping_status":"closed","sticky":false,"template":"","format":"standard","meta":{"footnotes":""},"categories":[110,44,88,156],"tags":[],"class_list":["post-6311","post","type-post","status-publish","format-standard","has-post-thumbnail","hentry","category-homepage","category-nicht-kategorisiert-en","category-talks-and-debate","category-uncategorized","generate-columns","tablet-grid-50","mobile-grid-100","grid-parent","grid-50"],"wps_subtitle":"","_links":{"self":[{"href":"https:\/\/www.ofg.uni-osnabrueck.de\/en\/wp-json\/wp\/v2\/posts\/6311","targetHints":{"allow":["GET"]}}],"collection":[{"href":"https:\/\/www.ofg.uni-osnabrueck.de\/en\/wp-json\/wp\/v2\/posts"}],"about":[{"href":"https:\/\/www.ofg.uni-osnabrueck.de\/en\/wp-json\/wp\/v2\/types\/post"}],"author":[{"embeddable":true,"href":"https:\/\/www.ofg.uni-osnabrueck.de\/en\/wp-json\/wp\/v2\/users\/2"}],"replies":[{"embeddable":true,"href":"https:\/\/www.ofg.uni-osnabrueck.de\/en\/wp-json\/wp\/v2\/comments?post=6311"}],"version-history":[{"count":4,"href":"https:\/\/www.ofg.uni-osnabrueck.de\/en\/wp-json\/wp\/v2\/posts\/6311\/revisions"}],"predecessor-version":[{"id":6356,"href":"https:\/\/www.ofg.uni-osnabrueck.de\/en\/wp-json\/wp\/v2\/posts\/6311\/revisions\/6356"}],"wp:featuredmedia":[{"embeddable":true,"href":"https:\/\/www.ofg.uni-osnabrueck.de\/en\/wp-json\/wp\/v2\/media\/5557"}],"wp:attachment":[{"href":"https:\/\/www.ofg.uni-osnabrueck.de\/en\/wp-json\/wp\/v2\/media?parent=6311"}],"wp:term":[{"taxonomy":"category","embeddable":true,"href":"https:\/\/www.ofg.uni-osnabrueck.de\/en\/wp-json\/wp\/v2\/categories?post=6311"},{"taxonomy":"post_tag","embeddable":true,"href":"https:\/\/www.ofg.uni-osnabrueck.de\/en\/wp-json\/wp\/v2\/tags?post=6311"}],"curies":[{"name":"wp","href":"https:\/\/api.w.org\/{rel}","templated":true}]}}