{"id":5515,"date":"2015-10-03T11:00:00","date_gmt":"2015-10-03T09:00:00","guid":{"rendered":"https:\/\/www.ofg.uni-osnabrueck.de\/?p=5515"},"modified":"2024-05-21T09:13:35","modified_gmt":"2024-05-21T07:13:35","slug":"europa-sieht-deutschland-2015","status":"publish","type":"post","link":"https:\/\/www.ofg.uni-osnabrueck.de\/en\/europa-sieht-deutschland-2015\/","title":{"rendered":"Europa sieht Deutschland 2015"},"content":{"rendered":"\n<h3 class=\"wp-block-heading\">Festvortrag zum Tag der Deutschen Einheit mit<\/h3>\n\n\n\n<h3 class=\"wp-block-heading\"><strong>Prof. Dr. Adolf Muschg<\/strong><br>Schweizer Schriftsteller und Literaturwissenschaftler, ehem. Pr\u00e4sident der Berliner Akademie der K\u00fcnste, Z\u00fcrich<br><br><\/h3>\n\n\n\n<p><strong>Gespr\u00e4chsleitung<\/strong><br>Prof. Dr. Christoph K\u00f6nig, Universit\u00e4t Osnabr\u00fcck <\/p>\n\n\n\n<hr class=\"wp-block-separator has-css-opacity\"\/>\n\n\n\n<p>\u00bbEuropa ist das Gegenteil einer idealen Konstruktion heute, aber es ist ein politischer Versuch, aus der Geschichte zu lernen, aus einer sehr anh\u00e4nglichen, destruktiven Geschichte\u00ab, so Adolf Muschg in der Interviewreihe \u00bbStandpunkte\u00ab der Neuen Z\u00fcrcher Zeitung, \u00bbwir m\u00fcssen neue Formen politischer B\u00fcndnisf\u00e4higkeit untereinander entwickeln, und auch der Konfliktf\u00e4higkeit unter uns. Es geht im Grunde um eine Bereitschaft, im Problem des anderen ein eigenes zu erkennen, statt das Problem mit ihm abzuwehren, auszutreiben\u00ab.<\/p>\n\n\n\n<p><strong>Prof. Dr. Adolf Muschg<\/strong><br>Schweizer Dichter, Schriftsteller und Literaturwissenschaftler \u2013 Geb. 1934 im Kanton Z\u00fcrich, Studium der Germanistik, Anglistik und Philosophie in Z\u00fcrich und Cambridge, Promotion 1959 \u00fcber Ernst Barlach. Anschlie\u00dfend T\u00e4tigkeit als Lehrer und Hochschullehrer, u. a. an der Universit\u00e4t G\u00f6ttingen, in Japan und den USA. Von 1970 bis 1999 Professor f\u00fcr deutsche Sprache und Literatur an der Eidgen\u00f6ssischen Technischen Hochschule Z\u00fcrich. Seit 1976 Mitglied der Akademie der K\u00fcnste in Berlin, auch Mitglied der Akademie der Wissenschaften und der Literatur Mainz sowie der Deutschen Akademie f\u00fcr Sprache und Dichtung in Darmstadt und der Freien Akademie der K\u00fcnste Hamburg. Von 2003 bis Dez. 2005 amtierte Muschg als Pr\u00e4sident der Akademie der K\u00fcnste in Berlin. F\u00fcr sein schriftstellerisches Werk wurde Adolf Muschg vielfach ausgezeichnet, zuletzt 2015 mit dem Schweizer Grand Prix Literatur. 2014 erschien von ihm der Band \u00bbIm Erlebensfall. Versuche und Reden 2002\u20132013\u00ab.<\/p>\n\n\n\n<hr class=\"wp-block-separator has-css-opacity\"\/>\n\n\n\n<p><strong> 3. Oktober 2015, 11 Uhr, Kreiszentrum Sch\u00f6lerberg<\/strong><\/p>\n\n\n\n<hr class=\"wp-block-separator has-css-opacity\"\/>\n\n\n\n<div class=\"wp-block-columns is-layout-flex wp-container-core-columns-is-layout-9d6595d7 wp-block-columns-is-layout-flex\">\n<div class=\"wp-block-column is-layout-flow wp-block-column-is-layout-flow\">\n<h4 class=\"wp-block-heading\"><strong>Bildergalerie<\/strong><\/h4>\n\n\n\n<figure class=\"wp-block-gallery has-nested-images columns-0 is-cropped wp-block-gallery-1 is-layout-flex wp-block-gallery-is-layout-flex\">\n<figure class=\"wp-block-image size-large\"><a href=\"https:\/\/www.ofg.uni-osnabrueck.de\/wp-content\/uploads\/2021\/06\/LEW2359-scaled.jpg\"><img loading=\"lazy\" decoding=\"async\" width=\"1024\" height=\"792\" data-id=\"5491\" src=\"https:\/\/www.ofg.uni-osnabrueck.de\/wp-content\/uploads\/2021\/06\/LEW2359-1024x792.jpg\" alt=\"\" class=\"wp-image-5491\" srcset=\"https:\/\/www.ofg.uni-osnabrueck.de\/wp-content\/uploads\/2021\/06\/LEW2359-1024x792.jpg 1024w, https:\/\/www.ofg.uni-osnabrueck.de\/wp-content\/uploads\/2021\/06\/LEW2359-300x232.jpg 300w, https:\/\/www.ofg.uni-osnabrueck.de\/wp-content\/uploads\/2021\/06\/LEW2359-768x594.jpg 768w, https:\/\/www.ofg.uni-osnabrueck.de\/wp-content\/uploads\/2021\/06\/LEW2359-1536x1188.jpg 1536w, https:\/\/www.ofg.uni-osnabrueck.de\/wp-content\/uploads\/2021\/06\/LEW2359-2048x1584.jpg 2048w\" sizes=\"auto, (max-width: 1024px) 100vw, 1024px\" \/><\/a><figcaption class=\"wp-element-caption\">Adolf Muschg und Gastgeber: B\u00fcrgermeister Burkhard Jasper, Unipr\u00e4sident Wolfgang L\u00fccke und Landrat Michael L\u00fcbbersmann (v.l.) interessieren sich f\u00fcr den Eintrag des Schweizers in das Goldene Buch des Landkreises Osnabr\u00fcck, \u00a9 Osnabr\u00fccker Friedensgespr\u00e4che | Uwe Lewandowski<\/figcaption><\/figure>\n\n\n\n<figure class=\"wp-block-image size-large\"><a href=\"https:\/\/www.ofg.uni-osnabrueck.de\/wp-content\/uploads\/2021\/06\/LEW2382-scaled.jpg\"><img loading=\"lazy\" decoding=\"async\" width=\"1024\" height=\"683\" data-id=\"5495\" src=\"https:\/\/www.ofg.uni-osnabrueck.de\/wp-content\/uploads\/2021\/06\/LEW2382-1024x683.jpg\" alt=\"\" class=\"wp-image-5495\" srcset=\"https:\/\/www.ofg.uni-osnabrueck.de\/wp-content\/uploads\/2021\/06\/LEW2382-1024x683.jpg 1024w, https:\/\/www.ofg.uni-osnabrueck.de\/wp-content\/uploads\/2021\/06\/LEW2382-300x200.jpg 300w, https:\/\/www.ofg.uni-osnabrueck.de\/wp-content\/uploads\/2021\/06\/LEW2382-768x513.jpg 768w, https:\/\/www.ofg.uni-osnabrueck.de\/wp-content\/uploads\/2021\/06\/LEW2382-1536x1025.jpg 1536w, https:\/\/www.ofg.uni-osnabrueck.de\/wp-content\/uploads\/2021\/06\/LEW2382-2048x1367.jpg 2048w\" sizes=\"auto, (max-width: 1024px) 100vw, 1024px\" \/><\/a><figcaption class=\"wp-element-caption\">Prof. Dr. Adolf Muschg im Gespr\u00e4ch, \u00a9 Osnabr\u00fccker Friedensgespr\u00e4che | Uwe Lewandowski<\/figcaption><\/figure>\n\n\n\n<figure class=\"wp-block-image size-large\"><a href=\"https:\/\/www.ofg.uni-osnabrueck.de\/wp-content\/uploads\/2021\/06\/LEW2424-scaled.jpg\"><img loading=\"lazy\" decoding=\"async\" width=\"1024\" height=\"683\" data-id=\"5500\" src=\"https:\/\/www.ofg.uni-osnabrueck.de\/wp-content\/uploads\/2021\/06\/LEW2424-1024x683.jpg\" alt=\"\" class=\"wp-image-5500\" srcset=\"https:\/\/www.ofg.uni-osnabrueck.de\/wp-content\/uploads\/2021\/06\/LEW2424-1024x683.jpg 1024w, https:\/\/www.ofg.uni-osnabrueck.de\/wp-content\/uploads\/2021\/06\/LEW2424-300x200.jpg 300w, https:\/\/www.ofg.uni-osnabrueck.de\/wp-content\/uploads\/2021\/06\/LEW2424-768x513.jpg 768w, https:\/\/www.ofg.uni-osnabrueck.de\/wp-content\/uploads\/2021\/06\/LEW2424-1536x1025.jpg 1536w, https:\/\/www.ofg.uni-osnabrueck.de\/wp-content\/uploads\/2021\/06\/LEW2424-2048x1367.jpg 2048w\" sizes=\"auto, (max-width: 1024px) 100vw, 1024px\" \/><\/a><figcaption class=\"wp-element-caption\">Prof. Dr. Christoph K\u00f6nig, \u00a9 Osnabr\u00fccker Friedensgespr\u00e4che | Uwe Lewandowski<\/figcaption><\/figure>\n\n\n\n<figure class=\"wp-block-image size-large\"><a href=\"https:\/\/www.ofg.uni-osnabrueck.de\/wp-content\/uploads\/2021\/06\/LEW2446-scaled.jpg\"><img loading=\"lazy\" decoding=\"async\" width=\"1024\" height=\"461\" data-id=\"5505\" src=\"https:\/\/www.ofg.uni-osnabrueck.de\/wp-content\/uploads\/2021\/06\/LEW2446-1024x461.jpg\" alt=\"\" class=\"wp-image-5505\" srcset=\"https:\/\/www.ofg.uni-osnabrueck.de\/wp-content\/uploads\/2021\/06\/LEW2446-1024x461.jpg 1024w, https:\/\/www.ofg.uni-osnabrueck.de\/wp-content\/uploads\/2021\/06\/LEW2446-300x135.jpg 300w, https:\/\/www.ofg.uni-osnabrueck.de\/wp-content\/uploads\/2021\/06\/LEW2446-768x346.jpg 768w, https:\/\/www.ofg.uni-osnabrueck.de\/wp-content\/uploads\/2021\/06\/LEW2446-1536x691.jpg 1536w, https:\/\/www.ofg.uni-osnabrueck.de\/wp-content\/uploads\/2021\/06\/LEW2446-2048x922.jpg 2048w\" sizes=\"auto, (max-width: 1024px) 100vw, 1024px\" \/><\/a><figcaption class=\"wp-element-caption\">Prof. Dr. Christoph K\u00f6nig w\u00fcrdigt den Festredner in seiner Einf\u00fchrung, \u00a9 Osnabr\u00fccker Friedensgespr\u00e4che | Uwe Lewandowski<\/figcaption><\/figure>\n\n\n\n<figure class=\"wp-block-image size-large\"><a href=\"https:\/\/www.ofg.uni-osnabrueck.de\/wp-content\/uploads\/2021\/06\/LEW2455-scaled.jpg\"><img loading=\"lazy\" decoding=\"async\" width=\"1024\" height=\"683\" data-id=\"5510\" src=\"https:\/\/www.ofg.uni-osnabrueck.de\/wp-content\/uploads\/2021\/06\/LEW2455-1024x683.jpg\" alt=\"\" class=\"wp-image-5510\" srcset=\"https:\/\/www.ofg.uni-osnabrueck.de\/wp-content\/uploads\/2021\/06\/LEW2455-1024x683.jpg 1024w, https:\/\/www.ofg.uni-osnabrueck.de\/wp-content\/uploads\/2021\/06\/LEW2455-300x200.jpg 300w, https:\/\/www.ofg.uni-osnabrueck.de\/wp-content\/uploads\/2021\/06\/LEW2455-768x513.jpg 768w, https:\/\/www.ofg.uni-osnabrueck.de\/wp-content\/uploads\/2021\/06\/LEW2455-1536x1025.jpg 1536w, https:\/\/www.ofg.uni-osnabrueck.de\/wp-content\/uploads\/2021\/06\/LEW2455-2048x1367.jpg 2048w\" sizes=\"auto, (max-width: 1024px) 100vw, 1024px\" \/><\/a><figcaption class=\"wp-element-caption\">Prof. Dr. Adolf Muschg h\u00e4lt den Festvortrag, \u00a9 Osnabr\u00fccker Friedensgespr\u00e4che | Uwe Lewandowski<\/figcaption><\/figure>\n<\/figure>\n\n\n\n<p class=\"has-small-font-size\">\u00a9 Osnabr\u00fccker Friedensgespr\u00e4che | Uwe Lewandowski<\/p>\n<\/div>\n\n\n\n<div class=\"wp-block-column is-layout-flow wp-block-column-is-layout-flow\">\n<h4 class=\"wp-block-heading\"><strong>Videos<\/strong><\/h4>\n\n\n\n<div class=\"lyte-wrapper\" title=\"Playlist: Europa sieht Deutschland: Europa und das Vergessen\" style=\"width:853px;max-width:100%;margin:5px auto;\"><div class=\"lyMe hidef playlist\" id=\"WYL_PLILLmy3CVsZPI6BZzlIU8zdK0KQGaiwLL\"><div id=\"lyte_PLILLmy3CVsZPI6BZzlIU8zdK0KQGaiwLL\" data-src=\"https:\/\/www.ofg.uni-osnabrueck.de\/wp-content\/plugins\/wp-youtube-lyte\/lyteCache.php?origThumbUrl=https%3A%2F%2Fi.ytimg.com%2Fvi%2FeAsIG3bXtYM%2Fhqdefault.jpg\" class=\"pL\"><div class=\"tC\"><div class=\"tT\">Playlist: Europa sieht Deutschland: Europa und das Vergessen<\/div><\/div><div class=\"play\"><\/div><div class=\"ctrl\"><div class=\"Lctrl\"><\/div><div class=\"Rctrl\"><\/div><\/div><\/div><noscript><a href=\"https:\/\/youtube.com\/playlist?list=PLILLmy3CVsZPI6BZzlIU8zdK0KQGaiwLL\" rel=\"nofollow\"><br \/>Watch this playlist on YouTube<\/a><\/noscript><\/div><\/div><div class=\"lL\" style=\"max-width:100%;width:853px;margin:5px auto;\"><span class=\"lyte_disclaimer\">Bitte beachten Sie unsere Datenschutzerkl\u00e4rung. Wenn Sie das Video abspielen, werden Daten an YouTube gesendet.<\/span><\/div>\n<\/div>\n<\/div>\n","protected":false},"excerpt":{"rendered":"<p>Festvortrag zum Tag der Deutschen Einheit von Prof. Dr. Adolf Muschg (Schweizer Schriftsteller und Literaturwissenschaftler, ehem. Pr\u00e4sident der Berliner Akademie der K\u00fcnste, Z\u00fcrich)<\/p>\n","protected":false},"author":2,"featured_media":5491,"comment_status":"closed","ping_status":"closed","sticky":false,"template":"","format":"standard","meta":{"footnotes":""},"categories":[21,8],"tags":[],"class_list":["post-5515","post","type-post","status-publish","format-standard","has-post-thumbnail","hentry","category-europa-sieht-deutschland","category-unkategorisiert","generate-columns","tablet-grid-50","mobile-grid-100","grid-parent","grid-50"],"wps_subtitle":"Europa und das Vergessen","_links":{"self":[{"href":"https:\/\/www.ofg.uni-osnabrueck.de\/en\/wp-json\/wp\/v2\/posts\/5515","targetHints":{"allow":["GET"]}}],"collection":[{"href":"https:\/\/www.ofg.uni-osnabrueck.de\/en\/wp-json\/wp\/v2\/posts"}],"about":[{"href":"https:\/\/www.ofg.uni-osnabrueck.de\/en\/wp-json\/wp\/v2\/types\/post"}],"author":[{"embeddable":true,"href":"https:\/\/www.ofg.uni-osnabrueck.de\/en\/wp-json\/wp\/v2\/users\/2"}],"replies":[{"embeddable":true,"href":"https:\/\/www.ofg.uni-osnabrueck.de\/en\/wp-json\/wp\/v2\/comments?post=5515"}],"version-history":[{"count":13,"href":"https:\/\/www.ofg.uni-osnabrueck.de\/en\/wp-json\/wp\/v2\/posts\/5515\/revisions"}],"predecessor-version":[{"id":13889,"href":"https:\/\/www.ofg.uni-osnabrueck.de\/en\/wp-json\/wp\/v2\/posts\/5515\/revisions\/13889"}],"wp:featuredmedia":[{"embeddable":true,"href":"https:\/\/www.ofg.uni-osnabrueck.de\/en\/wp-json\/wp\/v2\/media\/5491"}],"wp:attachment":[{"href":"https:\/\/www.ofg.uni-osnabrueck.de\/en\/wp-json\/wp\/v2\/media?parent=5515"}],"wp:term":[{"taxonomy":"category","embeddable":true,"href":"https:\/\/www.ofg.uni-osnabrueck.de\/en\/wp-json\/wp\/v2\/categories?post=5515"},{"taxonomy":"post_tag","embeddable":true,"href":"https:\/\/www.ofg.uni-osnabrueck.de\/en\/wp-json\/wp\/v2\/tags?post=5515"}],"curies":[{"name":"wp","href":"https:\/\/api.w.org\/{rel}","templated":true}]}}