{"id":5472,"date":"2015-10-21T19:00:00","date_gmt":"2015-10-21T17:00:00","guid":{"rendered":"https:\/\/www.ofg.uni-osnabrueck.de\/?p=5472"},"modified":"2024-01-12T09:59:15","modified_gmt":"2024-01-12T08:59:15","slug":"druschba","status":"publish","type":"post","link":"https:\/\/www.ofg.uni-osnabrueck.de\/en\/druschba\/","title":{"rendered":"Druschba?!"},"content":{"rendered":"\n<h6 class=\"wp-block-heading\">Statements und Diskussion mit<\/h6>\n\n\n\n<p><strong>Matthias Platzeck<\/strong><br>Vorsitzender des Deutsch-Russischen Forums e. V., Berlin<\/p>\n\n\n\n<p><strong>Dr. Irina Scherbakowa<\/strong><br>Germanistin und Kulturwissenschaftlerin, Moskau<\/p>\n\n\n\n<p><strong>Gespr\u00e4chsleitung<\/strong><br>Prof. Dr. Roland Czada, Universit\u00e4t Osnabr\u00fcck<\/p>\n\n\n\n<hr class=\"wp-block-separator\"\/>\n\n\n\n<p>Ein \u00bbZwei-plus-Vier-Vertrag\u00ab, unterzeichnet im September 1990 in Moskau von Vertretern der Bundesrepublik, der DDR, Frankreichs, der Sowjetunion, Gro\u00dfbritanniens und der USA, hatte den Weg f\u00fcr die (Wieder-)Vereinigung Deutschlands freigemacht. Dies sollte auch der Beginn einer neuen, freundschaftlichen Beziehung zwischen Deutschen und Russen, respektive ihren Regierungen, werden. Eineinhalb Jahrzehnte danach haben der Konflikt um die \u00d6ffnung der Ukraine zur Europ\u00e4ischen Union, die Inbesitznahme der Krim durch Russland und die milit\u00e4rischen Auseinandersetzungen im Donbas zu einem R\u00fcckfall in einstige Frontstellungen gef\u00fchrt. Besteht angesichts dieser Konfrontation noch politische Stabilit\u00e4t im Verh\u00e4ltnis beider Staaten oder drohen weitere Eskalation und Entfremdung? Wie k\u00f6nnen unter den jetzigen Bedingungen Bem\u00fchungen um eine positive Weiterentwicklung des deutsch-russischen Verh\u00e4ltnisses aussehen? Welche Rolle k\u00f6nnen dabei Akteure der Zivilgesellschaft auf beiden Seiten \u00fcbernehmen?<\/p>\n\n\n\n<hr class=\"wp-block-separator\"\/>\n\n\n\n<p><strong>21. Oktober 2015, 19 Uhr, Aula der Universit\u00e4t, Neuer Graben 29\/Schloss<\/strong><\/p>\n\n\n\n<hr class=\"wp-block-separator\"\/>\n\n\n\n<div class=\"wp-block-columns is-layout-flex wp-container-core-columns-is-layout-9d6595d7 wp-block-columns-is-layout-flex\">\n<div class=\"wp-block-column is-layout-flow wp-block-column-is-layout-flow\">\n<h4 class=\"wp-block-heading\"><strong>Bildergalerie<\/strong><\/h4>\n\n\n\n<figure class=\"wp-block-gallery columns-0 is-cropped wp-block-gallery-1 is-layout-flex wp-block-gallery-is-layout-flex\"><ul class=\"blocks-gallery-grid\"><li class=\"blocks-gallery-item\"><figure><a href=\"https:\/\/www.ofg.uni-osnabrueck.de\/wp-content\/uploads\/2021\/06\/LEW3715-scaled.jpg\"><img loading=\"lazy\" decoding=\"async\" width=\"1024\" height=\"683\" src=\"https:\/\/www.ofg.uni-osnabrueck.de\/wp-content\/uploads\/2021\/06\/LEW3715-1024x683.jpg\" alt=\"\" data-id=\"5457\" data-full-url=\"https:\/\/www.ofg.uni-osnabrueck.de\/wp-content\/uploads\/2021\/06\/LEW3715-scaled.jpg\" data-link=\"https:\/\/www.ofg.uni-osnabrueck.de\/_lew3715\/\" class=\"wp-image-5457\" srcset=\"https:\/\/www.ofg.uni-osnabrueck.de\/wp-content\/uploads\/2021\/06\/LEW3715-1024x683.jpg 1024w, https:\/\/www.ofg.uni-osnabrueck.de\/wp-content\/uploads\/2021\/06\/LEW3715-300x200.jpg 300w, https:\/\/www.ofg.uni-osnabrueck.de\/wp-content\/uploads\/2021\/06\/LEW3715-768x513.jpg 768w, https:\/\/www.ofg.uni-osnabrueck.de\/wp-content\/uploads\/2021\/06\/LEW3715-1536x1025.jpg 1536w, https:\/\/www.ofg.uni-osnabrueck.de\/wp-content\/uploads\/2021\/06\/LEW3715-2048x1367.jpg 2048w\" sizes=\"auto, (max-width: 1024px) 100vw, 1024px\" \/><\/a><figcaption class=\"blocks-gallery-item__caption\">Matthias Platzeck, Moderator Roland Czada und Irina Scherbakowa\nauf dem Podium in der Aula der Universit\u00e4t, \u00a9 Osnabr\u00fccker Friedensgespr\u00e4che | Uwe Lewandowski <\/figcaption><\/figure><\/li><li class=\"blocks-gallery-item\"><figure><a href=\"https:\/\/www.ofg.uni-osnabrueck.de\/wp-content\/uploads\/2021\/06\/LEW3670-scaled.jpg\"><img loading=\"lazy\" decoding=\"async\" width=\"1024\" height=\"683\" src=\"https:\/\/www.ofg.uni-osnabrueck.de\/wp-content\/uploads\/2021\/06\/LEW3670-1024x683.jpg\" alt=\"\" data-id=\"5461\" data-full-url=\"https:\/\/www.ofg.uni-osnabrueck.de\/wp-content\/uploads\/2021\/06\/LEW3670-scaled.jpg\" data-link=\"https:\/\/www.ofg.uni-osnabrueck.de\/_lew3670\/\" class=\"wp-image-5461\" srcset=\"https:\/\/www.ofg.uni-osnabrueck.de\/wp-content\/uploads\/2021\/06\/LEW3670-1024x683.jpg 1024w, https:\/\/www.ofg.uni-osnabrueck.de\/wp-content\/uploads\/2021\/06\/LEW3670-300x200.jpg 300w, https:\/\/www.ofg.uni-osnabrueck.de\/wp-content\/uploads\/2021\/06\/LEW3670-768x513.jpg 768w, https:\/\/www.ofg.uni-osnabrueck.de\/wp-content\/uploads\/2021\/06\/LEW3670-1536x1025.jpg 1536w, https:\/\/www.ofg.uni-osnabrueck.de\/wp-content\/uploads\/2021\/06\/LEW3670-2048x1367.jpg 2048w\" sizes=\"auto, (max-width: 1024px) 100vw, 1024px\" \/><\/a><figcaption class=\"blocks-gallery-item__caption\">Dr. Irina Scherbakowa, \u00a9 Osnabr\u00fccker Friedensgespr\u00e4che | Uwe Lewandowski<\/figcaption><\/figure><\/li><li class=\"blocks-gallery-item\"><figure><a href=\"https:\/\/www.ofg.uni-osnabrueck.de\/wp-content\/uploads\/2021\/06\/LEW3639-scaled.jpg\"><img loading=\"lazy\" decoding=\"async\" width=\"1024\" height=\"859\" src=\"https:\/\/www.ofg.uni-osnabrueck.de\/wp-content\/uploads\/2021\/06\/LEW3639-1024x859.jpg\" alt=\"\" data-id=\"5453\" data-full-url=\"https:\/\/www.ofg.uni-osnabrueck.de\/wp-content\/uploads\/2021\/06\/LEW3639-scaled.jpg\" data-link=\"https:\/\/www.ofg.uni-osnabrueck.de\/_lew3639\/\" class=\"wp-image-5453\" srcset=\"https:\/\/www.ofg.uni-osnabrueck.de\/wp-content\/uploads\/2021\/06\/LEW3639-1024x859.jpg 1024w, https:\/\/www.ofg.uni-osnabrueck.de\/wp-content\/uploads\/2021\/06\/LEW3639-300x252.jpg 300w, https:\/\/www.ofg.uni-osnabrueck.de\/wp-content\/uploads\/2021\/06\/LEW3639-768x644.jpg 768w, https:\/\/www.ofg.uni-osnabrueck.de\/wp-content\/uploads\/2021\/06\/LEW3639-1536x1288.jpg 1536w, https:\/\/www.ofg.uni-osnabrueck.de\/wp-content\/uploads\/2021\/06\/LEW3639-2048x1717.jpg 2048w\" sizes=\"auto, (max-width: 1024px) 100vw, 1024px\" \/><\/a><figcaption class=\"blocks-gallery-item__caption\">Matthias Platzeck , \u00a9 Osnabr\u00fccker Friedensgespr\u00e4che | Uwe Lewandowski<\/figcaption><\/figure><\/li><li class=\"blocks-gallery-item\"><figure><a href=\"https:\/\/www.ofg.uni-osnabrueck.de\/wp-content\/uploads\/2021\/06\/LEW3764-scaled.jpg\"><img loading=\"lazy\" decoding=\"async\" width=\"1024\" height=\"683\" src=\"https:\/\/www.ofg.uni-osnabrueck.de\/wp-content\/uploads\/2021\/06\/LEW3764-1024x683.jpg\" alt=\"\" data-id=\"5466\" data-full-url=\"https:\/\/www.ofg.uni-osnabrueck.de\/wp-content\/uploads\/2021\/06\/LEW3764-scaled.jpg\" data-link=\"https:\/\/www.ofg.uni-osnabrueck.de\/_lew3764\/\" class=\"wp-image-5466\" srcset=\"https:\/\/www.ofg.uni-osnabrueck.de\/wp-content\/uploads\/2021\/06\/LEW3764-1024x683.jpg 1024w, https:\/\/www.ofg.uni-osnabrueck.de\/wp-content\/uploads\/2021\/06\/LEW3764-300x200.jpg 300w, https:\/\/www.ofg.uni-osnabrueck.de\/wp-content\/uploads\/2021\/06\/LEW3764-768x513.jpg 768w, https:\/\/www.ofg.uni-osnabrueck.de\/wp-content\/uploads\/2021\/06\/LEW3764-1536x1025.jpg 1536w, https:\/\/www.ofg.uni-osnabrueck.de\/wp-content\/uploads\/2021\/06\/LEW3764-2048x1367.jpg 2048w\" sizes=\"auto, (max-width: 1024px) 100vw, 1024px\" \/><\/a><figcaption class=\"blocks-gallery-item__caption\">ausgef\u00fcllte Aula, \u00a9 Osnabr\u00fccker Friedensgespr\u00e4che | Uwe Lewandowski<\/figcaption><\/figure><\/li><\/ul><\/figure>\n\n\n\n<p class=\"has-small-font-size\">\u00a9 Osnabr\u00fccker Friedensgespr\u00e4che | Uwe Lewandowski<\/p>\n<\/div>\n\n\n\n<div class=\"wp-block-column is-layout-flow wp-block-column-is-layout-flow\">\n<h4 class=\"wp-block-heading\"><strong>Videos<\/strong><\/h4>\n\n\n\n<div class=\"lyte-wrapper\" title=\"Playlist: Druschba?! - Welchen Weg nimmt das deutsch-russische Verh&auml;ltnis?\" style=\"width:853px;max-width:100%;margin:5px auto;\"><div class=\"lyMe hidef playlist\" id=\"WYL_PLILLmy3CVsZM0UfcuwdWxFPJHeW-nQPwu\"><div id=\"lyte_PLILLmy3CVsZM0UfcuwdWxFPJHeW-nQPwu\" data-src=\"https:\/\/www.ofg.uni-osnabrueck.de\/wp-content\/plugins\/wp-youtube-lyte\/lyteCache.php?origThumbUrl=https%3A%2F%2Fi.ytimg.com%2Fvi%2F7lEjott9pc0%2Fmaxresdefault.jpg\" class=\"pL\"><div class=\"tC\"><div class=\"tT\">Playlist: Druschba?! - Welchen Weg nimmt das deutsch-russische Verh\u00e4ltnis?<\/div><\/div><div class=\"play\"><\/div><div class=\"ctrl\"><div class=\"Lctrl\"><\/div><div class=\"Rctrl\"><\/div><\/div><\/div><noscript><a href=\"https:\/\/youtube.com\/playlist?list=PLILLmy3CVsZM0UfcuwdWxFPJHeW-nQPwu\" rel=\"nofollow\"><br \/>Watch this playlist on YouTube<\/a><\/noscript><\/div><\/div><div class=\"lL\" style=\"max-width:100%;width:853px;margin:5px auto;\"><span class=\"lyte_disclaimer\">Bitte beachten Sie unsere Datenschutzerkl\u00e4rung. Wenn Sie das Video abspielen, werden Daten an YouTube gesendet.<\/span><\/div>\n<\/div>\n<\/div>\n","protected":false},"excerpt":{"rendered":"<p>Ein \u00bbZwei-plus-Vier-Vertrag\u00ab, unterzeichnet im September 1990 in Moskau von Vertretern der Bundesrepublik, der DDR, Frankreichs, der Sowjetunion, Gro\u00dfbritanniens und der USA, hatte den Weg f\u00fcr die (Wieder-)Vereinigung Deutschlands freigemacht. Dies sollte auch der Beginn einer neuen, freundschaftlichen Beziehung zwischen Deutschen und Russen, respektive ihren Regierungen, werden. Eineinhalb Jahrzehnte danach haben der Konflikt um die \u00d6ffnung der Ukraine zur Europ\u00e4ischen Union, die Inbesitznahme der Krim durch Russland und die milit\u00e4rischen Auseinandersetzungen im Donbas zu einem R\u00fcckfall in einstige Frontstellungen gef\u00fchrt.<\/p>\n","protected":false},"author":2,"featured_media":5466,"comment_status":"closed","ping_status":"closed","sticky":false,"template":"","format":"standard","meta":{"footnotes":""},"categories":[18,8],"tags":[],"class_list":["post-5472","post","type-post","status-publish","format-standard","has-post-thumbnail","hentry","category-podiumsdiskussion","category-unkategorisiert","generate-columns","tablet-grid-50","mobile-grid-100","grid-parent","grid-50"],"wps_subtitle":"Welchen Weg nimmt das deutsch-russische Verh\u00e4ltnis?","_links":{"self":[{"href":"https:\/\/www.ofg.uni-osnabrueck.de\/en\/wp-json\/wp\/v2\/posts\/5472","targetHints":{"allow":["GET"]}}],"collection":[{"href":"https:\/\/www.ofg.uni-osnabrueck.de\/en\/wp-json\/wp\/v2\/posts"}],"about":[{"href":"https:\/\/www.ofg.uni-osnabrueck.de\/en\/wp-json\/wp\/v2\/types\/post"}],"author":[{"embeddable":true,"href":"https:\/\/www.ofg.uni-osnabrueck.de\/en\/wp-json\/wp\/v2\/users\/2"}],"replies":[{"embeddable":true,"href":"https:\/\/www.ofg.uni-osnabrueck.de\/en\/wp-json\/wp\/v2\/comments?post=5472"}],"version-history":[{"count":8,"href":"https:\/\/www.ofg.uni-osnabrueck.de\/en\/wp-json\/wp\/v2\/posts\/5472\/revisions"}],"predecessor-version":[{"id":12796,"href":"https:\/\/www.ofg.uni-osnabrueck.de\/en\/wp-json\/wp\/v2\/posts\/5472\/revisions\/12796"}],"wp:featuredmedia":[{"embeddable":true,"href":"https:\/\/www.ofg.uni-osnabrueck.de\/en\/wp-json\/wp\/v2\/media\/5466"}],"wp:attachment":[{"href":"https:\/\/www.ofg.uni-osnabrueck.de\/en\/wp-json\/wp\/v2\/media?parent=5472"}],"wp:term":[{"taxonomy":"category","embeddable":true,"href":"https:\/\/www.ofg.uni-osnabrueck.de\/en\/wp-json\/wp\/v2\/categories?post=5472"},{"taxonomy":"post_tag","embeddable":true,"href":"https:\/\/www.ofg.uni-osnabrueck.de\/en\/wp-json\/wp\/v2\/tags?post=5472"}],"curies":[{"name":"wp","href":"https:\/\/api.w.org\/{rel}","templated":true}]}}