{"id":5072,"date":"2016-07-12T19:00:00","date_gmt":"2016-07-12T17:00:00","guid":{"rendered":"https:\/\/www.ofg.uni-osnabrueck.de\/?p=5072"},"modified":"2024-01-12T09:58:20","modified_gmt":"2024-01-12T08:58:20","slug":"der-westfaelische-frieden-als-denkmodell-fuer-den-mittleren-osten","status":"publish","type":"post","link":"https:\/\/www.ofg.uni-osnabrueck.de\/en\/der-westfaelische-frieden-als-denkmodell-fuer-den-mittleren-osten\/","title":{"rendered":"Der Westf\u00e4lische Frieden als Denkmodell f\u00fcr den Mittleren Osten"},"content":{"rendered":"\n<h6 class=\"wp-block-heading\">Vortrag und Diskussion mit<\/h6>\n\n\n\n<p><strong>Dr. Frank-Walter Steinmeier<br><\/strong>Bundesau\u00dfenminister<\/p>\n\n\n\n<p>Im Gespr\u00e4ch mit<br>Dr. Rainer Herrmann, Frankfurter Allgemeine Zeitung<\/p>\n\n\n\n<hr class=\"wp-block-separator\"\/>\n\n\n\n<p>Der Vergleich aktueller blutiger Konflikte und der komplexen politischen Lage im Mittleren Osten mit dem Drei\u00dfigj\u00e4hrigen Krieg wird in Kommentaren und Presseberichten vielfach gezogen. Oft geschieht dies in erster Linie, um die scheinbare Ausweglosigkeit des Konflikts zu illustrieren \u2013 im schlimmsten Fall, um das Wegschauen zu entschuldigen. Fern eines solchen fatalistischen R\u00fcckgriffs auf die Geschichte verspricht die Auseinandersetzung mit dem Westf\u00e4lischen Frieden von 1648 konstruktives Potential. Denn angesichts von Fl\u00fcchtlingskrise und immer weiter eskalierender Gewalt in Syrien und der Region ist Attentismus keine Option f\u00fcr die deutsche Au\u00dfenpolitik. Der Westf\u00e4lische Friede bietet ein erstaunliches Arsenal an Methoden und Instrumenten, um Frieden zu wahren und zu stiften: Lassen sich aus diesem Friedensschluss Ideen und Konzepte herauspr\u00e4parieren, die f\u00fcr den heutigen Konflikt im Mittleren Osten als L\u00f6sungsans\u00e4tze dienen k\u00f6nnen? An geschichtstr\u00e4chtigem Ort diskutierte Bundesau\u00dfenminister Dr. Frank-Walter Steinmeier im Gespr\u00e4ch mit dem FAZ-Journalisten Rainer Hermann, ob und inwieweit die Antworten des 17. Jahrhunderts von Bedeutung f\u00fcr die Krisendiplomatie unserer Tage sein k\u00f6nnen.<\/p>\n\n\n\n<hr class=\"wp-block-separator\"\/>\n\n\n\n<p><strong>12. Juli 2016, 19 Uhr, Aula der Universit\u00e4t, Neuer Graben 29\/Schloss<\/strong><\/p>\n\n\n\n<hr class=\"wp-block-separator\"\/>\n\n\n\n<div class=\"wp-block-columns is-layout-flex wp-container-core-columns-is-layout-9d6595d7 wp-block-columns-is-layout-flex\">\n<div class=\"wp-block-column is-layout-flow wp-block-column-is-layout-flow\">\n<h4 class=\"wp-block-heading\"><strong>Bildergalerie<\/strong><\/h4>\n\n\n\n<figure class=\"wp-block-gallery columns-2 is-cropped columns-0\">\n<ul class=\"blocks-gallery-grid\">\n<li class=\"blocks-gallery-item\">\n<figure><a href=\"https:\/\/www.ofg.uni-osnabrueck.de\/wp-content\/uploads\/2021\/04\/DSC_0007.jpg\"><img loading=\"lazy\" decoding=\"async\" class=\"alignnone wp-image-5081\" src=\"https:\/\/www.ofg.uni-osnabrueck.de\/wp-content\/uploads\/2021\/04\/DSC_0007-1024x885.jpg\" alt=\"\" width=\"1024\" height=\"885\" data-id=\"5081\" data-full-url=\"https:\/\/www.ofg.uni-osnabrueck.de\/wp-content\/uploads\/2021\/04\/DSC_0007.jpg\" data-link=\"https:\/\/www.ofg.uni-osnabrueck.de\/dsc_0007\/\" srcset=\"https:\/\/www.ofg.uni-osnabrueck.de\/wp-content\/uploads\/2021\/04\/DSC_0007-1024x885.jpg 1024w, https:\/\/www.ofg.uni-osnabrueck.de\/wp-content\/uploads\/2021\/04\/DSC_0007-300x259.jpg 300w, https:\/\/www.ofg.uni-osnabrueck.de\/wp-content\/uploads\/2021\/04\/DSC_0007-768x664.jpg 768w, https:\/\/www.ofg.uni-osnabrueck.de\/wp-content\/uploads\/2021\/04\/DSC_0007.jpg 1272w\" sizes=\"auto, (max-width: 1024px) 100vw, 1024px\" \/><\/a><figcaption class=\"blocks-gallery-item__caption\">Bundesminister Steinmeier trifft ein, \u00a9 Universit\u00e4t Osnabr\u00fcck | Elena Scholz<\/figcaption><\/figure>\n<\/li>\n<li class=\"blocks-gallery-item\">\n<figure><a href=\"https:\/\/www.ofg.uni-osnabrueck.de\/wp-content\/uploads\/2021\/04\/DSC_0036.jpg\"><img loading=\"lazy\" decoding=\"async\" class=\"alignnone wp-image-5086\" src=\"https:\/\/www.ofg.uni-osnabrueck.de\/wp-content\/uploads\/2021\/04\/DSC_0036-1024x752.jpg\" alt=\"\" width=\"1024\" height=\"752\" data-id=\"5086\" data-full-url=\"https:\/\/www.ofg.uni-osnabrueck.de\/wp-content\/uploads\/2021\/04\/DSC_0036.jpg\" data-link=\"https:\/\/www.ofg.uni-osnabrueck.de\/dsc_0036\/\" srcset=\"https:\/\/www.ofg.uni-osnabrueck.de\/wp-content\/uploads\/2021\/04\/DSC_0036-1024x752.jpg 1024w, https:\/\/www.ofg.uni-osnabrueck.de\/wp-content\/uploads\/2021\/04\/DSC_0036-300x220.jpg 300w, https:\/\/www.ofg.uni-osnabrueck.de\/wp-content\/uploads\/2021\/04\/DSC_0036-768x564.jpg 768w, https:\/\/www.ofg.uni-osnabrueck.de\/wp-content\/uploads\/2021\/04\/DSC_0036-1536x1127.jpg 1536w, https:\/\/www.ofg.uni-osnabrueck.de\/wp-content\/uploads\/2021\/04\/DSC_0036-2048x1503.jpg 2048w\" sizes=\"auto, (max-width: 1024px) 100vw, 1024px\" \/><\/a><p><\/p>\n<figcaption class=\"blocks-gallery-item__caption\">Dr. Frank-Walter Steinmeier, \u00a9 Universit\u00e4t Osnabr\u00fcck | Elena Scholz<\/figcaption>\n<\/figure>\n<\/li>\n<li class=\"blocks-gallery-item\">\n<figure><a href=\"https:\/\/www.ofg.uni-osnabrueck.de\/wp-content\/uploads\/2021\/04\/DSC_0071-scaled.jpg\"><img loading=\"lazy\" decoding=\"async\" class=\"alignnone wp-image-5096\" src=\"https:\/\/www.ofg.uni-osnabrueck.de\/wp-content\/uploads\/2021\/04\/DSC_0071-1024x680.jpg\" alt=\"\" width=\"1024\" height=\"680\" data-id=\"5096\" data-full-url=\"https:\/\/www.ofg.uni-osnabrueck.de\/wp-content\/uploads\/2021\/04\/DSC_0071-scaled.jpg\" data-link=\"https:\/\/www.ofg.uni-osnabrueck.de\/dsc_0071\/\" srcset=\"https:\/\/www.ofg.uni-osnabrueck.de\/wp-content\/uploads\/2021\/04\/DSC_0071-1024x680.jpg 1024w, https:\/\/www.ofg.uni-osnabrueck.de\/wp-content\/uploads\/2021\/04\/DSC_0071-300x199.jpg 300w, https:\/\/www.ofg.uni-osnabrueck.de\/wp-content\/uploads\/2021\/04\/DSC_0071-768x510.jpg 768w, https:\/\/www.ofg.uni-osnabrueck.de\/wp-content\/uploads\/2021\/04\/DSC_0071-1536x1020.jpg 1536w, https:\/\/www.ofg.uni-osnabrueck.de\/wp-content\/uploads\/2021\/04\/DSC_0071-2048x1360.jpg 2048w\" sizes=\"auto, (max-width: 1024px) 100vw, 1024px\" \/><\/a><p><\/p>\n<figcaption class=\"blocks-gallery-item__caption\">Dr. Frank-Walter Steinmeier beim Vortrag, \u00a9 Universit\u00e4t Osnabr\u00fcck | Elena Scholz<\/figcaption>\n<\/figure>\n<\/li>\n<li class=\"blocks-gallery-item\">\n<figure><a href=\"https:\/\/www.ofg.uni-osnabrueck.de\/wp-content\/uploads\/2021\/04\/DSC_0079-scaled.jpg\"><img loading=\"lazy\" decoding=\"async\" class=\"alignnone wp-image-5111\" src=\"https:\/\/www.ofg.uni-osnabrueck.de\/wp-content\/uploads\/2021\/04\/DSC_0079-1024x743.jpg\" alt=\"\" width=\"1024\" height=\"743\" data-id=\"5111\" data-full-url=\"https:\/\/www.ofg.uni-osnabrueck.de\/wp-content\/uploads\/2021\/04\/DSC_0079-scaled.jpg\" data-link=\"https:\/\/www.ofg.uni-osnabrueck.de\/dsc_0079\/\" srcset=\"https:\/\/www.ofg.uni-osnabrueck.de\/wp-content\/uploads\/2021\/04\/DSC_0079-1024x743.jpg 1024w, https:\/\/www.ofg.uni-osnabrueck.de\/wp-content\/uploads\/2021\/04\/DSC_0079-300x218.jpg 300w, https:\/\/www.ofg.uni-osnabrueck.de\/wp-content\/uploads\/2021\/04\/DSC_0079-768x557.jpg 768w, https:\/\/www.ofg.uni-osnabrueck.de\/wp-content\/uploads\/2021\/04\/DSC_0079-1536x1114.jpg 1536w, https:\/\/www.ofg.uni-osnabrueck.de\/wp-content\/uploads\/2021\/04\/DSC_0079-2048x1486.jpg 2048w\" sizes=\"auto, (max-width: 1024px) 100vw, 1024px\" \/><\/a><p><\/p>\n<figcaption class=\"blocks-gallery-item__caption\">Podiumsgespr\u00e4ch mit Rainer Hermmann (l.) und Frank-Walter Steinmeier (r.), \u00a9 Universit\u00e4t Osnabr\u00fcck | Elena Scholz<\/figcaption>\n<\/figure>\n<\/li>\n<li class=\"blocks-gallery-item\">\n<figure><a href=\"https:\/\/www.ofg.uni-osnabrueck.de\/wp-content\/uploads\/2021\/04\/DSC_0083-scaled.jpg\"><img loading=\"lazy\" decoding=\"async\" class=\"alignnone wp-image-5107\" src=\"https:\/\/www.ofg.uni-osnabrueck.de\/wp-content\/uploads\/2021\/04\/DSC_0083-680x1024.jpg\" alt=\"\" width=\"680\" height=\"1024\" data-id=\"5107\" data-full-url=\"https:\/\/www.ofg.uni-osnabrueck.de\/wp-content\/uploads\/2021\/04\/DSC_0083-scaled.jpg\" data-link=\"https:\/\/www.ofg.uni-osnabrueck.de\/dsc_0083\/\" srcset=\"https:\/\/www.ofg.uni-osnabrueck.de\/wp-content\/uploads\/2021\/04\/DSC_0083-680x1024.jpg 680w, https:\/\/www.ofg.uni-osnabrueck.de\/wp-content\/uploads\/2021\/04\/DSC_0083-199x300.jpg 199w, https:\/\/www.ofg.uni-osnabrueck.de\/wp-content\/uploads\/2021\/04\/DSC_0083-768x1156.jpg 768w, https:\/\/www.ofg.uni-osnabrueck.de\/wp-content\/uploads\/2021\/04\/DSC_0083-1020x1536.jpg 1020w, https:\/\/www.ofg.uni-osnabrueck.de\/wp-content\/uploads\/2021\/04\/DSC_0083-1360x2048.jpg 1360w, https:\/\/www.ofg.uni-osnabrueck.de\/wp-content\/uploads\/2021\/04\/DSC_0083-scaled.jpg 1700w\" sizes=\"auto, (max-width: 680px) 100vw, 680px\" \/><\/a><p><\/p>\n<figcaption class=\"blocks-gallery-item__caption\">Dr. Rainer Hermmann, \u00a9 Universit\u00e4t Osnabr\u00fcck | Elena Scholz<\/figcaption>\n<\/figure>\n<\/li>\n<li class=\"blocks-gallery-item\">\n<figure><a href=\"https:\/\/www.ofg.uni-osnabrueck.de\/wp-content\/uploads\/2021\/04\/DSC_0058-scaled.jpg\"><img loading=\"lazy\" decoding=\"async\" class=\"alignnone wp-image-5091\" src=\"https:\/\/www.ofg.uni-osnabrueck.de\/wp-content\/uploads\/2021\/04\/DSC_0058-1024x680.jpg\" alt=\"\" width=\"1024\" height=\"680\" data-id=\"5091\" data-full-url=\"https:\/\/www.ofg.uni-osnabrueck.de\/wp-content\/uploads\/2021\/04\/DSC_0058-scaled.jpg\" data-link=\"https:\/\/www.ofg.uni-osnabrueck.de\/dsc_0058\/\" srcset=\"https:\/\/www.ofg.uni-osnabrueck.de\/wp-content\/uploads\/2021\/04\/DSC_0058-1024x680.jpg 1024w, https:\/\/www.ofg.uni-osnabrueck.de\/wp-content\/uploads\/2021\/04\/DSC_0058-300x199.jpg 300w, https:\/\/www.ofg.uni-osnabrueck.de\/wp-content\/uploads\/2021\/04\/DSC_0058-768x510.jpg 768w, https:\/\/www.ofg.uni-osnabrueck.de\/wp-content\/uploads\/2021\/04\/DSC_0058-1536x1020.jpg 1536w, https:\/\/www.ofg.uni-osnabrueck.de\/wp-content\/uploads\/2021\/04\/DSC_0058-2048x1360.jpg 2048w\" sizes=\"auto, (max-width: 1024px) 100vw, 1024px\" \/><\/a><p><\/p>\n<figcaption class=\"blocks-gallery-item__caption\">Publikum, \u00a9 Universit\u00e4t Osnabr\u00fcck | Elena Scholz<\/figcaption>\n<\/figure>\n<\/li>\n<li class=\"blocks-gallery-item\">\n<figure><a href=\"https:\/\/www.ofg.uni-osnabrueck.de\/wp-content\/uploads\/2021\/04\/DSC_0114a.jpg\"><img loading=\"lazy\" decoding=\"async\" class=\"alignnone wp-image-5102\" src=\"https:\/\/www.ofg.uni-osnabrueck.de\/wp-content\/uploads\/2021\/04\/DSC_0114a-793x1024.jpg\" alt=\"\" width=\"793\" height=\"1024\" data-id=\"5102\" data-full-url=\"https:\/\/www.ofg.uni-osnabrueck.de\/wp-content\/uploads\/2021\/04\/DSC_0114a.jpg\" data-link=\"https:\/\/www.ofg.uni-osnabrueck.de\/dsc_0114a\/\" srcset=\"https:\/\/www.ofg.uni-osnabrueck.de\/wp-content\/uploads\/2021\/04\/DSC_0114a-793x1024.jpg 793w, https:\/\/www.ofg.uni-osnabrueck.de\/wp-content\/uploads\/2021\/04\/DSC_0114a-232x300.jpg 232w, https:\/\/www.ofg.uni-osnabrueck.de\/wp-content\/uploads\/2021\/04\/DSC_0114a-768x992.jpg 768w, https:\/\/www.ofg.uni-osnabrueck.de\/wp-content\/uploads\/2021\/04\/DSC_0114a.jpg 878w\" sizes=\"auto, (max-width: 793px) 100vw, 793px\" \/><\/a><p><\/p>\n<figcaption class=\"blocks-gallery-item__caption\">Dr. Frank-Walter Steinmeier im Gespr\u00e4ch, \u00a9 Universit\u00e4t Osnabr\u00fcck | Elena Scholz<\/figcaption>\n<\/figure>\n<\/li>\n<\/ul>\n<\/figure>\n<\/div>\n\n\n\n<div class=\"wp-block-column is-layout-flow wp-block-column-is-layout-flow\">\n<h4 class=\"wp-block-heading\"><strong>Videos<\/strong><\/h4>\n\n\n\n<div class=\"lyte-wrapper\" title=\"Playlist: Der Westf&auml;lische Frieden als Denkmodell f&uuml;r den Mittleren Osten\" style=\"width:853px;max-width:100%;margin:5px auto;\"><div class=\"lyMe hidef playlist\" id=\"WYL_PLILLmy3CVsZPKw8XsC7kp1N44y3isK01V\"><div id=\"lyte_PLILLmy3CVsZPKw8XsC7kp1N44y3isK01V\" data-src=\"https:\/\/www.ofg.uni-osnabrueck.de\/wp-content\/plugins\/wp-youtube-lyte\/lyteCache.php?origThumbUrl=https%3A%2F%2Fi.ytimg.com%2Fvi%2FZjsFMyM-Paw%2Fmaxresdefault.jpg\" class=\"pL\"><div class=\"tC\"><div class=\"tT\">Playlist: Der Westf\u00e4lische Frieden als Denkmodell f\u00fcr den Mittleren Osten<\/div><\/div><div class=\"play\"><\/div><div class=\"ctrl\"><div class=\"Lctrl\"><\/div><div class=\"Rctrl\"><\/div><\/div><\/div><noscript><a href=\"https:\/\/youtube.com\/playlist?list=PLILLmy3CVsZPKw8XsC7kp1N44y3isK01V\" rel=\"nofollow\"><br \/>Watch this playlist on YouTube<\/a><\/noscript><\/div><\/div><div class=\"lL\" style=\"max-width:100%;width:853px;margin:5px auto;\"><span class=\"lyte_disclaimer\">Bitte beachten Sie unsere Datenschutzerkl\u00e4rung. Wenn Sie das Video abspielen, werden Daten an YouTube gesendet.<\/span><\/div>\n\n\n\n<p><\/p>\n<\/div>\n<\/div>\n\n\n\n<p>\u00a9 Universit\u00e4t Osnabr\u00fcck | Elena Scholz<\/p>\n","protected":false},"excerpt":{"rendered":"<p>Der Vergleich aktueller blutiger Konflikte und der komplexen politischen Lage im Mittleren Osten mit dem Drei\u00dfigj\u00e4hrigen Krieg wird in Kommentaren und Presseberichten vielfach gezogen. Oft geschieht dies in erster Linie, um die scheinbare Ausweglosigkeit des Konflikts zu illustrieren \u2013 im schlimmsten Fall, um das Wegschauen zu entschuldigen. Fern eines solchen fatalistischen R\u00fcckgriffs auf die Geschichte verspricht die Auseinandersetzung mit dem Westf\u00e4lischen Frieden von 1648 konstruktives Potential. <\/p>\n","protected":false},"author":2,"featured_media":5111,"comment_status":"closed","ping_status":"closed","sticky":false,"template":"","format":"standard","meta":{"footnotes":""},"categories":[18,8],"tags":[],"class_list":["post-5072","post","type-post","status-publish","format-standard","has-post-thumbnail","hentry","category-podiumsdiskussion","category-unkategorisiert","generate-columns","tablet-grid-50","mobile-grid-100","grid-parent","grid-50"],"wps_subtitle":"","_links":{"self":[{"href":"https:\/\/www.ofg.uni-osnabrueck.de\/en\/wp-json\/wp\/v2\/posts\/5072","targetHints":{"allow":["GET"]}}],"collection":[{"href":"https:\/\/www.ofg.uni-osnabrueck.de\/en\/wp-json\/wp\/v2\/posts"}],"about":[{"href":"https:\/\/www.ofg.uni-osnabrueck.de\/en\/wp-json\/wp\/v2\/types\/post"}],"author":[{"embeddable":true,"href":"https:\/\/www.ofg.uni-osnabrueck.de\/en\/wp-json\/wp\/v2\/users\/2"}],"replies":[{"embeddable":true,"href":"https:\/\/www.ofg.uni-osnabrueck.de\/en\/wp-json\/wp\/v2\/comments?post=5072"}],"version-history":[{"count":7,"href":"https:\/\/www.ofg.uni-osnabrueck.de\/en\/wp-json\/wp\/v2\/posts\/5072\/revisions"}],"predecessor-version":[{"id":12782,"href":"https:\/\/www.ofg.uni-osnabrueck.de\/en\/wp-json\/wp\/v2\/posts\/5072\/revisions\/12782"}],"wp:featuredmedia":[{"embeddable":true,"href":"https:\/\/www.ofg.uni-osnabrueck.de\/en\/wp-json\/wp\/v2\/media\/5111"}],"wp:attachment":[{"href":"https:\/\/www.ofg.uni-osnabrueck.de\/en\/wp-json\/wp\/v2\/media?parent=5072"}],"wp:term":[{"taxonomy":"category","embeddable":true,"href":"https:\/\/www.ofg.uni-osnabrueck.de\/en\/wp-json\/wp\/v2\/categories?post=5072"},{"taxonomy":"post_tag","embeddable":true,"href":"https:\/\/www.ofg.uni-osnabrueck.de\/en\/wp-json\/wp\/v2\/tags?post=5072"}],"curies":[{"name":"wp","href":"https:\/\/api.w.org\/{rel}","templated":true}]}}