{"id":4781,"date":"2017-05-02T19:00:00","date_gmt":"2017-05-02T17:00:00","guid":{"rendered":"https:\/\/www.ofg.uni-osnabrueck.de\/?p=4781"},"modified":"2024-01-12T09:55:32","modified_gmt":"2024-01-12T08:55:32","slug":"generationengerechtigkeit-altersarmut-und-demographischer-wandel","status":"publish","type":"post","link":"https:\/\/www.ofg.uni-osnabrueck.de\/en\/generationengerechtigkeit-altersarmut-und-demographischer-wandel\/","title":{"rendered":"Generationengerechtigkeit, Altersarmut und demographischer Wandel"},"content":{"rendered":"\n<h6 class=\"wp-block-heading\">Statements und Diskussion mit<br><\/h6>\n\n\n\n<p><strong>Annelie Buntenbach<\/strong><br>Mitglied des DGB-Bundesvorstands<\/p>\n\n\n\n<p><strong>Prof. Dr. Reinhold Schnabel<\/strong><br>Finanzwissenschaftler, Universit\u00e4t Duisburg-Essen<\/p>\n\n\n\n<p><strong>Paul Ziemiak<\/strong><br>Vorsitzender der Jungen Union Deutschlands<\/p>\n\n\n\n<p><\/p>\n\n\n\n<p><strong>Gespr\u00e4chsleitung<\/strong><br>Prof. Dr. Gy\u00f6rgy Sz\u00e9ll, Universit\u00e4t Osnabr\u00fcck<\/p>\n\n\n\n<hr class=\"wp-block-separator\"\/>\n\n\n\n<p><em>Danse macabre?<\/em> \u2013 Mathematik und Statistik der Rentenversicherung rechnen mit Leben und Tod. Die arbeitenden Jungen m\u00fcssen f\u00fcr die ersch\u00f6pften Alten bis zu deren Ende zahlen, so sieht es das Umlagesystem vor. Der gerechte Ausgleich zwischen den Generationen besteht darin, dass jeder mal in der einen Rolle ist, dann in der anderen. \u00bbAltersarmut\u00ab ist nur in gesetzlich zul\u00e4ssiger H\u00f6he vorgesehen, \u00bbdemografischer Wandel\u00ab macht die Neujustierung der Stellschrauben des Systems erforderlich. \u2013 Soweit, so funktional.<\/p>\n\n\n\n<p>Doch was k\u00f6nnen die Beitragszahler (sich) leisten und wieviel ben\u00f6tigen die Ruhest\u00e4ndler? Wieviel berufst\u00e4tige Zahler stehen der Menge der Rentenberechtigten gegen\u00fcber? Was ist von der Politik zu erwarten? Sozialer Friede braucht ein vers\u00f6hntes Verh\u00e4ltnis aller Lebensalter. Kommt die seit 1891 bestehende gesetzliche Rentenversicherung an ihre Grenzen, und wie geht es danach weiter?<\/p>\n\n\n\n<hr class=\"wp-block-separator\"\/>\n\n\n\n<p><strong>2. Mai 2017, 19 Uhr, Aula der Universit\u00e4t, Neuer Graben 29\/Schloss<\/strong><\/p>\n\n\n\n<hr class=\"wp-block-separator\"\/>\n\n\n\n<div class=\"wp-block-columns is-layout-flex wp-container-core-columns-is-layout-9d6595d7 wp-block-columns-is-layout-flex\">\n<div class=\"wp-block-column is-layout-flow wp-block-column-is-layout-flow\">\n<h4 class=\"wp-block-heading\"><strong>Bildergalerie<\/strong><\/h4>\n\n\n\n<figure class=\"wp-block-gallery columns-0 is-cropped wp-block-gallery-1 is-layout-flex wp-block-gallery-is-layout-flex\"><ul class=\"blocks-gallery-grid\"><li class=\"blocks-gallery-item\"><figure><a href=\"https:\/\/www.ofg.uni-osnabrueck.de\/wp-content\/uploads\/2021\/03\/LEW3987-scaled.jpg\"><img loading=\"lazy\" decoding=\"async\" width=\"1024\" height=\"645\" src=\"https:\/\/www.ofg.uni-osnabrueck.de\/wp-content\/uploads\/2021\/03\/LEW3987-1024x645.jpg\" alt=\"\" data-id=\"4799\" data-full-url=\"https:\/\/www.ofg.uni-osnabrueck.de\/wp-content\/uploads\/2021\/03\/LEW3987-scaled.jpg\" data-link=\"https:\/\/www.ofg.uni-osnabrueck.de\/_lew3987\/\" class=\"wp-image-4799\" srcset=\"https:\/\/www.ofg.uni-osnabrueck.de\/wp-content\/uploads\/2021\/03\/LEW3987-1024x645.jpg 1024w, https:\/\/www.ofg.uni-osnabrueck.de\/wp-content\/uploads\/2021\/03\/LEW3987-300x189.jpg 300w, https:\/\/www.ofg.uni-osnabrueck.de\/wp-content\/uploads\/2021\/03\/LEW3987-768x484.jpg 768w, https:\/\/www.ofg.uni-osnabrueck.de\/wp-content\/uploads\/2021\/03\/LEW3987-1536x968.jpg 1536w, https:\/\/www.ofg.uni-osnabrueck.de\/wp-content\/uploads\/2021\/03\/LEW3987-2048x1290.jpg 2048w\" sizes=\"auto, (max-width: 1024px) 100vw, 1024px\" \/><\/a><figcaption class=\"blocks-gallery-item__caption\">Gy\u00f6rgy Sz\u00e9ll f\u00fchrt in das Thema ein\n\u00a9 Osnabr\u00fccker Friedensgespr\u00e4che | Uwe Lewandowski<\/figcaption><\/figure><\/li><li class=\"blocks-gallery-item\"><figure><a href=\"https:\/\/www.ofg.uni-osnabrueck.de\/wp-content\/uploads\/2021\/03\/LEW3962-scaled.jpg\"><img loading=\"lazy\" decoding=\"async\" width=\"1024\" height=\"683\" src=\"https:\/\/www.ofg.uni-osnabrueck.de\/wp-content\/uploads\/2021\/03\/LEW3962-1024x683.jpg\" alt=\"\" data-id=\"4833\" data-full-url=\"https:\/\/www.ofg.uni-osnabrueck.de\/wp-content\/uploads\/2021\/03\/LEW3962-scaled.jpg\" data-link=\"https:\/\/www.ofg.uni-osnabrueck.de\/_lew3962\/\" class=\"wp-image-4833\" srcset=\"https:\/\/www.ofg.uni-osnabrueck.de\/wp-content\/uploads\/2021\/03\/LEW3962-1024x683.jpg 1024w, https:\/\/www.ofg.uni-osnabrueck.de\/wp-content\/uploads\/2021\/03\/LEW3962-300x200.jpg 300w, https:\/\/www.ofg.uni-osnabrueck.de\/wp-content\/uploads\/2021\/03\/LEW3962-768x512.jpg 768w, https:\/\/www.ofg.uni-osnabrueck.de\/wp-content\/uploads\/2021\/03\/LEW3962-1536x1025.jpg 1536w, https:\/\/www.ofg.uni-osnabrueck.de\/wp-content\/uploads\/2021\/03\/LEW3962-2048x1367.jpg 2048w\" sizes=\"auto, (max-width: 1024px) 100vw, 1024px\" \/><\/a><figcaption class=\"blocks-gallery-item__caption\">Prof. Dr. Reinhold Schnabel, \u00a9 Osnabr\u00fccker Friedensgespr\u00e4che | Uwe Lewandowski<\/figcaption><\/figure><\/li><li class=\"blocks-gallery-item\"><figure><a href=\"https:\/\/www.ofg.uni-osnabrueck.de\/wp-content\/uploads\/2021\/03\/LEW3919-scaled.jpg\"><img loading=\"lazy\" decoding=\"async\" width=\"1024\" height=\"683\" src=\"https:\/\/www.ofg.uni-osnabrueck.de\/wp-content\/uploads\/2021\/03\/LEW3919-1024x683.jpg\" alt=\"\" data-id=\"4829\" data-full-url=\"https:\/\/www.ofg.uni-osnabrueck.de\/wp-content\/uploads\/2021\/03\/LEW3919-scaled.jpg\" data-link=\"https:\/\/www.ofg.uni-osnabrueck.de\/_lew3919\/\" class=\"wp-image-4829\" srcset=\"https:\/\/www.ofg.uni-osnabrueck.de\/wp-content\/uploads\/2021\/03\/LEW3919-1024x683.jpg 1024w, https:\/\/www.ofg.uni-osnabrueck.de\/wp-content\/uploads\/2021\/03\/LEW3919-300x200.jpg 300w, https:\/\/www.ofg.uni-osnabrueck.de\/wp-content\/uploads\/2021\/03\/LEW3919-768x512.jpg 768w, https:\/\/www.ofg.uni-osnabrueck.de\/wp-content\/uploads\/2021\/03\/LEW3919-1536x1025.jpg 1536w, https:\/\/www.ofg.uni-osnabrueck.de\/wp-content\/uploads\/2021\/03\/LEW3919-2048x1367.jpg 2048w\" sizes=\"auto, (max-width: 1024px) 100vw, 1024px\" \/><\/a><figcaption class=\"blocks-gallery-item__caption\">Annelie Buntenbach, \u00a9 Osnabr\u00fccker Friedensgespr\u00e4che | Uwe Lewandowski<\/figcaption><\/figure><\/li><li class=\"blocks-gallery-item\"><figure><a href=\"https:\/\/www.ofg.uni-osnabrueck.de\/wp-content\/uploads\/2021\/03\/LEW3913-scaled.jpg\"><img loading=\"lazy\" decoding=\"async\" width=\"1024\" height=\"683\" src=\"https:\/\/www.ofg.uni-osnabrueck.de\/wp-content\/uploads\/2021\/03\/LEW3913-1024x683.jpg\" alt=\"\" data-id=\"4824\" data-full-url=\"https:\/\/www.ofg.uni-osnabrueck.de\/wp-content\/uploads\/2021\/03\/LEW3913-scaled.jpg\" data-link=\"https:\/\/www.ofg.uni-osnabrueck.de\/_lew3913\/\" class=\"wp-image-4824\" srcset=\"https:\/\/www.ofg.uni-osnabrueck.de\/wp-content\/uploads\/2021\/03\/LEW3913-1024x683.jpg 1024w, https:\/\/www.ofg.uni-osnabrueck.de\/wp-content\/uploads\/2021\/03\/LEW3913-300x200.jpg 300w, https:\/\/www.ofg.uni-osnabrueck.de\/wp-content\/uploads\/2021\/03\/LEW3913-768x512.jpg 768w, https:\/\/www.ofg.uni-osnabrueck.de\/wp-content\/uploads\/2021\/03\/LEW3913-1536x1025.jpg 1536w, https:\/\/www.ofg.uni-osnabrueck.de\/wp-content\/uploads\/2021\/03\/LEW3913-2048x1367.jpg 2048w\" sizes=\"auto, (max-width: 1024px) 100vw, 1024px\" \/><\/a><figcaption class=\"blocks-gallery-item__caption\">Paul Ziemiak, \u00a9 Osnabr\u00fccker Friedensgespr\u00e4che | Uwe Lewandowski<\/figcaption><\/figure><\/li><li class=\"blocks-gallery-item\"><figure><a href=\"https:\/\/www.ofg.uni-osnabrueck.de\/wp-content\/uploads\/2021\/03\/LEW4007-scaled.jpg\"><img loading=\"lazy\" decoding=\"async\" width=\"1024\" height=\"645\" src=\"https:\/\/www.ofg.uni-osnabrueck.de\/wp-content\/uploads\/2021\/03\/LEW4007-1024x645.jpg\" alt=\"\" data-id=\"4803\" data-full-url=\"https:\/\/www.ofg.uni-osnabrueck.de\/wp-content\/uploads\/2021\/03\/LEW4007-scaled.jpg\" data-link=\"https:\/\/www.ofg.uni-osnabrueck.de\/_lew4007\/\" class=\"wp-image-4803\" srcset=\"https:\/\/www.ofg.uni-osnabrueck.de\/wp-content\/uploads\/2021\/03\/LEW4007-1024x645.jpg 1024w, https:\/\/www.ofg.uni-osnabrueck.de\/wp-content\/uploads\/2021\/03\/LEW4007-300x189.jpg 300w, https:\/\/www.ofg.uni-osnabrueck.de\/wp-content\/uploads\/2021\/03\/LEW4007-768x484.jpg 768w, https:\/\/www.ofg.uni-osnabrueck.de\/wp-content\/uploads\/2021\/03\/LEW4007-1536x968.jpg 1536w, https:\/\/www.ofg.uni-osnabrueck.de\/wp-content\/uploads\/2021\/03\/LEW4007-2048x1290.jpg 2048w\" sizes=\"auto, (max-width: 1024px) 100vw, 1024px\" \/><\/a><figcaption class=\"blocks-gallery-item__caption\">\u00a9 Osnabr\u00fccker Friedensgespr\u00e4che | Uwe Lewandowski<\/figcaption><\/figure><\/li><li class=\"blocks-gallery-item\"><figure><a href=\"https:\/\/www.ofg.uni-osnabrueck.de\/wp-content\/uploads\/2021\/03\/LEW3977-scaled.jpg\"><img loading=\"lazy\" decoding=\"async\" width=\"1024\" height=\"683\" src=\"https:\/\/www.ofg.uni-osnabrueck.de\/wp-content\/uploads\/2021\/03\/LEW3977-1024x683.jpg\" alt=\"\" data-id=\"4788\" data-full-url=\"https:\/\/www.ofg.uni-osnabrueck.de\/wp-content\/uploads\/2021\/03\/LEW3977-scaled.jpg\" data-link=\"https:\/\/www.ofg.uni-osnabrueck.de\/_lew3977\/\" class=\"wp-image-4788\" srcset=\"https:\/\/www.ofg.uni-osnabrueck.de\/wp-content\/uploads\/2021\/03\/LEW3977-1024x683.jpg 1024w, https:\/\/www.ofg.uni-osnabrueck.de\/wp-content\/uploads\/2021\/03\/LEW3977-300x200.jpg 300w, https:\/\/www.ofg.uni-osnabrueck.de\/wp-content\/uploads\/2021\/03\/LEW3977-768x513.jpg 768w, https:\/\/www.ofg.uni-osnabrueck.de\/wp-content\/uploads\/2021\/03\/LEW3977-1536x1025.jpg 1536w, https:\/\/www.ofg.uni-osnabrueck.de\/wp-content\/uploads\/2021\/03\/LEW3977-2048x1367.jpg 2048w\" sizes=\"auto, (max-width: 1024px) 100vw, 1024px\" \/><\/a><figcaption class=\"blocks-gallery-item__caption\">\u00a9 Osnabr\u00fccker Friedensgespr\u00e4che | Uwe Lewandowski<\/figcaption><\/figure><\/li><li class=\"blocks-gallery-item\"><figure><a href=\"https:\/\/www.ofg.uni-osnabrueck.de\/wp-content\/uploads\/2021\/03\/LEW3894-scaled.jpg\"><img loading=\"lazy\" decoding=\"async\" width=\"1024\" height=\"455\" src=\"https:\/\/www.ofg.uni-osnabrueck.de\/wp-content\/uploads\/2021\/03\/LEW3894-1024x455.jpg\" alt=\"\" data-id=\"4809\" data-full-url=\"https:\/\/www.ofg.uni-osnabrueck.de\/wp-content\/uploads\/2021\/03\/LEW3894-scaled.jpg\" data-link=\"https:\/\/www.ofg.uni-osnabrueck.de\/_lew3894\/\" class=\"wp-image-4809\" srcset=\"https:\/\/www.ofg.uni-osnabrueck.de\/wp-content\/uploads\/2021\/03\/LEW3894-1024x455.jpg 1024w, https:\/\/www.ofg.uni-osnabrueck.de\/wp-content\/uploads\/2021\/03\/LEW3894-300x133.jpg 300w, https:\/\/www.ofg.uni-osnabrueck.de\/wp-content\/uploads\/2021\/03\/LEW3894-768x342.jpg 768w, https:\/\/www.ofg.uni-osnabrueck.de\/wp-content\/uploads\/2021\/03\/LEW3894-1536x683.jpg 1536w, https:\/\/www.ofg.uni-osnabrueck.de\/wp-content\/uploads\/2021\/03\/LEW3894-2048x911.jpg 2048w\" sizes=\"auto, (max-width: 1024px) 100vw, 1024px\" \/><\/a><figcaption class=\"blocks-gallery-item__caption\">\u00a9 Osnabr\u00fccker Friedensgespr\u00e4che | Uwe Lewandowski<\/figcaption><\/figure><\/li><\/ul><\/figure>\n\n\n\n<p class=\"has-small-font-size\">\u00a9 Osnabr\u00fccker Friedensgespr\u00e4che | Uwe Lewandowski<\/p>\n<\/div>\n\n\n\n<div class=\"wp-block-column is-layout-flow wp-block-column-is-layout-flow\">\n<h4 class=\"wp-block-heading\"><strong>Videos<\/strong><\/h4>\n\n\n\n<div class=\"lyte-wrapper\" title=\"Playlist: Generationengerechtigkeit, Altersarmut und demographischer Wandel\" style=\"width:853px;max-width:100%;margin:5px auto;\"><div class=\"lyMe hidef playlist\" id=\"WYL_PLILLmy3CVsZND1H3kjqEo89WCRTrWpRGi\"><div id=\"lyte_PLILLmy3CVsZND1H3kjqEo89WCRTrWpRGi\" data-src=\"https:\/\/www.ofg.uni-osnabrueck.de\/wp-content\/plugins\/wp-youtube-lyte\/lyteCache.php?origThumbUrl=https%3A%2F%2Fi.ytimg.com%2Fvi%2FNn3smLKB_Dg%2Fmaxresdefault.jpg\" class=\"pL\"><div class=\"tC\"><div class=\"tT\">Playlist: Generationengerechtigkeit, Altersarmut und demographischer Wandel<\/div><\/div><div class=\"play\"><\/div><div class=\"ctrl\"><div class=\"Lctrl\"><\/div><div class=\"Rctrl\"><\/div><\/div><\/div><noscript><a href=\"https:\/\/youtube.com\/playlist?list=PLILLmy3CVsZND1H3kjqEo89WCRTrWpRGi\" rel=\"nofollow\"><br \/>Watch this playlist on YouTube<\/a><\/noscript><\/div><\/div><div class=\"lL\" style=\"max-width:100%;width:853px;margin:5px auto;\"><span class=\"lyte_disclaimer\">Bitte beachten Sie unsere Datenschutzerkl\u00e4rung. Wenn Sie das Video abspielen, werden Daten an YouTube gesendet.<\/span><\/div>\n<\/div>\n<\/div>\n","protected":false},"excerpt":{"rendered":"<p>Danse macabre? \u2013 Mathematik und Statistik der Rentenversicherung rechnen mit Leben und Tod. Die arbeitenden Jungen m\u00fcssen f\u00fcr die ersch\u00f6pften Alten bis zu deren Ende zahlen, so sieht es das Umlagesystem vor. Der gerechte Ausgleich zwischen den Generationen besteht darin, dass jeder mal in der einen Rolle ist, dann in der anderen. \u00bbAltersarmut\u00ab ist nur in gesetzlich zul\u00e4ssiger H\u00f6he vorgesehen, \u00bbdemografischer Wandel\u00ab macht die Neujustierung der Stellschrauben des Systems erforderlich. \u2013 Soweit, so funktional.<\/p>\n","protected":false},"author":2,"featured_media":4809,"comment_status":"closed","ping_status":"closed","sticky":false,"template":"","format":"standard","meta":{"footnotes":""},"categories":[18,8],"tags":[],"class_list":["post-4781","post","type-post","status-publish","format-standard","has-post-thumbnail","hentry","category-podiumsdiskussion","category-unkategorisiert","generate-columns","tablet-grid-50","mobile-grid-100","grid-parent","grid-50"],"wps_subtitle":"","_links":{"self":[{"href":"https:\/\/www.ofg.uni-osnabrueck.de\/en\/wp-json\/wp\/v2\/posts\/4781","targetHints":{"allow":["GET"]}}],"collection":[{"href":"https:\/\/www.ofg.uni-osnabrueck.de\/en\/wp-json\/wp\/v2\/posts"}],"about":[{"href":"https:\/\/www.ofg.uni-osnabrueck.de\/en\/wp-json\/wp\/v2\/types\/post"}],"author":[{"embeddable":true,"href":"https:\/\/www.ofg.uni-osnabrueck.de\/en\/wp-json\/wp\/v2\/users\/2"}],"replies":[{"embeddable":true,"href":"https:\/\/www.ofg.uni-osnabrueck.de\/en\/wp-json\/wp\/v2\/comments?post=4781"}],"version-history":[{"count":4,"href":"https:\/\/www.ofg.uni-osnabrueck.de\/en\/wp-json\/wp\/v2\/posts\/4781\/revisions"}],"predecessor-version":[{"id":12766,"href":"https:\/\/www.ofg.uni-osnabrueck.de\/en\/wp-json\/wp\/v2\/posts\/4781\/revisions\/12766"}],"wp:featuredmedia":[{"embeddable":true,"href":"https:\/\/www.ofg.uni-osnabrueck.de\/en\/wp-json\/wp\/v2\/media\/4809"}],"wp:attachment":[{"href":"https:\/\/www.ofg.uni-osnabrueck.de\/en\/wp-json\/wp\/v2\/media?parent=4781"}],"wp:term":[{"taxonomy":"category","embeddable":true,"href":"https:\/\/www.ofg.uni-osnabrueck.de\/en\/wp-json\/wp\/v2\/categories?post=4781"},{"taxonomy":"post_tag","embeddable":true,"href":"https:\/\/www.ofg.uni-osnabrueck.de\/en\/wp-json\/wp\/v2\/tags?post=4781"}],"curies":[{"name":"wp","href":"https:\/\/api.w.org\/{rel}","templated":true}]}}