{"id":4078,"date":"2019-04-25T19:00:00","date_gmt":"2019-04-25T17:00:00","guid":{"rendered":"https:\/\/www.ofg.uni-osnabrueck.de\/?p=4078"},"modified":"2022-02-03T14:53:47","modified_gmt":"2022-02-03T13:53:47","slug":"das-endspiel","status":"publish","type":"post","link":"https:\/\/www.ofg.uni-osnabrueck.de\/en\/das-endspiel\/","title":{"rendered":"Das Endspiel (The endgame)"},"content":{"rendered":"\n<h3 class=\"wp-block-heading\">Talks and debate, featuring<br><\/h3>\n\n\n\n<div class=\"wp-block-columns is-layout-flex wp-container-core-columns-is-layout-9d6595d7 wp-block-columns-is-layout-flex\">\n<div class=\"wp-block-column is-layout-flow wp-block-column-is-layout-flow\" style=\"flex-basis:100%\">\n<div class=\"wp-block-columns is-layout-flex wp-container-core-columns-is-layout-9d6595d7 wp-block-columns-is-layout-flex\">\n<div class=\"wp-block-column is-layout-flow wp-block-column-is-layout-flow\" style=\"flex-basis:15%\">\n<div class=\"wp-block-image\"><figure class=\"alignleft size-thumbnail is-resized\"><a href=\"https:\/\/www.ofg.uni-osnabrueck.de\/wp-content\/uploads\/2020\/02\/Hans-Peter_-Martin_Foto_Heike_Kummer-scaled.jpg\" target=\"_blank\" rel=\"noreferrer noopener\"><img loading=\"lazy\" decoding=\"async\" src=\"https:\/\/www.ofg.uni-osnabrueck.de\/wp-content\/uploads\/2020\/02\/Hans-Peter_-Martin_Foto_Heike_Kummer-150x150.jpg\" alt=\"\" class=\"wp-image-1168\" width=\"113\" height=\"113\"\/><\/a><figcaption>\u00a9 Heike Kummer<\/figcaption><\/figure><\/div>\n<\/div>\n\n\n\n<div class=\"wp-block-column is-layout-flow wp-block-column-is-layout-flow\" style=\"flex-basis:85%\">\n<h3 class=\"wp-block-heading\"><strong>Dr. Hans-Peter Martin <\/strong><\/h3>\n\n\n\n<p>Austrian journalist and nonfiction writer<\/p>\n<\/div>\n<\/div>\n<\/div>\n\n\n\n<div class=\"wp-block-column is-layout-flow wp-block-column-is-layout-flow\" style=\"flex-basis:0%\"><\/div>\n<\/div>\n\n\n\n<p><strong>Moderators<\/strong><br>Professor Dr. Christoph K\u00f6nig and Professor Dr. Roland Czada, Osnabr\u00fcck University<\/p>\n\n\n\n<hr class=\"wp-block-separator\"\/>\n\n\n\n<p>Dr. Hans-Peter Martin was born in Bregenz on Lake Constance in 1957. After attending school for a year in California, he studied Law and Political Science at the University of Vienna, where he earned the title Dr. jur. in 1984. While still a student, he worked for the German newsmagazine \u201cDer Spiegel,\u201d and was appointed as their South American correspondent in 1989, moving on to Prague and Vienna in 1996. Martin was an independent Member of the European Parliament between 1999 and 2014. His nonfiction books, including \u201cBitter Pills\u201d (<em>Bittere Pillen<\/em>) and \u201cThe Global Trap\u201d (<em>Die Globalisierungsfalle<\/em>) (together with Harald Schumann), have sold over seven million copies worldwide.<\/p>\n\n\n\n<p>Martin\u2019s latest book \u201cGame Over: Affluence for a Few, Democracy for No One, Nationalism for Everyone \u2013 and Then What?\u201d (<em>Game Over: Wohlstand f\u00fcr wenige, Demokratie f\u00fcr niemand, Nationalismus f\u00fcr alle \u2013 und dann?<\/em>) was published in 2018. It weaves together a wide variety of developments \u2013 from growing inequality and the social divide to trade conflicts, from digitalization and neo-nationalism to the showdown in the EU. Martin especially warns against the Chinese model of \u201ccapitalist surveillance communism\u201d and challenges the political center to show the \u201ccourage to be radical.\u201d \u201cA stimulatingly contentious book,\u201d wrote \u201cDie Zeit,\u201d which called for \u201chopefully heated debates on the topic.\u201d The European issues raised by the book were the subject of the Peace Forum: Professor Dr. Roland Czada and Professor Dr. Christoph K\u00f6nig spoke to the writer.<\/p>\n\n\n\n<hr class=\"wp-block-separator\"\/>\n\n\n\n<p>April 25, 2019, 7 pm, University Auditorium, Neuer Graben 29 \/ Schloss<\/p>\n\n\n\n<hr class=\"wp-block-separator\"\/>\n\n\n\n<div class=\"wp-block-columns is-layout-flex wp-container-core-columns-is-layout-9d6595d7 wp-block-columns-is-layout-flex\">\n<div class=\"wp-block-column is-layout-flow wp-block-column-is-layout-flow\">\n<h4 class=\"wp-block-heading\"><strong><strong>Picture gallery<\/strong><\/strong><\/h4>\n\n\n\n<figure class=\"wp-block-gallery columns-0 is-cropped wp-block-gallery-1 is-layout-flex wp-block-gallery-is-layout-flex\"><ul class=\"blocks-gallery-grid\"><li class=\"blocks-gallery-item\"><figure><img loading=\"lazy\" decoding=\"async\" width=\"1024\" height=\"802\" src=\"https:\/\/www.ofg.uni-osnabrueck.de\/wp-content\/uploads\/2020\/02\/DSC3926-1024x802.jpg\" alt=\"\" data-id=\"1139\" data-full-url=\"https:\/\/www.ofg.uni-osnabrueck.de\/wp-content\/uploads\/2020\/02\/DSC3926-scaled.jpg\" data-link=\"https:\/\/www.ofg.uni-osnabrueck.de\/_dsc3926\/\" class=\"wp-image-1139\" srcset=\"https:\/\/www.ofg.uni-osnabrueck.de\/wp-content\/uploads\/2020\/02\/DSC3926-1024x802.jpg 1024w, https:\/\/www.ofg.uni-osnabrueck.de\/wp-content\/uploads\/2020\/02\/DSC3926-300x235.jpg 300w, https:\/\/www.ofg.uni-osnabrueck.de\/wp-content\/uploads\/2020\/02\/DSC3926-768x601.jpg 768w, https:\/\/www.ofg.uni-osnabrueck.de\/wp-content\/uploads\/2020\/02\/DSC3926-1536x1203.jpg 1536w, https:\/\/www.ofg.uni-osnabrueck.de\/wp-content\/uploads\/2020\/02\/DSC3926-2048x1604.jpg 2048w\" sizes=\"auto, (max-width: 1024px) 100vw, 1024px\" \/><figcaption class=\"blocks-gallery-item__caption\">Dr. Hans-Peter Martin, \u00a9 Osnabr\u00fccker Friedensgespr\u00e4che | Uwe Lewandowski<\/figcaption><\/figure><\/li><li class=\"blocks-gallery-item\"><figure><img loading=\"lazy\" decoding=\"async\" width=\"1024\" height=\"683\" src=\"https:\/\/www.ofg.uni-osnabrueck.de\/wp-content\/uploads\/2020\/02\/DSC3891-1024x683.jpg\" alt=\"\" data-id=\"1121\" data-full-url=\"https:\/\/www.ofg.uni-osnabrueck.de\/wp-content\/uploads\/2020\/02\/DSC3891-scaled.jpg\" data-link=\"https:\/\/www.ofg.uni-osnabrueck.de\/_dsc3891\/\" class=\"wp-image-1121\" srcset=\"https:\/\/www.ofg.uni-osnabrueck.de\/wp-content\/uploads\/2020\/02\/DSC3891-1024x683.jpg 1024w, https:\/\/www.ofg.uni-osnabrueck.de\/wp-content\/uploads\/2020\/02\/DSC3891-300x200.jpg 300w, https:\/\/www.ofg.uni-osnabrueck.de\/wp-content\/uploads\/2020\/02\/DSC3891-768x513.jpg 768w, https:\/\/www.ofg.uni-osnabrueck.de\/wp-content\/uploads\/2020\/02\/DSC3891-1536x1025.jpg 1536w, https:\/\/www.ofg.uni-osnabrueck.de\/wp-content\/uploads\/2020\/02\/DSC3891-2048x1367.jpg 2048w\" sizes=\"auto, (max-width: 1024px) 100vw, 1024px\" \/><figcaption class=\"blocks-gallery-item__caption\">v. l.: Prof. Dr. Christoph K\u00f6nig, Heike Kummer, Prof. Dr. Martina Blasberg-Kuhnke, Dr. Hans-Peter Martin, Prof. Dr. Wolfang L\u00fccke, Burkhard Jasper, Prof. Dr. Roland Czada, \u00a9 Osnabr\u00fccker Friedensgespr\u00e4che | Uwe Lewandowski<\/figcaption><\/figure><\/li><li class=\"blocks-gallery-item\"><figure><img loading=\"lazy\" decoding=\"async\" width=\"1024\" height=\"683\" src=\"https:\/\/www.ofg.uni-osnabrueck.de\/wp-content\/uploads\/2020\/02\/DSC3977-1024x683.jpg\" alt=\"\" data-id=\"1174\" data-full-url=\"https:\/\/www.ofg.uni-osnabrueck.de\/wp-content\/uploads\/2020\/02\/DSC3977-scaled.jpg\" data-link=\"https:\/\/www.ofg.uni-osnabrueck.de\/_dsc3977\/\" class=\"wp-image-1174\" srcset=\"https:\/\/www.ofg.uni-osnabrueck.de\/wp-content\/uploads\/2020\/02\/DSC3977-1024x683.jpg 1024w, https:\/\/www.ofg.uni-osnabrueck.de\/wp-content\/uploads\/2020\/02\/DSC3977-300x200.jpg 300w, https:\/\/www.ofg.uni-osnabrueck.de\/wp-content\/uploads\/2020\/02\/DSC3977-768x513.jpg 768w, https:\/\/www.ofg.uni-osnabrueck.de\/wp-content\/uploads\/2020\/02\/DSC3977-1536x1025.jpg 1536w, https:\/\/www.ofg.uni-osnabrueck.de\/wp-content\/uploads\/2020\/02\/DSC3977-2048x1367.jpg 2048w\" sizes=\"auto, (max-width: 1024px) 100vw, 1024px\" \/><figcaption class=\"blocks-gallery-item__caption\">\u00a9 Osnabr\u00fccker Friedensgespr\u00e4che | Uwe Lewandowski<\/figcaption><\/figure><\/li><li class=\"blocks-gallery-item\"><figure><img loading=\"lazy\" decoding=\"async\" width=\"1024\" height=\"683\" src=\"https:\/\/www.ofg.uni-osnabrueck.de\/wp-content\/uploads\/2020\/02\/DSC3956-1024x683.jpg\" alt=\"\" data-id=\"1162\" data-full-url=\"https:\/\/www.ofg.uni-osnabrueck.de\/wp-content\/uploads\/2020\/02\/DSC3956-scaled.jpg\" data-link=\"https:\/\/www.ofg.uni-osnabrueck.de\/_dsc3956\/\" class=\"wp-image-1162\" srcset=\"https:\/\/www.ofg.uni-osnabrueck.de\/wp-content\/uploads\/2020\/02\/DSC3956-1024x683.jpg 1024w, https:\/\/www.ofg.uni-osnabrueck.de\/wp-content\/uploads\/2020\/02\/DSC3956-300x200.jpg 300w, https:\/\/www.ofg.uni-osnabrueck.de\/wp-content\/uploads\/2020\/02\/DSC3956-768x513.jpg 768w, https:\/\/www.ofg.uni-osnabrueck.de\/wp-content\/uploads\/2020\/02\/DSC3956-1536x1025.jpg 1536w, https:\/\/www.ofg.uni-osnabrueck.de\/wp-content\/uploads\/2020\/02\/DSC3956-2048x1367.jpg 2048w\" sizes=\"auto, (max-width: 1024px) 100vw, 1024px\" \/><figcaption class=\"blocks-gallery-item__caption\">auf dem Podium, \u00a9 Osnabr\u00fccker Friedensgespr\u00e4che | Uwe Lewandowski<\/figcaption><\/figure><\/li><\/ul><\/figure>\n\n\n\n<p class=\"has-small-font-size\">\u00a9 Osnabr\u00fccker Friedensgespr\u00e4che | Uwe Lewandowski<\/p>\n<\/div>\n\n\n\n<div class=\"wp-block-column is-layout-flow wp-block-column-is-layout-flow\">\n<h4 class=\"wp-block-heading\"><strong><strong>Video recordings<\/strong><\/strong><\/h4>\n\n\n\n<div class=\"lyte-wrapper\" title=\"Playlist: Das Endspiel. &amp;quot;Game Over&amp;quot; f&uuml;r die EU?\" style=\"width:853px;max-width:100%;margin:5px auto;\"><div class=\"lyMe hidef playlist\" id=\"WYL_PLILLmy3CVsZOaoBN8Hb_EFRuf6AjjlbSM\"><div id=\"lyte_PLILLmy3CVsZOaoBN8Hb_EFRuf6AjjlbSM\" data-src=\"https:\/\/www.ofg.uni-osnabrueck.de\/wp-content\/plugins\/wp-youtube-lyte\/lyteCache.php?origThumbUrl=https%3A%2F%2Fi.ytimg.com%2Fvi%2Fmc7qjruqqD0%2Fmaxresdefault.jpg\" class=\"pL\"><div class=\"tC\"><div class=\"tT\">Playlist: Das Endspiel. &quot;Game Over&quot; f\u00fcr die EU?<\/div><\/div><div class=\"play\"><\/div><div class=\"ctrl\"><div class=\"Lctrl\"><\/div><div class=\"Rctrl\"><\/div><\/div><\/div><noscript><a href=\"https:\/\/youtube.com\/playlist?list=PLILLmy3CVsZOaoBN8Hb_EFRuf6AjjlbSM\" rel=\"nofollow\"><br \/>Watch this playlist on YouTube<\/a><\/noscript><\/div><\/div><div class=\"lL\" style=\"max-width:100%;width:853px;margin:5px auto;\"><span class=\"lyte_disclaimer\">Bitte beachten Sie unsere Datenschutzerkl\u00e4rung. Wenn Sie das Video abspielen, werden Daten an YouTube gesendet.<\/span><\/div>\n<\/div>\n<\/div>\n","protected":false},"excerpt":{"rendered":"<p>Martin\u2019s latest book \u201cGame Over: Affluence for a Few, Democracy for No One, Nationalism for Everyone \u2013 and Then What?\u201d (Game Over: Wohlstand f\u00fcr wenige, Demokratie f\u00fcr niemand, Nationalismus f\u00fcr alle \u2013 und dann?) was published in 2018. It weaves together a wide variety of developments \u2013 from growing inequality and the social divide to trade conflicts, from digitalization and neo-nationalism to the showdown in the EU. Professor Dr. Roland Czada and Professor Dr. Christoph K\u00f6nig spoke to the writer.<\/p>\n","protected":false},"author":2,"featured_media":1121,"comment_status":"closed","ping_status":"closed","sticky":false,"template":"","format":"standard","meta":{"footnotes":""},"categories":[44,88],"tags":[],"class_list":["post-4078","post","type-post","status-publish","format-standard","has-post-thumbnail","hentry","category-nicht-kategorisiert-en","category-talks-and-debate","generate-columns","tablet-grid-50","mobile-grid-100","grid-parent","grid-50"],"wps_subtitle":"\u201cGame Over\u201d for the EU?","_links":{"self":[{"href":"https:\/\/www.ofg.uni-osnabrueck.de\/en\/wp-json\/wp\/v2\/posts\/4078","targetHints":{"allow":["GET"]}}],"collection":[{"href":"https:\/\/www.ofg.uni-osnabrueck.de\/en\/wp-json\/wp\/v2\/posts"}],"about":[{"href":"https:\/\/www.ofg.uni-osnabrueck.de\/en\/wp-json\/wp\/v2\/types\/post"}],"author":[{"embeddable":true,"href":"https:\/\/www.ofg.uni-osnabrueck.de\/en\/wp-json\/wp\/v2\/users\/2"}],"replies":[{"embeddable":true,"href":"https:\/\/www.ofg.uni-osnabrueck.de\/en\/wp-json\/wp\/v2\/comments?post=4078"}],"version-history":[{"count":8,"href":"https:\/\/www.ofg.uni-osnabrueck.de\/en\/wp-json\/wp\/v2\/posts\/4078\/revisions"}],"predecessor-version":[{"id":6499,"href":"https:\/\/www.ofg.uni-osnabrueck.de\/en\/wp-json\/wp\/v2\/posts\/4078\/revisions\/6499"}],"wp:featuredmedia":[{"embeddable":true,"href":"https:\/\/www.ofg.uni-osnabrueck.de\/en\/wp-json\/wp\/v2\/media\/1121"}],"wp:attachment":[{"href":"https:\/\/www.ofg.uni-osnabrueck.de\/en\/wp-json\/wp\/v2\/media?parent=4078"}],"wp:term":[{"taxonomy":"category","embeddable":true,"href":"https:\/\/www.ofg.uni-osnabrueck.de\/en\/wp-json\/wp\/v2\/categories?post=4078"},{"taxonomy":"post_tag","embeddable":true,"href":"https:\/\/www.ofg.uni-osnabrueck.de\/en\/wp-json\/wp\/v2\/tags?post=4078"}],"curies":[{"name":"wp","href":"https:\/\/api.w.org\/{rel}","templated":true}]}}