{"id":14776,"date":"2024-10-09T18:30:00","date_gmt":"2024-10-09T16:30:00","guid":{"rendered":"https:\/\/www.ofg.uni-osnabrueck.de\/?p=14776"},"modified":"2024-11-01T08:17:56","modified_gmt":"2024-11-01T07:17:56","slug":"universitaten-in-polarisierenden-zeiten-wie-politisch-durfen-hochschulen-sein-universities-in-polarizing-times-how-political-can-universities-be","status":"publish","type":"post","link":"https:\/\/www.ofg.uni-osnabrueck.de\/en\/universitaten-in-polarisierenden-zeiten-wie-politisch-durfen-hochschulen-sein-universities-in-polarizing-times-how-political-can-universities-be\/","title":{"rendered":"Universit\u00e4ten in polarisierenden Zeiten \u2013 Wie politisch d\u00fcrfen Hochschulen sein? (Universities in polarizing times &#8211; How political can universities be?)"},"content":{"rendered":"\n<div class=\"wp-block-columns is-layout-flex wp-container-core-columns-is-layout-9d6595d7 wp-block-columns-is-layout-flex\">\n<div class=\"wp-block-column is-layout-flow wp-block-column-is-layout-flow\" style=\"flex-basis:100%\">\n<p><\/p>\n\n\n\n<p><strong>Panel discussion with<\/strong><\/p>\n\n\n\n<div class=\"wp-block-columns is-layout-flex wp-container-core-columns-is-layout-9d6595d7 wp-block-columns-is-layout-flex\">\n<div class=\"wp-block-column is-layout-flow wp-block-column-is-layout-flow\" style=\"flex-basis:15%\">\n<figure class=\"wp-block-image size-thumbnail\"><img loading=\"lazy\" decoding=\"async\" width=\"150\" height=\"150\" src=\"https:\/\/www.ofg.uni-osnabrueck.de\/wp-content\/uploads\/2024\/09\/CrNOZ_LouisaRiepe_mgr13-150x150.jpg\" alt=\"\" class=\"wp-image-14790\"\/><figcaption class=\"wp-element-caption\">\u00a9 Michael Gr\u00fcndel, Fotograf der NOZ<\/figcaption><\/figure>\n<\/div>\n\n\n\n<div class=\"wp-block-column is-layout-flow wp-block-column-is-layout-flow\" style=\"flex-basis:85%\">\n<h3 class=\"wp-block-heading\"><strong><strong>Louisa Riepe<\/strong><\/strong><\/h3>\n\n\n\n<p>Chief editor of the Neue Osnabr\u00fccker Zeitung<\/p>\n<\/div>\n<\/div>\n\n\n\n<div class=\"wp-block-columns is-layout-flex wp-container-core-columns-is-layout-9d6595d7 wp-block-columns-is-layout-flex\">\n<div class=\"wp-block-column is-layout-flow wp-block-column-is-layout-flow\" style=\"flex-basis:15%\">\n<figure class=\"wp-block-image size-large\"><img loading=\"lazy\" decoding=\"async\" width=\"926\" height=\"1024\" src=\"https:\/\/www.ofg.uni-osnabrueck.de\/wp-content\/uploads\/2024\/09\/Foto-Prof.-Schachtner-1-926x1024.png\" alt=\"\" class=\"wp-image-14799\" srcset=\"https:\/\/www.ofg.uni-osnabrueck.de\/wp-content\/uploads\/2024\/09\/Foto-Prof.-Schachtner-1-926x1024.png 926w, https:\/\/www.ofg.uni-osnabrueck.de\/wp-content\/uploads\/2024\/09\/Foto-Prof.-Schachtner-1-271x300.png 271w, https:\/\/www.ofg.uni-osnabrueck.de\/wp-content\/uploads\/2024\/09\/Foto-Prof.-Schachtner-1-768x849.png 768w, https:\/\/www.ofg.uni-osnabrueck.de\/wp-content\/uploads\/2024\/09\/Foto-Prof.-Schachtner-1-1390x1536.png 1390w, https:\/\/www.ofg.uni-osnabrueck.de\/wp-content\/uploads\/2024\/09\/Foto-Prof.-Schachtner-1-1853x2048.png 1853w\" sizes=\"auto, (max-width: 926px) 100vw, 926px\" \/><figcaption class=\"wp-element-caption\">\u00a9 Christian Kreutzmann, Fotograf<\/figcaption><\/figure>\n<\/div>\n\n\n\n<div class=\"wp-block-column is-layout-flow wp-block-column-is-layout-flow\" style=\"flex-basis:85%\">\n<h3 class=\"wp-block-heading\"><strong>Prof. Dr. Joachim Schachtner<\/strong><\/h3>\n\n\n\n<p>State Secretary in the Lower Saxony Ministry for Science and Culture<\/p>\n<\/div>\n<\/div>\n<\/div>\n\n\n\n<div class=\"wp-block-column is-layout-flow wp-block-column-is-layout-flow\" style=\"flex-basis:0%\"><\/div>\n<\/div>\n\n\n\n<div class=\"wp-block-columns is-layout-flex wp-container-core-columns-is-layout-9d6595d7 wp-block-columns-is-layout-flex\">\n<div class=\"wp-block-column is-layout-flow wp-block-column-is-layout-flow\" style=\"flex-basis:100%\">\n<div class=\"wp-block-columns is-layout-flex wp-container-core-columns-is-layout-9d6595d7 wp-block-columns-is-layout-flex\">\n<div class=\"wp-block-column is-layout-flow wp-block-column-is-layout-flow\" style=\"flex-basis:15%\">\n<figure class=\"wp-block-image size-thumbnail\"><img loading=\"lazy\" decoding=\"async\" width=\"150\" height=\"150\" src=\"https:\/\/www.ofg.uni-osnabrueck.de\/wp-content\/uploads\/2024\/09\/Steinbeck_HHU-150x150.jpeg\" alt=\"\" class=\"wp-image-14803\" srcset=\"https:\/\/www.ofg.uni-osnabrueck.de\/wp-content\/uploads\/2024\/09\/Steinbeck_HHU-150x150.jpeg 150w, https:\/\/www.ofg.uni-osnabrueck.de\/wp-content\/uploads\/2024\/09\/Steinbeck_HHU-300x300.jpeg 300w, https:\/\/www.ofg.uni-osnabrueck.de\/wp-content\/uploads\/2024\/09\/Steinbeck_HHU-1024x1024.jpeg 1024w, https:\/\/www.ofg.uni-osnabrueck.de\/wp-content\/uploads\/2024\/09\/Steinbeck_HHU-768x768.jpeg 768w, https:\/\/www.ofg.uni-osnabrueck.de\/wp-content\/uploads\/2024\/09\/Steinbeck_HHU-1536x1536.jpeg 1536w, https:\/\/www.ofg.uni-osnabrueck.de\/wp-content\/uploads\/2024\/09\/Steinbeck_HHU.jpeg 1604w\" sizes=\"auto, (max-width: 150px) 100vw, 150px\" \/><figcaption class=\"wp-element-caption\">\u00a9 HHU\/Kay Herschelmann<\/figcaption><\/figure>\n<\/div>\n\n\n\n<div class=\"wp-block-column is-layout-flow wp-block-column-is-layout-flow\" style=\"flex-basis:85%\">\n<h3 class=\"wp-block-heading\"><strong>Prof. Dr. Anja Steinbeck<\/strong><\/h3>\n\n\n\n<p>Rector of Heinrich Heine University D\u00fcsseldorf<\/p>\n<\/div>\n<\/div>\n<\/div>\n\n\n\n<div class=\"wp-block-column is-layout-flow wp-block-column-is-layout-flow\" style=\"flex-basis:0%\"><\/div>\n<\/div>\n\n\n\n<p><strong>Conversation leader<\/strong><br>Prof. Dr. Susanne Menzel-Riedl, President of the University od Osnabr\u00fcck<\/p>\n\n\n\n<hr class=\"wp-block-separator has-css-opacity\"\/>\n\n\n\n<p>Universities are places of lively discourse that also relate to current political conflicts. They are not only spaces for verbal debate, but also the scene of demonstrations, creative and sometimes aggressive protest actions. The eviction of protest camps on campus, which have attracted a great deal of media attention, particularly in Berlin, are polarizing and dealing with them is proving to be challenging. As state institutions, universities are committed to political neutrality, but they are not free of rights and power.<br>How can the neutrality requirement, desired discourse and debate and the guarantee of safety for all people on campus be reconciled? How activist can protests be and how much space should universities offer to ideological and political positions?<\/p>\n\n\n\n<p>These and other questions were considered during the peace talk. The focus was not only on the conflicts surrounding the complex war in the Gaza Strip, but also on universities as public spaces for political discourse.<\/p>\n\n\n\n<p>October 09, 2024, Aula of the University, 6:30 pm, Neuer Graben 29\/Castle<\/p>\n\n\n\n<hr class=\"wp-block-separator has-css-opacity\"\/>\n\n\n\n<div class=\"wp-block-columns is-layout-flex wp-container-core-columns-is-layout-9d6595d7 wp-block-columns-is-layout-flex\">\n<div class=\"wp-block-column is-layout-flow wp-block-column-is-layout-flow\">\n<h4 class=\"wp-block-heading\"><strong><strong>Picture gallery<\/strong><\/strong><\/h4>\n\n\n\n<figure class=\"wp-block-gallery has-nested-images columns-default is-cropped wp-block-gallery-1 is-layout-flex wp-block-gallery-is-layout-flex\">\n<figure class=\"wp-block-image size-large\"><img loading=\"lazy\" decoding=\"async\" width=\"1024\" height=\"683\" data-id=\"15089\" src=\"https:\/\/www.ofg.uni-osnabrueck.de\/wp-content\/uploads\/2024\/10\/1_DSC7543-1-1024x683.jpg\" alt=\"\" class=\"wp-image-15089\" srcset=\"https:\/\/www.ofg.uni-osnabrueck.de\/wp-content\/uploads\/2024\/10\/1_DSC7543-1-1024x683.jpg 1024w, https:\/\/www.ofg.uni-osnabrueck.de\/wp-content\/uploads\/2024\/10\/1_DSC7543-1-300x200.jpg 300w, https:\/\/www.ofg.uni-osnabrueck.de\/wp-content\/uploads\/2024\/10\/1_DSC7543-1-768x512.jpg 768w, https:\/\/www.ofg.uni-osnabrueck.de\/wp-content\/uploads\/2024\/10\/1_DSC7543-1-1536x1024.jpg 1536w, https:\/\/www.ofg.uni-osnabrueck.de\/wp-content\/uploads\/2024\/10\/1_DSC7543-1-2048x1366.jpg 2048w\" sizes=\"auto, (max-width: 1024px) 100vw, 1024px\" \/><\/figure>\n\n\n\n<figure class=\"wp-block-image size-large\"><img loading=\"lazy\" decoding=\"async\" width=\"1024\" height=\"683\" data-id=\"15094\" src=\"https:\/\/www.ofg.uni-osnabrueck.de\/wp-content\/uploads\/2024\/10\/2_DSC7518-1-1024x683.jpg\" alt=\"\" class=\"wp-image-15094\" srcset=\"https:\/\/www.ofg.uni-osnabrueck.de\/wp-content\/uploads\/2024\/10\/2_DSC7518-1-1024x683.jpg 1024w, https:\/\/www.ofg.uni-osnabrueck.de\/wp-content\/uploads\/2024\/10\/2_DSC7518-1-300x200.jpg 300w, https:\/\/www.ofg.uni-osnabrueck.de\/wp-content\/uploads\/2024\/10\/2_DSC7518-1-768x512.jpg 768w, https:\/\/www.ofg.uni-osnabrueck.de\/wp-content\/uploads\/2024\/10\/2_DSC7518-1-1536x1024.jpg 1536w, https:\/\/www.ofg.uni-osnabrueck.de\/wp-content\/uploads\/2024\/10\/2_DSC7518-1-2048x1366.jpg 2048w\" sizes=\"auto, (max-width: 1024px) 100vw, 1024px\" \/><\/figure>\n\n\n\n<figure class=\"wp-block-image size-large\"><img loading=\"lazy\" decoding=\"async\" width=\"1024\" height=\"683\" data-id=\"15098\" src=\"https:\/\/www.ofg.uni-osnabrueck.de\/wp-content\/uploads\/2024\/10\/3_DSC7556-1-1024x683.jpg\" alt=\"\" class=\"wp-image-15098\" srcset=\"https:\/\/www.ofg.uni-osnabrueck.de\/wp-content\/uploads\/2024\/10\/3_DSC7556-1-1024x683.jpg 1024w, https:\/\/www.ofg.uni-osnabrueck.de\/wp-content\/uploads\/2024\/10\/3_DSC7556-1-300x200.jpg 300w, https:\/\/www.ofg.uni-osnabrueck.de\/wp-content\/uploads\/2024\/10\/3_DSC7556-1-768x512.jpg 768w, https:\/\/www.ofg.uni-osnabrueck.de\/wp-content\/uploads\/2024\/10\/3_DSC7556-1-1536x1024.jpg 1536w, https:\/\/www.ofg.uni-osnabrueck.de\/wp-content\/uploads\/2024\/10\/3_DSC7556-1-2048x1365.jpg 2048w\" sizes=\"auto, (max-width: 1024px) 100vw, 1024px\" \/><\/figure>\n\n\n\n<figure class=\"wp-block-image size-large\"><img loading=\"lazy\" decoding=\"async\" width=\"1024\" height=\"683\" data-id=\"15102\" src=\"https:\/\/www.ofg.uni-osnabrueck.de\/wp-content\/uploads\/2024\/10\/4_DSC7496-1-1024x683.jpg\" alt=\"\" class=\"wp-image-15102\" srcset=\"https:\/\/www.ofg.uni-osnabrueck.de\/wp-content\/uploads\/2024\/10\/4_DSC7496-1-1024x683.jpg 1024w, https:\/\/www.ofg.uni-osnabrueck.de\/wp-content\/uploads\/2024\/10\/4_DSC7496-1-300x200.jpg 300w, https:\/\/www.ofg.uni-osnabrueck.de\/wp-content\/uploads\/2024\/10\/4_DSC7496-1-768x512.jpg 768w, https:\/\/www.ofg.uni-osnabrueck.de\/wp-content\/uploads\/2024\/10\/4_DSC7496-1-1536x1024.jpg 1536w, https:\/\/www.ofg.uni-osnabrueck.de\/wp-content\/uploads\/2024\/10\/4_DSC7496-1-2048x1365.jpg 2048w\" sizes=\"auto, (max-width: 1024px) 100vw, 1024px\" \/><\/figure>\n\n\n\n<figure class=\"wp-block-image size-large\"><img loading=\"lazy\" decoding=\"async\" width=\"1024\" height=\"683\" data-id=\"15110\" src=\"https:\/\/www.ofg.uni-osnabrueck.de\/wp-content\/uploads\/2024\/10\/5_DSC7549-1-1024x683.jpg\" alt=\"\" class=\"wp-image-15110\" srcset=\"https:\/\/www.ofg.uni-osnabrueck.de\/wp-content\/uploads\/2024\/10\/5_DSC7549-1-1024x683.jpg 1024w, https:\/\/www.ofg.uni-osnabrueck.de\/wp-content\/uploads\/2024\/10\/5_DSC7549-1-300x200.jpg 300w, https:\/\/www.ofg.uni-osnabrueck.de\/wp-content\/uploads\/2024\/10\/5_DSC7549-1-768x512.jpg 768w, https:\/\/www.ofg.uni-osnabrueck.de\/wp-content\/uploads\/2024\/10\/5_DSC7549-1-1536x1024.jpg 1536w, https:\/\/www.ofg.uni-osnabrueck.de\/wp-content\/uploads\/2024\/10\/5_DSC7549-1-2048x1365.jpg 2048w\" sizes=\"auto, (max-width: 1024px) 100vw, 1024px\" \/><\/figure>\n\n\n\n<figure class=\"wp-block-image size-large\"><img loading=\"lazy\" decoding=\"async\" width=\"1024\" height=\"683\" data-id=\"15116\" src=\"https:\/\/www.ofg.uni-osnabrueck.de\/wp-content\/uploads\/2024\/10\/6_DSC7525-1-1024x683.jpg\" alt=\"\" class=\"wp-image-15116\" srcset=\"https:\/\/www.ofg.uni-osnabrueck.de\/wp-content\/uploads\/2024\/10\/6_DSC7525-1-1024x683.jpg 1024w, https:\/\/www.ofg.uni-osnabrueck.de\/wp-content\/uploads\/2024\/10\/6_DSC7525-1-300x200.jpg 300w, https:\/\/www.ofg.uni-osnabrueck.de\/wp-content\/uploads\/2024\/10\/6_DSC7525-1-768x512.jpg 768w, https:\/\/www.ofg.uni-osnabrueck.de\/wp-content\/uploads\/2024\/10\/6_DSC7525-1-1536x1024.jpg 1536w, https:\/\/www.ofg.uni-osnabrueck.de\/wp-content\/uploads\/2024\/10\/6_DSC7525-1-2048x1365.jpg 2048w\" sizes=\"auto, (max-width: 1024px) 100vw, 1024px\" \/><\/figure>\n\n\n\n<figure class=\"wp-block-image size-large\"><img loading=\"lazy\" decoding=\"async\" width=\"1024\" height=\"724\" data-id=\"15121\" src=\"https:\/\/www.ofg.uni-osnabrueck.de\/wp-content\/uploads\/2024\/10\/7_DSC7437-1-1024x724.jpg\" alt=\"\" class=\"wp-image-15121\" srcset=\"https:\/\/www.ofg.uni-osnabrueck.de\/wp-content\/uploads\/2024\/10\/7_DSC7437-1-1024x724.jpg 1024w, https:\/\/www.ofg.uni-osnabrueck.de\/wp-content\/uploads\/2024\/10\/7_DSC7437-1-300x212.jpg 300w, https:\/\/www.ofg.uni-osnabrueck.de\/wp-content\/uploads\/2024\/10\/7_DSC7437-1-768x543.jpg 768w, https:\/\/www.ofg.uni-osnabrueck.de\/wp-content\/uploads\/2024\/10\/7_DSC7437-1-1536x1086.jpg 1536w, https:\/\/www.ofg.uni-osnabrueck.de\/wp-content\/uploads\/2024\/10\/7_DSC7437-1-2048x1448.jpg 2048w\" sizes=\"auto, (max-width: 1024px) 100vw, 1024px\" \/><\/figure>\n<figcaption class=\"blocks-gallery-caption wp-element-caption\">\u00a9 Osnabr\u00fccker Friedensgespr\u00e4che | Uwe Lewandowski<\/figcaption><\/figure>\n\n\n\n<p><\/p>\n<\/div>\n\n\n\n<div class=\"wp-block-column is-layout-flow wp-block-column-is-layout-flow\">\n<h4 class=\"wp-block-heading\"><strong><strong>Video recordings<\/strong><\/strong><\/h4>\n\n\n<figure class=\"wp-block-embed-youtube wp-block-embed is-type-video is-provider-youtube wp-embed-aspect-16-9 wp-has-aspect-ratio\"><div class=\"lyte-wrapper\" title=\"Universit&auml;ten in polarisierenden Zeiten &ndash; Wie politisch d&uuml;rfen Hochschulen sein?\" style=\"width:853px;max-width:100%;margin:5px auto;\"><div class=\"lyMe hidef\" id=\"WYL_yZyMba5oVYI\" itemprop=\"video\" itemscope itemtype=\"https:\/\/schema.org\/VideoObject\"><div><meta itemprop=\"thumbnailUrl\" content=\"https:\/\/www.ofg.uni-osnabrueck.de\/wp-content\/plugins\/wp-youtube-lyte\/lyteCache.php?origThumbUrl=https%3A%2F%2Fi.ytimg.com%2Fvi%2FyZyMba5oVYI%2Fhqdefault.jpg\" \/><meta itemprop=\"embedURL\" content=\"https:\/\/www.youtube.com\/embed\/yZyMba5oVYI\" \/><meta itemprop=\"duration\" content=\"PT1H25M15S\" \/><meta itemprop=\"uploadDate\" content=\"2024-11-01T06:15:58Z\" \/><\/div><div id=\"lyte_yZyMba5oVYI\" data-src=\"https:\/\/www.ofg.uni-osnabrueck.de\/wp-content\/plugins\/wp-youtube-lyte\/lyteCache.php?origThumbUrl=https%3A%2F%2Fi.ytimg.com%2Fvi%2FyZyMba5oVYI%2Fhqdefault.jpg\" class=\"pL\"><div class=\"tC\"><div class=\"tT\" itemprop=\"name\">Universit\u00e4ten in polarisierenden Zeiten \u2013 Wie politisch d\u00fcrfen Hochschulen sein?<\/div><\/div><div class=\"play\"><\/div><div class=\"ctrl\"><div class=\"Lctrl\"><\/div><div class=\"Rctrl\"><\/div><\/div><\/div><noscript><a href=\"https:\/\/youtu.be\/yZyMba5oVYI\" rel=\"nofollow\"><img loading=\"lazy\" decoding=\"async\" src=\"https:\/\/www.ofg.uni-osnabrueck.de\/wp-content\/plugins\/wp-youtube-lyte\/lyteCache.php?origThumbUrl=https%3A%2F%2Fi.ytimg.com%2Fvi%2FyZyMba5oVYI%2F0.jpg\" alt=\"Universit&auml;ten in polarisierenden Zeiten &ndash; Wie politisch d&uuml;rfen Hochschulen sein?\" width=\"853\" height=\"460\" \/><br \/>Watch this video on YouTube<\/a><\/noscript><meta itemprop=\"description\" content=\"Podiumsdiskussion mit Louisa Riepe, Chefredakteurin der Neuen Osnabr\u00fccker Zeitung, Prof. Dr. Joachim Schachtner, Staatssekret\u00e4r im Nieders\u00e4chsischen Ministerium f\u00fcr Wissenschaft und Kultur, und Prof. Dr. Anja Steinbeck, Rektorin der Heinrich-Heine-Universit\u00e4t D\u00fcsseldorf. Gespr\u00e4chsleitung: Prof. Dr. Susanne Menzel-Riedl, Pr\u00e4sidentin der Universit\u00e4t Osnabr\u00fcck 09. Oktober 2024, Aula der Universit\u00e4t Osnabr\u00fcck, 18:30 Uhr weitere Infos unter: https:\/\/www.ofg.uni-osnabrueck.de\/sonderfriedensgespraech-universitaeten-in-polarisierenden-zeiten-wie-politisch-duerfen-hochschulen-sein\/\"><\/div><\/div><div class=\"lL\" style=\"max-width:100%;width:853px;margin:5px auto;\"><br\/><span class=\"lyte_disclaimer\">Bitte beachten Sie unsere Datenschutzerkl\u00e4rung. Wenn Sie das Video abspielen, werden Daten an YouTube gesendet.<\/span><\/div><figcaption><\/figcaption><\/figure><\/div>\n<\/div>\n\n\n\n<p><\/p>\n","protected":false},"excerpt":{"rendered":"<p>Panel discussion with Louisa Riepe, Prof. Dr. Joachim Schachtner and Prof. Dr. Anja Steinbeck<\/p>\n","protected":false},"author":2,"featured_media":14976,"comment_status":"closed","ping_status":"closed","sticky":false,"template":"","format":"standard","meta":{"footnotes":""},"categories":[110,44,88],"tags":[],"class_list":["post-14776","post","type-post","status-publish","format-standard","has-post-thumbnail","hentry","category-homepage","category-nicht-kategorisiert-en","category-talks-and-debate","generate-columns","tablet-grid-50","mobile-grid-100","grid-parent","grid-50"],"wps_subtitle":"","_links":{"self":[{"href":"https:\/\/www.ofg.uni-osnabrueck.de\/en\/wp-json\/wp\/v2\/posts\/14776","targetHints":{"allow":["GET"]}}],"collection":[{"href":"https:\/\/www.ofg.uni-osnabrueck.de\/en\/wp-json\/wp\/v2\/posts"}],"about":[{"href":"https:\/\/www.ofg.uni-osnabrueck.de\/en\/wp-json\/wp\/v2\/types\/post"}],"author":[{"embeddable":true,"href":"https:\/\/www.ofg.uni-osnabrueck.de\/en\/wp-json\/wp\/v2\/users\/2"}],"replies":[{"embeddable":true,"href":"https:\/\/www.ofg.uni-osnabrueck.de\/en\/wp-json\/wp\/v2\/comments?post=14776"}],"version-history":[{"count":4,"href":"https:\/\/www.ofg.uni-osnabrueck.de\/en\/wp-json\/wp\/v2\/posts\/14776\/revisions"}],"predecessor-version":[{"id":15175,"href":"https:\/\/www.ofg.uni-osnabrueck.de\/en\/wp-json\/wp\/v2\/posts\/14776\/revisions\/15175"}],"wp:featuredmedia":[{"embeddable":true,"href":"https:\/\/www.ofg.uni-osnabrueck.de\/en\/wp-json\/wp\/v2\/media\/14976"}],"wp:attachment":[{"href":"https:\/\/www.ofg.uni-osnabrueck.de\/en\/wp-json\/wp\/v2\/media?parent=14776"}],"wp:term":[{"taxonomy":"category","embeddable":true,"href":"https:\/\/www.ofg.uni-osnabrueck.de\/en\/wp-json\/wp\/v2\/categories?post=14776"},{"taxonomy":"post_tag","embeddable":true,"href":"https:\/\/www.ofg.uni-osnabrueck.de\/en\/wp-json\/wp\/v2\/tags?post=14776"}],"curies":[{"name":"wp","href":"https:\/\/api.w.org\/{rel}","templated":true}]}}