{"id":13471,"date":"2024-05-14T18:00:00","date_gmt":"2024-05-14T16:00:00","guid":{"rendered":"https:\/\/www.ofg.uni-osnabrueck.de\/?p=13471"},"modified":"2024-10-30T16:28:40","modified_gmt":"2024-10-30T15:28:40","slug":"bildungsgerechtigkeit-educational-equity","status":"publish","type":"post","link":"https:\/\/www.ofg.uni-osnabrueck.de\/en\/bildungsgerechtigkeit-educational-equity\/","title":{"rendered":"Bildungsgerechtigkeit (Educational equity)"},"content":{"rendered":"\n<div class=\"wp-block-columns is-layout-flex wp-container-core-columns-is-layout-9d6595d7 wp-block-columns-is-layout-flex\">\n<div class=\"wp-block-column is-layout-flow wp-block-column-is-layout-flow\" style=\"flex-basis:100%\">\n<p><\/p>\n\n\n\n<p><strong>Panel discussion with<\/strong><\/p>\n\n\n\n<div class=\"wp-block-columns is-layout-flex wp-container-core-columns-is-layout-9d6595d7 wp-block-columns-is-layout-flex\">\n<div class=\"wp-block-column is-layout-flow wp-block-column-is-layout-flow\" style=\"flex-basis:15%\">\n<figure class=\"wp-block-image size-thumbnail\"><img loading=\"lazy\" decoding=\"async\" width=\"150\" height=\"150\" src=\"https:\/\/www.ofg.uni-osnabrueck.de\/wp-content\/uploads\/2024\/03\/Blossfeld_hohe-Aufloesung-Nov-2023-_privat-150x150.jpg\" alt=\"\" class=\"wp-image-13477\"\/><figcaption class=\"wp-element-caption\">\u00a9 Privat<\/figcaption><\/figure>\n<\/div>\n\n\n\n<div class=\"wp-block-column is-layout-flow wp-block-column-is-layout-flow\" style=\"flex-basis:85%\">\n<h3 class=\"wp-block-heading\"><strong>Prof. Dr. Dr.<\/strong> <strong>Hans-Peter Blossfeld<\/strong><\/h3>\n\n\n\n<p>Sociologist, Emeritus of Excellence at the Graduate Center Trimberg Research Academy and former Director of the State Institute for Family Research (ifb) at the University of Bamberg<\/p>\n<\/div>\n<\/div>\n\n\n\n<div class=\"wp-block-columns is-layout-flex wp-container-core-columns-is-layout-9d6595d7 wp-block-columns-is-layout-flex\">\n<div class=\"wp-block-column is-layout-flow wp-block-column-is-layout-flow\" style=\"flex-basis:15%\">\n<figure class=\"wp-block-image size-large\"><img loading=\"lazy\" decoding=\"async\" width=\"1024\" height=\"943\" src=\"https:\/\/www.ofg.uni-osnabrueck.de\/wp-content\/uploads\/2024\/03\/Prof.-Dr.-Aladin-El-Mafaalani_4-1024x943.jpg\" alt=\"\" class=\"wp-image-13481\" srcset=\"https:\/\/www.ofg.uni-osnabrueck.de\/wp-content\/uploads\/2024\/03\/Prof.-Dr.-Aladin-El-Mafaalani_4-1024x943.jpg 1024w, https:\/\/www.ofg.uni-osnabrueck.de\/wp-content\/uploads\/2024\/03\/Prof.-Dr.-Aladin-El-Mafaalani_4-300x276.jpg 300w, https:\/\/www.ofg.uni-osnabrueck.de\/wp-content\/uploads\/2024\/03\/Prof.-Dr.-Aladin-El-Mafaalani_4-768x707.jpg 768w, https:\/\/www.ofg.uni-osnabrueck.de\/wp-content\/uploads\/2024\/03\/Prof.-Dr.-Aladin-El-Mafaalani_4-1536x1414.jpg 1536w, https:\/\/www.ofg.uni-osnabrueck.de\/wp-content\/uploads\/2024\/03\/Prof.-Dr.-Aladin-El-Mafaalani_4-2048x1886.jpg 2048w\" sizes=\"auto, (max-width: 1024px) 100vw, 1024px\" \/><figcaption class=\"wp-element-caption\">\u00a9 Wilfried Gerharz<\/figcaption><\/figure>\n<\/div>\n\n\n\n<div class=\"wp-block-column is-layout-flow wp-block-column-is-layout-flow\" style=\"flex-basis:85%\">\n<h3 class=\"wp-block-heading\"><strong>Prof. Dr. Aladin El-Mafaalani<\/strong><\/h3>\n\n\n\n<p>Sociologist and holder of the Chair of Education and Training in the Migration Society, University of Osnabr\u00fcck<\/p>\n<\/div>\n<\/div>\n<\/div>\n\n\n\n<div class=\"wp-block-column is-layout-flow wp-block-column-is-layout-flow\" style=\"flex-basis:0%\"><\/div>\n<\/div>\n\n\n\n<div class=\"wp-block-columns is-layout-flex wp-container-core-columns-is-layout-9d6595d7 wp-block-columns-is-layout-flex\">\n<div class=\"wp-block-column is-layout-flow wp-block-column-is-layout-flow\" style=\"flex-basis:100%\">\n<div class=\"wp-block-columns is-layout-flex wp-container-core-columns-is-layout-9d6595d7 wp-block-columns-is-layout-flex\">\n<div class=\"wp-block-column is-layout-flow wp-block-column-is-layout-flow\" style=\"flex-basis:15%\">\n<figure class=\"wp-block-image size-thumbnail\"><img loading=\"lazy\" decoding=\"async\" width=\"150\" height=\"150\" src=\"https:\/\/www.ofg.uni-osnabrueck.de\/wp-content\/uploads\/2024\/03\/Wehking-150x150.jpg\" alt=\"\" class=\"wp-image-13486\"\/><figcaption class=\"wp-element-caption\">\u00a9 privat<\/figcaption><\/figure>\n<\/div>\n\n\n\n<div class=\"wp-block-column is-layout-flow wp-block-column-is-layout-flow\" style=\"flex-basis:85%\">\n<h3 class=\"wp-block-heading\"><strong>Dr. Katharina Wehkin<strong>g<\/strong><\/strong><\/h3>\n\n\n\n<p>Substitute professorship in the Department of Vocational and Business Education, University of Osnabr\u00fcck<\/p>\n<\/div>\n<\/div>\n<\/div>\n\n\n\n<div class=\"wp-block-column is-layout-flow wp-block-column-is-layout-flow\" style=\"flex-basis:0%\"><\/div>\n<\/div>\n\n\n\n<p><strong>Chair of the discussion<\/strong><br>Prof. Dr. Martina Blasberg-Kuhnke, Universit\u00e4t Osnabr\u00fcck<\/p>\n\n\n\n<hr class=\"wp-block-separator has-css-opacity\"\/>\n\n\n\n<p>Educational opportunities and social background are closely linked in Germany. Dealing with heterogeneity and inclusion continues to be a central issue in school education &#8211; a problem that has once again become clear in the latest PISA study. Social background is still the decisive factor for success at school and future careers. For decades, our education system has failed to get to grips with this problem, which has a massive impact on society as a whole. What needs to change in education policy and the education system? Is there a lack of political will? What can universities do to achieve greater educational equality? The Peace Talk looked at the many facets and consequences of unequal educational opportunities and disadvantages and discussed the specific challenges and possible measures.<\/p>\n\n\n\n<hr class=\"wp-block-separator has-css-opacity\"\/>\n\n\n\n<p>May 14, 2024, Aula of the University, 6 p.m., Neuer Graben 29\/Castle<\/p>\n\n\n\n<div class=\"wp-block-columns is-layout-flex wp-container-core-columns-is-layout-9d6595d7 wp-block-columns-is-layout-flex\">\n<div class=\"wp-block-column is-layout-flow wp-block-column-is-layout-flow\">\n<h4 class=\"wp-block-heading\"><strong><strong>Picture gallery<\/strong><\/strong><\/h4>\n\n\n\n<figure class=\"wp-block-gallery has-nested-images columns-default is-cropped wp-block-gallery-1 is-layout-flex wp-block-gallery-is-layout-flex\">\n<figure class=\"wp-block-image size-large\"><img loading=\"lazy\" decoding=\"async\" width=\"1024\" height=\"683\" data-id=\"13804\" src=\"https:\/\/www.ofg.uni-osnabrueck.de\/wp-content\/uploads\/2024\/05\/DSC4701-1-1024x683.jpg\" alt=\"\" class=\"wp-image-13804\" srcset=\"https:\/\/www.ofg.uni-osnabrueck.de\/wp-content\/uploads\/2024\/05\/DSC4701-1-1024x683.jpg 1024w, https:\/\/www.ofg.uni-osnabrueck.de\/wp-content\/uploads\/2024\/05\/DSC4701-1-300x200.jpg 300w, https:\/\/www.ofg.uni-osnabrueck.de\/wp-content\/uploads\/2024\/05\/DSC4701-1-768x512.jpg 768w, https:\/\/www.ofg.uni-osnabrueck.de\/wp-content\/uploads\/2024\/05\/DSC4701-1-1536x1024.jpg 1536w, https:\/\/www.ofg.uni-osnabrueck.de\/wp-content\/uploads\/2024\/05\/DSC4701-1-2048x1366.jpg 2048w\" sizes=\"auto, (max-width: 1024px) 100vw, 1024px\" \/><\/figure>\n\n\n\n<figure class=\"wp-block-image size-large\"><img loading=\"lazy\" decoding=\"async\" width=\"1024\" height=\"683\" data-id=\"13811\" src=\"https:\/\/www.ofg.uni-osnabrueck.de\/wp-content\/uploads\/2024\/05\/3_DSC4678-1024x683.jpg\" alt=\"\" class=\"wp-image-13811\" srcset=\"https:\/\/www.ofg.uni-osnabrueck.de\/wp-content\/uploads\/2024\/05\/3_DSC4678-1024x683.jpg 1024w, https:\/\/www.ofg.uni-osnabrueck.de\/wp-content\/uploads\/2024\/05\/3_DSC4678-300x200.jpg 300w, https:\/\/www.ofg.uni-osnabrueck.de\/wp-content\/uploads\/2024\/05\/3_DSC4678-768x512.jpg 768w, https:\/\/www.ofg.uni-osnabrueck.de\/wp-content\/uploads\/2024\/05\/3_DSC4678-1536x1024.jpg 1536w, https:\/\/www.ofg.uni-osnabrueck.de\/wp-content\/uploads\/2024\/05\/3_DSC4678-2048x1365.jpg 2048w\" sizes=\"auto, (max-width: 1024px) 100vw, 1024px\" \/><\/figure>\n\n\n\n<figure class=\"wp-block-image size-large\"><img loading=\"lazy\" decoding=\"async\" width=\"1024\" height=\"683\" data-id=\"15040\" src=\"https:\/\/www.ofg.uni-osnabrueck.de\/wp-content\/uploads\/2024\/10\/DSC4657-1024x683.jpg\" alt=\"\" class=\"wp-image-15040\" srcset=\"https:\/\/www.ofg.uni-osnabrueck.de\/wp-content\/uploads\/2024\/10\/DSC4657-1024x683.jpg 1024w, https:\/\/www.ofg.uni-osnabrueck.de\/wp-content\/uploads\/2024\/10\/DSC4657-300x200.jpg 300w, https:\/\/www.ofg.uni-osnabrueck.de\/wp-content\/uploads\/2024\/10\/DSC4657-768x512.jpg 768w, https:\/\/www.ofg.uni-osnabrueck.de\/wp-content\/uploads\/2024\/10\/DSC4657-1536x1024.jpg 1536w, https:\/\/www.ofg.uni-osnabrueck.de\/wp-content\/uploads\/2024\/10\/DSC4657-2048x1365.jpg 2048w\" sizes=\"auto, (max-width: 1024px) 100vw, 1024px\" \/><\/figure>\n\n\n\n<figure class=\"wp-block-image size-large\"><img loading=\"lazy\" decoding=\"async\" width=\"1024\" height=\"683\" data-id=\"15045\" src=\"https:\/\/www.ofg.uni-osnabrueck.de\/wp-content\/uploads\/2024\/10\/4_DSC4680-1024x683.jpg\" alt=\"\" class=\"wp-image-15045\" srcset=\"https:\/\/www.ofg.uni-osnabrueck.de\/wp-content\/uploads\/2024\/10\/4_DSC4680-1024x683.jpg 1024w, https:\/\/www.ofg.uni-osnabrueck.de\/wp-content\/uploads\/2024\/10\/4_DSC4680-300x200.jpg 300w, https:\/\/www.ofg.uni-osnabrueck.de\/wp-content\/uploads\/2024\/10\/4_DSC4680-768x512.jpg 768w, https:\/\/www.ofg.uni-osnabrueck.de\/wp-content\/uploads\/2024\/10\/4_DSC4680-1536x1024.jpg 1536w, https:\/\/www.ofg.uni-osnabrueck.de\/wp-content\/uploads\/2024\/10\/4_DSC4680-2048x1366.jpg 2048w\" sizes=\"auto, (max-width: 1024px) 100vw, 1024px\" \/><\/figure>\n\n\n\n<figure class=\"wp-block-image size-large\"><img loading=\"lazy\" decoding=\"async\" width=\"1024\" height=\"683\" data-id=\"15049\" src=\"https:\/\/www.ofg.uni-osnabrueck.de\/wp-content\/uploads\/2024\/10\/DSC4764-1024x683.jpg\" alt=\"\" class=\"wp-image-15049\" srcset=\"https:\/\/www.ofg.uni-osnabrueck.de\/wp-content\/uploads\/2024\/10\/DSC4764-1024x683.jpg 1024w, https:\/\/www.ofg.uni-osnabrueck.de\/wp-content\/uploads\/2024\/10\/DSC4764-300x200.jpg 300w, https:\/\/www.ofg.uni-osnabrueck.de\/wp-content\/uploads\/2024\/10\/DSC4764-768x512.jpg 768w, https:\/\/www.ofg.uni-osnabrueck.de\/wp-content\/uploads\/2024\/10\/DSC4764-1536x1024.jpg 1536w, https:\/\/www.ofg.uni-osnabrueck.de\/wp-content\/uploads\/2024\/10\/DSC4764-2048x1366.jpg 2048w\" sizes=\"auto, (max-width: 1024px) 100vw, 1024px\" \/><\/figure>\n\n\n\n<figure class=\"wp-block-image size-large\"><img loading=\"lazy\" decoding=\"async\" width=\"1024\" height=\"683\" data-id=\"15054\" src=\"https:\/\/www.ofg.uni-osnabrueck.de\/wp-content\/uploads\/2024\/10\/6_DSC4726-1024x683.jpg\" alt=\"\" class=\"wp-image-15054\" srcset=\"https:\/\/www.ofg.uni-osnabrueck.de\/wp-content\/uploads\/2024\/10\/6_DSC4726-1024x683.jpg 1024w, https:\/\/www.ofg.uni-osnabrueck.de\/wp-content\/uploads\/2024\/10\/6_DSC4726-300x200.jpg 300w, https:\/\/www.ofg.uni-osnabrueck.de\/wp-content\/uploads\/2024\/10\/6_DSC4726-768x512.jpg 768w, https:\/\/www.ofg.uni-osnabrueck.de\/wp-content\/uploads\/2024\/10\/6_DSC4726-1536x1024.jpg 1536w, https:\/\/www.ofg.uni-osnabrueck.de\/wp-content\/uploads\/2024\/10\/6_DSC4726-2048x1365.jpg 2048w\" sizes=\"auto, (max-width: 1024px) 100vw, 1024px\" \/><\/figure>\n\n\n\n<figure class=\"wp-block-image size-large\"><img loading=\"lazy\" decoding=\"async\" width=\"1024\" height=\"683\" data-id=\"15059\" src=\"https:\/\/www.ofg.uni-osnabrueck.de\/wp-content\/uploads\/2024\/10\/5_DSC4813-1024x683.jpg\" alt=\"\" class=\"wp-image-15059\" srcset=\"https:\/\/www.ofg.uni-osnabrueck.de\/wp-content\/uploads\/2024\/10\/5_DSC4813-1024x683.jpg 1024w, https:\/\/www.ofg.uni-osnabrueck.de\/wp-content\/uploads\/2024\/10\/5_DSC4813-300x200.jpg 300w, https:\/\/www.ofg.uni-osnabrueck.de\/wp-content\/uploads\/2024\/10\/5_DSC4813-768x512.jpg 768w, https:\/\/www.ofg.uni-osnabrueck.de\/wp-content\/uploads\/2024\/10\/5_DSC4813-1536x1024.jpg 1536w, https:\/\/www.ofg.uni-osnabrueck.de\/wp-content\/uploads\/2024\/10\/5_DSC4813-2048x1365.jpg 2048w\" sizes=\"auto, (max-width: 1024px) 100vw, 1024px\" \/><\/figure>\n<figcaption class=\"blocks-gallery-caption wp-element-caption\">\u00a9 Osnabr\u00fccker Friedensgespr\u00e4che | Uwe Lewandowski<\/figcaption><\/figure>\n\n\n\n<p><\/p>\n<\/div>\n\n\n\n<div class=\"wp-block-column is-layout-flow wp-block-column-is-layout-flow\">\n<h4 class=\"wp-block-heading\"><strong><strong>Video recordings<\/strong><\/strong><\/h4>\n\n\n<figure class=\"wp-block-embed-youtube wp-block-embed is-type-video is-provider-youtube wp-embed-aspect-16-9 wp-has-aspect-ratio\"><div class=\"lyte-wrapper\" title=\"Bildungsgerechtigkeit\" style=\"width:853px;max-width:100%;margin:5px auto;\"><div class=\"lyMe hidef\" id=\"WYL_kBusdmeQRy0\" itemprop=\"video\" itemscope itemtype=\"https:\/\/schema.org\/VideoObject\"><div><meta itemprop=\"thumbnailUrl\" content=\"https:\/\/www.ofg.uni-osnabrueck.de\/wp-content\/plugins\/wp-youtube-lyte\/lyteCache.php?origThumbUrl=https%3A%2F%2Fi.ytimg.com%2Fvi%2FkBusdmeQRy0%2Fmaxresdefault.jpg\" \/><meta itemprop=\"embedURL\" content=\"https:\/\/www.youtube.com\/embed\/kBusdmeQRy0\" \/><meta itemprop=\"duration\" content=\"PT1H39M53S\" \/><meta itemprop=\"uploadDate\" content=\"2024-05-31T06:26:29Z\" \/><\/div><div id=\"lyte_kBusdmeQRy0\" data-src=\"https:\/\/www.ofg.uni-osnabrueck.de\/wp-content\/plugins\/wp-youtube-lyte\/lyteCache.php?origThumbUrl=https%3A%2F%2Fi.ytimg.com%2Fvi%2FkBusdmeQRy0%2Fmaxresdefault.jpg\" class=\"pL\"><div class=\"tC\"><div class=\"tT\" itemprop=\"name\">Bildungsgerechtigkeit<\/div><\/div><div class=\"play\"><\/div><div class=\"ctrl\"><div class=\"Lctrl\"><\/div><div class=\"Rctrl\"><\/div><\/div><\/div><noscript><a href=\"https:\/\/youtu.be\/kBusdmeQRy0\" rel=\"nofollow\"><img loading=\"lazy\" decoding=\"async\" src=\"https:\/\/www.ofg.uni-osnabrueck.de\/wp-content\/plugins\/wp-youtube-lyte\/lyteCache.php?origThumbUrl=https%3A%2F%2Fi.ytimg.com%2Fvi%2FkBusdmeQRy0%2F0.jpg\" alt=\"Bildungsgerechtigkeit\" width=\"853\" height=\"460\" \/><br \/>Watch this video on YouTube<\/a><\/noscript><meta itemprop=\"description\" content=\"Podiumsdiskussion zwischen Prof. Dr. Dr. Hans-Peter Blossfeld, Soziologe, Emeritus of Excellence am Graduate Centre Trimberg Research Academy und ehem. Leiter des Staatsinstituts f\u00fcr Familienforschung (ifb) an der Universit\u00e4t Bamberg, Prof. Dr. Aladin El-Mafaalani, Soziologe und Professor f\u00fcr Migrations- und Bildungssoziologie an der TU Dortmund, sowie Dr. Katharina Wehking, Vertretungsprofessur der Abteilung Berufs- und Wirtschaftsp\u00e4dagogik, Universit\u00e4t Osnabr\u00fcck Dienstag, 14. Mai 2024, Aula der Universit\u00e4t, 18 Uhr, Neuer Graben 29\/Schloss Mehr unter https:\/\/www.ofg.uni-osnabrueck.de\/bildungsgerechtigkeit\/\"><\/div><\/div><div class=\"lL\" style=\"max-width:100%;width:853px;margin:5px auto;\"><br\/><span class=\"lyte_disclaimer\">Bitte beachten Sie unsere Datenschutzerkl\u00e4rung. Wenn Sie das Video abspielen, werden Daten an YouTube gesendet.<\/span><\/div><figcaption><\/figcaption><\/figure><\/div>\n<\/div>\n\n\n\n<p><\/p>\n","protected":false},"excerpt":{"rendered":"<p>Panel discussion with Prof. Dr. Dr. Hans-Peter Blossfeld, Prof. Dr. Aladin El-Mafaalani and Dr. Katharina Wehking <\/p>\n","protected":false},"author":5,"featured_media":13785,"comment_status":"closed","ping_status":"closed","sticky":false,"template":"","format":"standard","meta":{"footnotes":""},"categories":[110,44,88],"tags":[],"class_list":["post-13471","post","type-post","status-publish","format-standard","has-post-thumbnail","hentry","category-homepage","category-nicht-kategorisiert-en","category-talks-and-debate","generate-columns","tablet-grid-50","mobile-grid-100","grid-parent","grid-50"],"wps_subtitle":"","_links":{"self":[{"href":"https:\/\/www.ofg.uni-osnabrueck.de\/en\/wp-json\/wp\/v2\/posts\/13471","targetHints":{"allow":["GET"]}}],"collection":[{"href":"https:\/\/www.ofg.uni-osnabrueck.de\/en\/wp-json\/wp\/v2\/posts"}],"about":[{"href":"https:\/\/www.ofg.uni-osnabrueck.de\/en\/wp-json\/wp\/v2\/types\/post"}],"author":[{"embeddable":true,"href":"https:\/\/www.ofg.uni-osnabrueck.de\/en\/wp-json\/wp\/v2\/users\/5"}],"replies":[{"embeddable":true,"href":"https:\/\/www.ofg.uni-osnabrueck.de\/en\/wp-json\/wp\/v2\/comments?post=13471"}],"version-history":[{"count":2,"href":"https:\/\/www.ofg.uni-osnabrueck.de\/en\/wp-json\/wp\/v2\/posts\/13471\/revisions"}],"predecessor-version":[{"id":15067,"href":"https:\/\/www.ofg.uni-osnabrueck.de\/en\/wp-json\/wp\/v2\/posts\/13471\/revisions\/15067"}],"wp:featuredmedia":[{"embeddable":true,"href":"https:\/\/www.ofg.uni-osnabrueck.de\/en\/wp-json\/wp\/v2\/media\/13785"}],"wp:attachment":[{"href":"https:\/\/www.ofg.uni-osnabrueck.de\/en\/wp-json\/wp\/v2\/media?parent=13471"}],"wp:term":[{"taxonomy":"category","embeddable":true,"href":"https:\/\/www.ofg.uni-osnabrueck.de\/en\/wp-json\/wp\/v2\/categories?post=13471"},{"taxonomy":"post_tag","embeddable":true,"href":"https:\/\/www.ofg.uni-osnabrueck.de\/en\/wp-json\/wp\/v2\/tags?post=13471"}],"curies":[{"name":"wp","href":"https:\/\/api.w.org\/{rel}","templated":true}]}}