{"id":13286,"date":"2022-10-27T10:15:00","date_gmt":"2022-10-27T08:15:00","guid":{"rendered":"https:\/\/www.ofg.uni-osnabrueck.de\/?p=13286"},"modified":"2024-03-08T10:20:58","modified_gmt":"2024-03-08T09:20:58","slug":"antisemitismus-lasst-er-sich-verhindern-anti-semitism-can-it-be-prevented","status":"publish","type":"post","link":"https:\/\/www.ofg.uni-osnabrueck.de\/en\/antisemitismus-lasst-er-sich-verhindern-anti-semitism-can-it-be-prevented\/","title":{"rendered":"Antisemitismus \u2013 l\u00e4sst er sich verhindern? (Anti-Semitism &#8211; can it be prevented?)"},"content":{"rendered":"\n<hr class=\"wp-block-separator has-css-opacity\"\/>\n\n\n\n<h3 class=\"wp-block-heading\"><strong>Panel discussion with<\/strong><br><\/h3>\n\n\n\n<div class=\"wp-block-columns is-layout-flex wp-container-core-columns-is-layout-9d6595d7 wp-block-columns-is-layout-flex\">\n<div class=\"wp-block-column is-layout-flow wp-block-column-is-layout-flow\" style=\"flex-basis:100%\"><\/div>\n\n\n\n<div class=\"wp-block-column is-layout-flow wp-block-column-is-layout-flow\" style=\"flex-basis:0%\"><\/div>\n<\/div>\n\n\n\n<div class=\"wp-block-columns is-layout-flex wp-container-core-columns-is-layout-9d6595d7 wp-block-columns-is-layout-flex\">\n<div class=\"wp-block-column is-layout-flow wp-block-column-is-layout-flow\" style=\"flex-basis:100%\">\n<div class=\"wp-block-columns is-layout-flex wp-container-core-columns-is-layout-9d6595d7 wp-block-columns-is-layout-flex\">\n<div class=\"wp-block-column is-layout-flow wp-block-column-is-layout-flow\" style=\"flex-basis:15%\">\n<figure class=\"wp-block-image size-thumbnail is-resized\"><img loading=\"lazy\" decoding=\"async\" width=\"150\" height=\"150\" src=\"https:\/\/www.ofg.uni-osnabrueck.de\/wp-content\/uploads\/2022\/06\/Julia-Bernstein_-Foto-privat-150x150.jpg\" alt=\"\" class=\"wp-image-7274\" style=\"width:150px;height:150px\"\/><figcaption class=\"wp-element-caption\">\u00a9 privat<\/figcaption><\/figure>\n<\/div>\n\n\n\n<div class=\"wp-block-column is-layout-flow wp-block-column-is-layout-flow\" style=\"flex-basis:85%\">\n<h3 class=\"wp-block-heading\"><strong><strong>Prof. Dr. Julia Bernstein<\/strong><\/strong><\/h3>\n\n\n\n<p>Soziologin, Frankfurt University of Applied Sciences<\/p>\n<\/div>\n<\/div>\n<\/div>\n\n\n\n<div class=\"wp-block-column is-layout-flow wp-block-column-is-layout-flow\" style=\"flex-basis:0%\"><\/div>\n<\/div>\n\n\n\n<div class=\"wp-block-columns is-layout-flex wp-container-core-columns-is-layout-9d6595d7 wp-block-columns-is-layout-flex\">\n<div class=\"wp-block-column is-layout-flow wp-block-column-is-layout-flow\" style=\"flex-basis:100%\">\n<div class=\"wp-block-columns is-layout-flex wp-container-core-columns-is-layout-9d6595d7 wp-block-columns-is-layout-flex\">\n<div class=\"wp-block-column is-layout-flow wp-block-column-is-layout-flow\" style=\"flex-basis:15%\">\n<figure class=\"wp-block-image size-thumbnail is-resized\"><img loading=\"lazy\" decoding=\"async\" width=\"150\" height=\"150\" src=\"https:\/\/www.ofg.uni-osnabrueck.de\/wp-content\/uploads\/2022\/08\/Enste_Foto-Franz-Bischof-150x150.jpg\" alt=\"\" class=\"wp-image-7342\" style=\"width:150px;height:150px\"\/><figcaption class=\"wp-element-caption\">\u00a9 Franz Bischof<\/figcaption><\/figure>\n<\/div>\n\n\n\n<div class=\"wp-block-column is-layout-flow wp-block-column-is-layout-flow\" style=\"flex-basis:85%\">\n<h3 class=\"wp-block-heading\"><strong>Dr. <strong>Franz Rainer Enste<\/strong><\/strong><\/h3>\n\n\n\n<p>Lower Saxony State Commissioner against Anti-Semitism and for the Protection of Jewish Life<\/p>\n<\/div>\n<\/div>\n<\/div>\n\n\n\n<div class=\"wp-block-column is-layout-flow wp-block-column-is-layout-flow\" style=\"flex-basis:0%\"><\/div>\n<\/div>\n\n\n\n<div class=\"wp-block-columns is-layout-flex wp-container-core-columns-is-layout-9d6595d7 wp-block-columns-is-layout-flex\">\n<div class=\"wp-block-column is-layout-flow wp-block-column-is-layout-flow\" style=\"flex-basis:100%\">\n<div class=\"wp-block-columns is-layout-flex wp-container-core-columns-is-layout-9d6595d7 wp-block-columns-is-layout-flex\">\n<div class=\"wp-block-column is-layout-flow wp-block-column-is-layout-flow\" style=\"flex-basis:15%\">\n<figure class=\"wp-block-image size-thumbnail is-resized\"><img loading=\"lazy\" decoding=\"async\" width=\"150\" height=\"150\" src=\"https:\/\/www.ofg.uni-osnabrueck.de\/wp-content\/uploads\/2022\/10\/Bild_Viktoria-Ladyshenski_Foto-privat-150x150.jpg\" alt=\"\" class=\"wp-image-7597\" style=\"width:150px;height:150px\"\/><figcaption class=\"wp-element-caption\">\u00a9 privat<\/figcaption><\/figure>\n<\/div>\n\n\n\n<div class=\"wp-block-column is-layout-flow wp-block-column-is-layout-flow\" style=\"flex-basis:85%\">\n<h3 class=\"wp-block-heading\"><strong>Viktoria Ladyshenski<\/strong><\/h3>\n\n\n\n<p>Managing Director of the Jewish Community in Kiel and the region in the regional association \u201cJewish Communities in Schleswig-Holstein\u201d<\/p>\n<\/div>\n<\/div>\n<\/div>\n\n\n\n<div class=\"wp-block-column is-layout-flow wp-block-column-is-layout-flow\" style=\"flex-basis:0%\"><\/div>\n<\/div>\n\n\n\n<p><strong>Moderation<\/strong><br>Prof. Dr. Reinhold Mokrosch, Osnabr\u00fcck University<\/p>\n\n\n\n<hr class=\"wp-block-separator has-css-opacity\"\/>\n\n\n\n<p>Anti-Semitism has become acceptable again in Germany, even commonplace. It is no longer just the internet hate comments of a few rabble-rousers who &#8220;rant&#8221; about biological pests, demonic perpetrators of the pandemic and the climate crisis. As various studies in recent years have shown, anti-Semitic ideas are spreading in Germany and anti-Semitic conspiracy myths and Holocaust relativizations are on the rise in the wake of the coronavirus pandemic. According to a recent survey by the World Jewish Congress, one in five adult Germans hold anti-Semitic views, the proportion is even higher among young people and knowledge about the Holocaust is increasingly declining.<\/p>\n\n\n\n<p>How can this alarming development be counteracted? Do we need stricter laws and more consistent prosecution of criminal offenses? Or can anti-Semitism be countered with enlightenment, politics, education and the development of the beauty of Judaism? Prof. Dr. Julia Bernstein, Dr. Franz Rainer Enste and Viktoria Ladyshenski reflected on these questions.<\/p>\n\n\n\n<hr class=\"wp-block-separator has-css-opacity\"\/>\n\n\n\n<p><strong>Oktober 27, 2022, 19.15 pm, <strong>University Auditorium<\/strong>, Neuer Graben 29\/Schloss<\/strong><\/p>\n\n\n\n<div class=\"wp-block-columns is-layout-flex wp-container-core-columns-is-layout-9d6595d7 wp-block-columns-is-layout-flex\">\n<div class=\"wp-block-column is-layout-flow wp-block-column-is-layout-flow\">\n<p><strong>Bildergalerie<\/strong><\/p>\n\n\n\n<figure class=\"wp-block-gallery has-nested-images columns-0 is-cropped wp-block-gallery-1 is-layout-flex wp-block-gallery-is-layout-flex\">\n<figure class=\"wp-block-image size-large\"><a href=\"https:\/\/www.ofg.uni-osnabrueck.de\/wp-content\/uploads\/2022\/10\/DSC3713-1024x683.jpg\"><img loading=\"lazy\" decoding=\"async\" width=\"1024\" height=\"683\" data-id=\"7622\" src=\"https:\/\/www.ofg.uni-osnabrueck.de\/wp-content\/uploads\/2022\/10\/DSC3713-1024x683.jpg\" alt=\"\" class=\"wp-image-7622\" srcset=\"https:\/\/www.ofg.uni-osnabrueck.de\/wp-content\/uploads\/2022\/10\/DSC3713-1024x683.jpg 1024w, https:\/\/www.ofg.uni-osnabrueck.de\/wp-content\/uploads\/2022\/10\/DSC3713-300x200.jpg 300w, https:\/\/www.ofg.uni-osnabrueck.de\/wp-content\/uploads\/2022\/10\/DSC3713-768x513.jpg 768w, https:\/\/www.ofg.uni-osnabrueck.de\/wp-content\/uploads\/2022\/10\/DSC3713-1536x1025.jpg 1536w, https:\/\/www.ofg.uni-osnabrueck.de\/wp-content\/uploads\/2022\/10\/DSC3713-2048x1367.jpg 2048w\" sizes=\"auto, (max-width: 1024px) 100vw, 1024px\" \/><\/a><figcaption class=\"wp-element-caption\">Prof. Dr. Martina Blasberg-Kuhnke speaks the greeting, \u00a9 Osnabr\u00fccker Friedensgespr\u00e4che | Uwe Lewandowski<\/figcaption><\/figure>\n\n\n\n<figure class=\"wp-block-image size-large\"><a href=\"https:\/\/www.ofg.uni-osnabrueck.de\/wp-content\/uploads\/2022\/10\/DSC3758-1024x683.jpg\"><img loading=\"lazy\" decoding=\"async\" width=\"1024\" height=\"683\" data-id=\"7642\" src=\"https:\/\/www.ofg.uni-osnabrueck.de\/wp-content\/uploads\/2022\/10\/DSC3758-1024x683.jpg\" alt=\"\" class=\"wp-image-7642\" srcset=\"https:\/\/www.ofg.uni-osnabrueck.de\/wp-content\/uploads\/2022\/10\/DSC3758-1024x683.jpg 1024w, https:\/\/www.ofg.uni-osnabrueck.de\/wp-content\/uploads\/2022\/10\/DSC3758-300x200.jpg 300w, https:\/\/www.ofg.uni-osnabrueck.de\/wp-content\/uploads\/2022\/10\/DSC3758-768x513.jpg 768w, https:\/\/www.ofg.uni-osnabrueck.de\/wp-content\/uploads\/2022\/10\/DSC3758-1536x1025.jpg 1536w, https:\/\/www.ofg.uni-osnabrueck.de\/wp-content\/uploads\/2022\/10\/DSC3758-2048x1367.jpg 2048w\" sizes=\"auto, (max-width: 1024px) 100vw, 1024px\" \/><\/a><figcaption class=\"wp-element-caption\">Prof. Dr. Julia Bernstein, \u00a9 Osnabr\u00fccker Friedensgespr\u00e4che | Uwe Lewandowski<\/figcaption><\/figure>\n\n\n\n<figure class=\"wp-block-image size-large\"><a href=\"https:\/\/www.ofg.uni-osnabrueck.de\/wp-content\/uploads\/2022\/10\/DSC3754-1024x683.jpg\"><img loading=\"lazy\" decoding=\"async\" width=\"1024\" height=\"683\" data-id=\"7647\" src=\"https:\/\/www.ofg.uni-osnabrueck.de\/wp-content\/uploads\/2022\/10\/DSC3754-1024x683.jpg\" alt=\"\" class=\"wp-image-7647\" srcset=\"https:\/\/www.ofg.uni-osnabrueck.de\/wp-content\/uploads\/2022\/10\/DSC3754-1024x683.jpg 1024w, https:\/\/www.ofg.uni-osnabrueck.de\/wp-content\/uploads\/2022\/10\/DSC3754-300x200.jpg 300w, https:\/\/www.ofg.uni-osnabrueck.de\/wp-content\/uploads\/2022\/10\/DSC3754-768x513.jpg 768w, https:\/\/www.ofg.uni-osnabrueck.de\/wp-content\/uploads\/2022\/10\/DSC3754-1536x1025.jpg 1536w, https:\/\/www.ofg.uni-osnabrueck.de\/wp-content\/uploads\/2022\/10\/DSC3754-2048x1367.jpg 2048w\" sizes=\"auto, (max-width: 1024px) 100vw, 1024px\" \/><\/a><figcaption class=\"wp-element-caption\">Dr. Franz Rainer Enste, \u00a9 Osnabr\u00fccker Friedensgespr\u00e4che | Uwe Lewandowski<\/figcaption><\/figure>\n\n\n\n<figure class=\"wp-block-image size-large\"><a href=\"https:\/\/www.ofg.uni-osnabrueck.de\/wp-content\/uploads\/2022\/10\/DSC3764-1024x683.jpg\"><img loading=\"lazy\" decoding=\"async\" width=\"1024\" height=\"683\" data-id=\"7638\" src=\"https:\/\/www.ofg.uni-osnabrueck.de\/wp-content\/uploads\/2022\/10\/DSC3764-1024x683.jpg\" alt=\"\" class=\"wp-image-7638\" srcset=\"https:\/\/www.ofg.uni-osnabrueck.de\/wp-content\/uploads\/2022\/10\/DSC3764-1024x683.jpg 1024w, https:\/\/www.ofg.uni-osnabrueck.de\/wp-content\/uploads\/2022\/10\/DSC3764-300x200.jpg 300w, https:\/\/www.ofg.uni-osnabrueck.de\/wp-content\/uploads\/2022\/10\/DSC3764-768x513.jpg 768w, https:\/\/www.ofg.uni-osnabrueck.de\/wp-content\/uploads\/2022\/10\/DSC3764-1536x1025.jpg 1536w, https:\/\/www.ofg.uni-osnabrueck.de\/wp-content\/uploads\/2022\/10\/DSC3764-2048x1367.jpg 2048w\" sizes=\"auto, (max-width: 1024px) 100vw, 1024px\" \/><\/a><figcaption class=\"wp-element-caption\">Viktoria Ladyshenski, \u00a9 Osnabr\u00fccker Friedensgespr\u00e4che | Uwe Lewandowski<\/figcaption><\/figure>\n\n\n\n<figure class=\"wp-block-image size-large\"><a href=\"https:\/\/www.ofg.uni-osnabrueck.de\/wp-content\/uploads\/2022\/10\/DSC3834-1024x683.jpg\"><img loading=\"lazy\" decoding=\"async\" width=\"1024\" height=\"683\" data-id=\"7634\" src=\"https:\/\/www.ofg.uni-osnabrueck.de\/wp-content\/uploads\/2022\/10\/DSC3834-1024x683.jpg\" alt=\"\" class=\"wp-image-7634\" srcset=\"https:\/\/www.ofg.uni-osnabrueck.de\/wp-content\/uploads\/2022\/10\/DSC3834-1024x683.jpg 1024w, https:\/\/www.ofg.uni-osnabrueck.de\/wp-content\/uploads\/2022\/10\/DSC3834-300x200.jpg 300w, https:\/\/www.ofg.uni-osnabrueck.de\/wp-content\/uploads\/2022\/10\/DSC3834-768x513.jpg 768w, https:\/\/www.ofg.uni-osnabrueck.de\/wp-content\/uploads\/2022\/10\/DSC3834-1536x1025.jpg 1536w, https:\/\/www.ofg.uni-osnabrueck.de\/wp-content\/uploads\/2022\/10\/DSC3834-2048x1367.jpg 2048w\" sizes=\"auto, (max-width: 1024px) 100vw, 1024px\" \/><\/a><figcaption class=\"wp-element-caption\">Prof. Dr. Reinhold Mokrosch, \u00a9 Osnabr\u00fccker Friedensgespr\u00e4che | Uwe Lewandowski<\/figcaption><\/figure>\n\n\n\n<figure class=\"wp-block-image size-large\"><a href=\"https:\/\/www.ofg.uni-osnabrueck.de\/wp-content\/uploads\/2022\/10\/DSC3856-1024x683.jpg\"><img loading=\"lazy\" decoding=\"async\" width=\"1024\" height=\"683\" data-id=\"7651\" src=\"https:\/\/www.ofg.uni-osnabrueck.de\/wp-content\/uploads\/2022\/10\/DSC3856-1024x683.jpg\" alt=\"\" class=\"wp-image-7651\" srcset=\"https:\/\/www.ofg.uni-osnabrueck.de\/wp-content\/uploads\/2022\/10\/DSC3856-1024x683.jpg 1024w, https:\/\/www.ofg.uni-osnabrueck.de\/wp-content\/uploads\/2022\/10\/DSC3856-300x200.jpg 300w, https:\/\/www.ofg.uni-osnabrueck.de\/wp-content\/uploads\/2022\/10\/DSC3856-768x513.jpg 768w, https:\/\/www.ofg.uni-osnabrueck.de\/wp-content\/uploads\/2022\/10\/DSC3856-1536x1025.jpg 1536w, https:\/\/www.ofg.uni-osnabrueck.de\/wp-content\/uploads\/2022\/10\/DSC3856-2048x1367.jpg 2048w\" sizes=\"auto, (max-width: 1024px) 100vw, 1024px\" \/><\/a><figcaption class=\"wp-element-caption\">\u00a9 Osnabr\u00fccker Friedensgespr\u00e4che | Uwe Lewandowski<\/figcaption><\/figure>\n\n\n\n<figure class=\"wp-block-image size-large\"><a href=\"https:\/\/www.ofg.uni-osnabrueck.de\/wp-content\/uploads\/2022\/10\/DSC3696-1024x591.jpg\"><img loading=\"lazy\" decoding=\"async\" width=\"1024\" height=\"591\" data-id=\"7616\" src=\"https:\/\/www.ofg.uni-osnabrueck.de\/wp-content\/uploads\/2022\/10\/DSC3696-1024x591.jpg\" alt=\"\" class=\"wp-image-7616\" srcset=\"https:\/\/www.ofg.uni-osnabrueck.de\/wp-content\/uploads\/2022\/10\/DSC3696-1024x591.jpg 1024w, https:\/\/www.ofg.uni-osnabrueck.de\/wp-content\/uploads\/2022\/10\/DSC3696-300x173.jpg 300w, https:\/\/www.ofg.uni-osnabrueck.de\/wp-content\/uploads\/2022\/10\/DSC3696-768x443.jpg 768w, https:\/\/www.ofg.uni-osnabrueck.de\/wp-content\/uploads\/2022\/10\/DSC3696-1536x886.jpg 1536w, https:\/\/www.ofg.uni-osnabrueck.de\/wp-content\/uploads\/2022\/10\/DSC3696-2048x1181.jpg 2048w\" sizes=\"auto, (max-width: 1024px) 100vw, 1024px\" \/><\/a><figcaption class=\"wp-element-caption\">v. l.: Viktoria Ladyshenski, Dr. Franz Rainer Enste, Prof. Dr. Martina Blasberg-Kuhnke, Prof. Dr. Julia Bernstein, Dr. Janina Majerczyk, Prof. Dr. Reinhold Mokrosch, \u00a9 Osnabr\u00fccker Friedensgespr\u00e4che | Uwe Lewandowski<\/figcaption><\/figure>\n<figcaption class=\"blocks-gallery-caption wp-element-caption\">\u00a9 Osnabr\u00fccker Friedensgespr\u00e4che | Uwe Lewandowski<\/figcaption><\/figure>\n<\/div>\n\n\n\n<div class=\"wp-block-column is-layout-flow wp-block-column-is-layout-flow\">\n<h4 class=\"wp-block-heading\"><strong>Video<\/strong><\/h4>\n\n\n\n<div class=\"lyte-wrapper\" title=\"Antisemitismus &ndash; l&auml;sst er sich verhindern?\" style=\"width:853px;max-width:100%;margin:5px auto;\"><div class=\"lyMe hidef\" id=\"WYL_7wwAHbvH9Lk\" itemprop=\"video\" itemscope itemtype=\"https:\/\/schema.org\/VideoObject\"><div><meta itemprop=\"thumbnailUrl\" content=\"https:\/\/www.ofg.uni-osnabrueck.de\/wp-content\/plugins\/wp-youtube-lyte\/lyteCache.php?origThumbUrl=https%3A%2F%2Fi.ytimg.com%2Fvi%2F7wwAHbvH9Lk%2Fmaxresdefault.jpg\" \/><meta itemprop=\"embedURL\" content=\"https:\/\/www.youtube.com\/embed\/7wwAHbvH9Lk\" \/><meta itemprop=\"duration\" content=\"PT1H43M20S\" \/><meta itemprop=\"uploadDate\" content=\"2022-11-03T10:31:54Z\" \/><\/div><div id=\"lyte_7wwAHbvH9Lk\" data-src=\"https:\/\/www.ofg.uni-osnabrueck.de\/wp-content\/plugins\/wp-youtube-lyte\/lyteCache.php?origThumbUrl=https%3A%2F%2Fi.ytimg.com%2Fvi%2F7wwAHbvH9Lk%2Fmaxresdefault.jpg\" class=\"pL\"><div class=\"tC\"><div class=\"tT\" itemprop=\"name\">Antisemitismus \u2013 l\u00e4sst er sich verhindern?<\/div><\/div><div class=\"play\"><\/div><div class=\"ctrl\"><div class=\"Lctrl\"><\/div><div class=\"Rctrl\"><\/div><\/div><\/div><noscript><a href=\"https:\/\/youtu.be\/7wwAHbvH9Lk\" rel=\"nofollow\"><img loading=\"lazy\" decoding=\"async\" src=\"https:\/\/www.ofg.uni-osnabrueck.de\/wp-content\/plugins\/wp-youtube-lyte\/lyteCache.php?origThumbUrl=https%3A%2F%2Fi.ytimg.com%2Fvi%2F7wwAHbvH9Lk%2F0.jpg\" alt=\"Antisemitismus &ndash; l&auml;sst er sich verhindern?\" width=\"853\" height=\"460\" \/><br \/>Watch this video on YouTube<\/a><\/noscript><meta itemprop=\"description\" content=\"Antisemitismus \u2013 l\u00e4sst er sich verhindern? Podiumsdiskussion mit Prof. Dr. Julia Bernstein (Soziologin, Frankfurt University of Applied Sciences), Dr. Franz Rainer Enste (Nieders\u00e4chsischer Landesbeauftragter gegen Antisemitismus und f\u00fcr den Schutz j\u00fcdischen Lebens), Viktoria Ladyshenski (Gesch\u00e4ftsf\u00fchrerin der J\u00fcdischen Gemeinde in Kiel und Region im Landesverband \u201eJ\u00fcdische Gemeinden in Schleswig-Holstein\u201c) Gespr\u00e4chsleitung: Prof. Dr. Reinhold Mokrosch (Universit\u00e4t Osnabr\u00fcck) Donnerstag, 27. Oktober, 19.15 Uhr, Aula der Universit\u00e4t, Neuer Graben 29 \/ Schloss Mehr unter: https:\/\/www.ofg.uni-osnabrueck.de\/antisemitismus-laesst-er-sich-verhindern\/\"><\/div><\/div><div class=\"lL\" style=\"max-width:100%;width:853px;margin:5px auto;\"><br\/><span class=\"lyte_disclaimer\">Bitte beachten Sie unsere Datenschutzerkl\u00e4rung. Wenn Sie das Video abspielen, werden Daten an YouTube gesendet.<\/span><\/div>\n<\/div>\n<\/div>\n","protected":false},"excerpt":{"rendered":"<p>Panel discussion with Prof. Dr. Julia Bernstein Soziologin, Frankfurt University of Applied Sciences Dr. Franz Rainer Enste Lower Saxony State Commissioner against Anti-Semitism and for the Protection of Jewish Life Viktoria Ladyshenski Managing Director of the Jewish Community in Kiel and the region in the regional association \u201cJewish Communities in Schleswig-Holstein\u201d ModerationProf. Dr. Reinhold Mokrosch, &#8230; <a title=\"Antisemitismus \u2013 l\u00e4sst er sich verhindern? (Anti-Semitism &#8211; can it be prevented?)\" class=\"read-more\" href=\"https:\/\/www.ofg.uni-osnabrueck.de\/en\/antisemitismus-lasst-er-sich-verhindern-anti-semitism-can-it-be-prevented\/\" aria-label=\"Read more about Antisemitismus \u2013 l\u00e4sst er sich verhindern? (Anti-Semitism &#8211; can it be prevented?)\">Read more<\/a><\/p>\n","protected":false},"author":2,"featured_media":7619,"comment_status":"closed","ping_status":"closed","sticky":false,"template":"","format":"standard","meta":{"footnotes":""},"categories":[110,44,88],"tags":[],"class_list":["post-13286","post","type-post","status-publish","format-standard","has-post-thumbnail","hentry","category-homepage","category-nicht-kategorisiert-en","category-talks-and-debate","generate-columns","tablet-grid-50","mobile-grid-100","grid-parent","grid-50"],"wps_subtitle":"","_links":{"self":[{"href":"https:\/\/www.ofg.uni-osnabrueck.de\/en\/wp-json\/wp\/v2\/posts\/13286","targetHints":{"allow":["GET"]}}],"collection":[{"href":"https:\/\/www.ofg.uni-osnabrueck.de\/en\/wp-json\/wp\/v2\/posts"}],"about":[{"href":"https:\/\/www.ofg.uni-osnabrueck.de\/en\/wp-json\/wp\/v2\/types\/post"}],"author":[{"embeddable":true,"href":"https:\/\/www.ofg.uni-osnabrueck.de\/en\/wp-json\/wp\/v2\/users\/2"}],"replies":[{"embeddable":true,"href":"https:\/\/www.ofg.uni-osnabrueck.de\/en\/wp-json\/wp\/v2\/comments?post=13286"}],"version-history":[{"count":1,"href":"https:\/\/www.ofg.uni-osnabrueck.de\/en\/wp-json\/wp\/v2\/posts\/13286\/revisions"}],"predecessor-version":[{"id":13288,"href":"https:\/\/www.ofg.uni-osnabrueck.de\/en\/wp-json\/wp\/v2\/posts\/13286\/revisions\/13288"}],"wp:featuredmedia":[{"embeddable":true,"href":"https:\/\/www.ofg.uni-osnabrueck.de\/en\/wp-json\/wp\/v2\/media\/7619"}],"wp:attachment":[{"href":"https:\/\/www.ofg.uni-osnabrueck.de\/en\/wp-json\/wp\/v2\/media?parent=13286"}],"wp:term":[{"taxonomy":"category","embeddable":true,"href":"https:\/\/www.ofg.uni-osnabrueck.de\/en\/wp-json\/wp\/v2\/categories?post=13286"},{"taxonomy":"post_tag","embeddable":true,"href":"https:\/\/www.ofg.uni-osnabrueck.de\/en\/wp-json\/wp\/v2\/tags?post=13286"}],"curies":[{"name":"wp","href":"https:\/\/api.w.org\/{rel}","templated":true}]}}