{"id":13149,"date":"2023-04-04T14:22:00","date_gmt":"2023-04-04T12:22:00","guid":{"rendered":"https:\/\/www.ofg.uni-osnabrueck.de\/?p=13149"},"modified":"2024-03-08T08:18:36","modified_gmt":"2024-03-08T07:18:36","slug":"erderwarmung-als-konfliktursache-global-warming-as-a-cause-of-conflict","status":"publish","type":"post","link":"https:\/\/www.ofg.uni-osnabrueck.de\/en\/erderwarmung-als-konfliktursache-global-warming-as-a-cause-of-conflict\/","title":{"rendered":"Erderw\u00e4rmung als Konfliktursache (Global warming as a cause of conflict)"},"content":{"rendered":"\n<div class=\"wp-block-columns is-layout-flex wp-container-core-columns-is-layout-9d6595d7 wp-block-columns-is-layout-flex\">\n<div class=\"wp-block-column is-layout-flow wp-block-column-is-layout-flow\" style=\"flex-basis:100%\">\n<p><strong>Panel discussion with<\/strong><\/p>\n\n\n\n<div class=\"wp-block-columns is-layout-flex wp-container-core-columns-is-layout-9d6595d7 wp-block-columns-is-layout-flex\">\n<div class=\"wp-block-column is-layout-flow wp-block-column-is-layout-flow\" style=\"flex-basis:15%\">\n<figure class=\"wp-block-image size-thumbnail is-resized\"><img loading=\"lazy\" decoding=\"async\" width=\"150\" height=\"150\" src=\"https:\/\/www.ofg.uni-osnabrueck.de\/wp-content\/uploads\/2023\/01\/michael-brzoska_Foto-IFSH-150x150.jpg\" alt=\"\" class=\"wp-image-7827\"\/><figcaption class=\"wp-element-caption\">\u00a9 IFSH<\/figcaption><\/figure>\n<\/div>\n\n\n\n<div class=\"wp-block-column is-layout-flow wp-block-column-is-layout-flow\" style=\"flex-basis:85%\">\n<h3 class=\"wp-block-heading\"><strong><strong>Prof. Dr. Michael Brzoska<\/strong><\/strong><\/h3>\n\n\n\n<p>Peace and conflict researcher at the Institute for Peace Research and Security Policy at the University of Hamburg<\/p>\n<\/div>\n<\/div>\n<\/div>\n\n\n\n<div class=\"wp-block-column is-layout-flow wp-block-column-is-layout-flow\" style=\"flex-basis:0%\"><\/div>\n<\/div>\n\n\n\n<div class=\"wp-block-columns is-layout-flex wp-container-core-columns-is-layout-9d6595d7 wp-block-columns-is-layout-flex\">\n<div class=\"wp-block-column is-layout-flow wp-block-column-is-layout-flow\" style=\"flex-basis:100%\">\n<div class=\"wp-block-columns is-layout-flex wp-container-core-columns-is-layout-9d6595d7 wp-block-columns-is-layout-flex\">\n<div class=\"wp-block-column is-layout-flow wp-block-column-is-layout-flow\" style=\"flex-basis:15%\">\n<figure class=\"wp-block-image size-thumbnail is-resized\"><img loading=\"lazy\" decoding=\"async\" width=\"150\" height=\"150\" src=\"https:\/\/www.ofg.uni-osnabrueck.de\/wp-content\/uploads\/2023\/01\/Conrad-Schetter_Foto-JRF-e.-V.-150x150.jpg\" alt=\"\" class=\"wp-image-7819\"\/><figcaption class=\"wp-element-caption\">\u00a9 JRF e. V.<\/figcaption><\/figure>\n<\/div>\n\n\n\n<div class=\"wp-block-column is-layout-flow wp-block-column-is-layout-flow\" style=\"flex-basis:85%\">\n<h3 class=\"wp-block-heading\"><strong><strong>Prof. Dr. Conrad Schetter<\/strong><\/strong><\/h3>\n\n\n\n<p>Peace and conflict researcher at the Bonn International Center for Conflict Studies<\/p>\n<\/div>\n<\/div>\n<\/div>\n\n\n\n<div class=\"wp-block-column is-layout-flow wp-block-column-is-layout-flow\" style=\"flex-basis:0%\"><\/div>\n<\/div>\n\n\n\n<div class=\"wp-block-columns is-layout-flex wp-container-core-columns-is-layout-9d6595d7 wp-block-columns-is-layout-flex\">\n<div class=\"wp-block-column is-layout-flow wp-block-column-is-layout-flow\" style=\"flex-basis:100%\">\n<div class=\"wp-block-columns is-layout-flex wp-container-core-columns-is-layout-9d6595d7 wp-block-columns-is-layout-flex\">\n<div class=\"wp-block-column is-layout-flow wp-block-column-is-layout-flow\" style=\"flex-basis:15%\">\n<figure class=\"wp-block-image size-thumbnail is-resized\"><img loading=\"lazy\" decoding=\"async\" width=\"150\" height=\"150\" src=\"https:\/\/www.ofg.uni-osnabrueck.de\/wp-content\/uploads\/2023\/01\/Vinke_Kira_Foto-DGAP-Zsofia-Poeloeske-150x150.jpg\" alt=\"\" class=\"wp-image-7842\"\/><figcaption class=\"wp-element-caption\">\u00a9 DGAP\/Zsofia P\u00f6l\u00f6ske<\/figcaption><\/figure>\n<\/div>\n\n\n\n<div class=\"wp-block-column is-layout-flow wp-block-column-is-layout-flow\" style=\"flex-basis:85%\">\n<h3 class=\"wp-block-heading\"><strong><strong>Dr. Kira Vinke<\/strong><\/strong><\/h3>\n\n\n\n<p>Head of the Center for Climate and Foreign Policy at the German Society for Foreign Policy<\/p>\n<\/div>\n<\/div>\n<\/div>\n\n\n\n<div class=\"wp-block-column is-layout-flow wp-block-column-is-layout-flow\" style=\"flex-basis:0%\"><\/div>\n<\/div>\n\n\n\n<hr class=\"wp-block-separator has-css-opacity\"\/>\n\n\n\n<p><strong>Moderation<\/strong><br>Prof. Dr. Andrea Lenschow, Osnabr\u00fcck University<\/p>\n\n\n\n<hr class=\"wp-block-separator has-css-opacity\"\/>\n\n\n\n<p>Climate change and the associated global warming are one of the greatest challenges facing humanity in the 21st century. Not only does it have serious consequences for our ecosystems, but it is also increasingly perceived as a threat to security and stability. In particular, the 2020 Peace Report by the German peace research institutes drew attention to the complex and difficult-to-assess consequences for peaceful coexistence. Various studies point out that the climate crisis will increase inequalities and dependency structures and multiply existing social tensions. Conflicts between the global North and South, between social classes and between generations are already evident today. Increasing weather extremes, natural disasters and dwindling resources are increasing poverty and hunger and are linked to flight and displacement.<\/p>\n\n\n\n<p>Does climate change actually lead to more violence and war? What is the state of research in this context? Can multilateral global cooperation succeed and what role does the European Union play in this? Will climate change increasingly shape the security policy of states or will it fade into the background in view of Russia&#8217;s war of aggression, which is massively changing our security architecture?<\/p>\n\n\n\n<p>During the peace talk, the guests discussed the complex interrelationships, the risks of climate change for peace and security, possible solutions and peace policy prevention strategies.<\/p>\n\n\n\n<p>During the peace talk, the guests discussed the complex interrelationships, the risks of climate change for peace and security, possible solutions and peace policy prevention strategies.<\/p>\n\n\n\n<hr class=\"wp-block-separator has-css-opacity\"\/>\n\n\n\n<p>April 4, 2023, University Auditorium, 6 pm, Neuer Graben 29\/Schloss<\/p>\n\n\n\n<hr class=\"wp-block-separator has-css-opacity\"\/>\n\n\n\n<div class=\"wp-block-columns is-layout-flex wp-container-core-columns-is-layout-9d6595d7 wp-block-columns-is-layout-flex\">\n<div class=\"wp-block-column is-layout-flow wp-block-column-is-layout-flow\">\n<p><strong><strong>Picture gallery<\/strong><\/strong><\/p>\n\n\n\n<figure class=\"wp-block-gallery has-nested-images columns-0 is-cropped wp-block-gallery-1 is-layout-flex wp-block-gallery-is-layout-flex\">\n<figure class=\"wp-block-image size-large\"><a href=\"https:\/\/www.ofg.uni-osnabrueck.de\/wp-content\/uploads\/2023\/04\/PHI5955-1024x691.jpg\"><img loading=\"lazy\" decoding=\"async\" width=\"1024\" height=\"691\" data-id=\"8463\" src=\"https:\/\/www.ofg.uni-osnabrueck.de\/wp-content\/uploads\/2023\/04\/PHI5955-1024x691.jpg\" alt=\"\" class=\"wp-image-8463\" srcset=\"https:\/\/www.ofg.uni-osnabrueck.de\/wp-content\/uploads\/2023\/04\/PHI5955-1024x691.jpg 1024w, https:\/\/www.ofg.uni-osnabrueck.de\/wp-content\/uploads\/2023\/04\/PHI5955-300x202.jpg 300w, https:\/\/www.ofg.uni-osnabrueck.de\/wp-content\/uploads\/2023\/04\/PHI5955-768x518.jpg 768w, https:\/\/www.ofg.uni-osnabrueck.de\/wp-content\/uploads\/2023\/04\/PHI5955-1536x1036.jpg 1536w, https:\/\/www.ofg.uni-osnabrueck.de\/wp-content\/uploads\/2023\/04\/PHI5955-2048x1381.jpg 2048w\" sizes=\"auto, (max-width: 1024px) 100vw, 1024px\" \/><\/a><figcaption class=\"wp-element-caption\">Gruppenfoto vor dem Schloss, \u00a9 Osnabr\u00fccker Friedensgespr\u00e4che | Philipp H\u00fclsmann<\/figcaption><\/figure>\n\n\n\n<figure class=\"wp-block-image size-large\"><a href=\"https:\/\/www.ofg.uni-osnabrueck.de\/wp-content\/uploads\/2023\/04\/PHI5974-682x1024.jpg\"><img loading=\"lazy\" decoding=\"async\" width=\"682\" height=\"1024\" data-id=\"8453\" src=\"https:\/\/www.ofg.uni-osnabrueck.de\/wp-content\/uploads\/2023\/04\/PHI5974-682x1024.jpg\" alt=\"\" class=\"wp-image-8453\" srcset=\"https:\/\/www.ofg.uni-osnabrueck.de\/wp-content\/uploads\/2023\/04\/PHI5974-682x1024.jpg 682w, https:\/\/www.ofg.uni-osnabrueck.de\/wp-content\/uploads\/2023\/04\/PHI5974-200x300.jpg 200w, https:\/\/www.ofg.uni-osnabrueck.de\/wp-content\/uploads\/2023\/04\/PHI5974-768x1154.jpg 768w, https:\/\/www.ofg.uni-osnabrueck.de\/wp-content\/uploads\/2023\/04\/PHI5974-1023x1536.jpg 1023w, https:\/\/www.ofg.uni-osnabrueck.de\/wp-content\/uploads\/2023\/04\/PHI5974-1363x2048.jpg 1363w, https:\/\/www.ofg.uni-osnabrueck.de\/wp-content\/uploads\/2023\/04\/PHI5974-scaled.jpg 1704w\" sizes=\"auto, (max-width: 682px) 100vw, 682px\" \/><\/a><figcaption class=\"wp-element-caption\">Prof. Dr. Martina Blasberg-Kuhnke spricht das Gru\u00dfwort, \u00a9 Osnabr\u00fccker Friedensgespr\u00e4che | Philipp H\u00fclsmann<\/figcaption><\/figure>\n\n\n\n<figure class=\"wp-block-image size-large\"><a href=\"https:\/\/www.ofg.uni-osnabrueck.de\/wp-content\/uploads\/2023\/04\/PHI6005-1024x682.jpg\"><img loading=\"lazy\" decoding=\"async\" width=\"1024\" height=\"682\" data-id=\"8472\" src=\"https:\/\/www.ofg.uni-osnabrueck.de\/wp-content\/uploads\/2023\/04\/PHI6005-1024x682.jpg\" alt=\"\" class=\"wp-image-8472\" srcset=\"https:\/\/www.ofg.uni-osnabrueck.de\/wp-content\/uploads\/2023\/04\/PHI6005-1024x682.jpg 1024w, https:\/\/www.ofg.uni-osnabrueck.de\/wp-content\/uploads\/2023\/04\/PHI6005-300x200.jpg 300w, https:\/\/www.ofg.uni-osnabrueck.de\/wp-content\/uploads\/2023\/04\/PHI6005-768x511.jpg 768w, https:\/\/www.ofg.uni-osnabrueck.de\/wp-content\/uploads\/2023\/04\/PHI6005-1536x1023.jpg 1536w, https:\/\/www.ofg.uni-osnabrueck.de\/wp-content\/uploads\/2023\/04\/PHI6005-2048x1363.jpg 2048w\" sizes=\"auto, (max-width: 1024px) 100vw, 1024px\" \/><\/a><figcaption class=\"wp-element-caption\">Dr. Kira Vinke, \u00a9 Osnabr\u00fccker Friedensgespr\u00e4che | Philipp H\u00fclsmann<\/figcaption><\/figure>\n\n\n\n<figure class=\"wp-block-image size-large\"><a href=\"https:\/\/www.ofg.uni-osnabrueck.de\/wp-content\/uploads\/2023\/04\/PHI6038-1024x682.jpg\"><img loading=\"lazy\" decoding=\"async\" width=\"1024\" height=\"682\" data-id=\"8476\" src=\"https:\/\/www.ofg.uni-osnabrueck.de\/wp-content\/uploads\/2023\/04\/PHI6038-1024x682.jpg\" alt=\"\" class=\"wp-image-8476\" srcset=\"https:\/\/www.ofg.uni-osnabrueck.de\/wp-content\/uploads\/2023\/04\/PHI6038-1024x682.jpg 1024w, https:\/\/www.ofg.uni-osnabrueck.de\/wp-content\/uploads\/2023\/04\/PHI6038-300x200.jpg 300w, https:\/\/www.ofg.uni-osnabrueck.de\/wp-content\/uploads\/2023\/04\/PHI6038-768x511.jpg 768w, https:\/\/www.ofg.uni-osnabrueck.de\/wp-content\/uploads\/2023\/04\/PHI6038-1536x1023.jpg 1536w, https:\/\/www.ofg.uni-osnabrueck.de\/wp-content\/uploads\/2023\/04\/PHI6038-2048x1363.jpg 2048w\" sizes=\"auto, (max-width: 1024px) 100vw, 1024px\" \/><\/a><figcaption class=\"wp-element-caption\">Prof. Dr. Michael Brzoska, \u00a9 Osnabr\u00fccker Friedensgespr\u00e4che | Philipp H\u00fclsmann<\/figcaption><\/figure>\n\n\n\n<figure class=\"wp-block-image size-large\"><a href=\"https:\/\/www.ofg.uni-osnabrueck.de\/wp-content\/uploads\/2023\/04\/PHI6021-1024x682.jpg\"><img loading=\"lazy\" decoding=\"async\" width=\"1024\" height=\"682\" data-id=\"8468\" src=\"https:\/\/www.ofg.uni-osnabrueck.de\/wp-content\/uploads\/2023\/04\/PHI6021-1024x682.jpg\" alt=\"\" class=\"wp-image-8468\" srcset=\"https:\/\/www.ofg.uni-osnabrueck.de\/wp-content\/uploads\/2023\/04\/PHI6021-1024x682.jpg 1024w, https:\/\/www.ofg.uni-osnabrueck.de\/wp-content\/uploads\/2023\/04\/PHI6021-300x200.jpg 300w, https:\/\/www.ofg.uni-osnabrueck.de\/wp-content\/uploads\/2023\/04\/PHI6021-768x511.jpg 768w, https:\/\/www.ofg.uni-osnabrueck.de\/wp-content\/uploads\/2023\/04\/PHI6021-1536x1023.jpg 1536w, https:\/\/www.ofg.uni-osnabrueck.de\/wp-content\/uploads\/2023\/04\/PHI6021-2048x1363.jpg 2048w\" sizes=\"auto, (max-width: 1024px) 100vw, 1024px\" \/><\/a><figcaption class=\"wp-element-caption\">Prof. Dr. Conrad Schetter, \u00a9 Osnabr\u00fccker Friedensgespr\u00e4che | Philipp H\u00fclsmann<\/figcaption><\/figure>\n\n\n\n<figure class=\"wp-block-image size-large\"><a href=\"https:\/\/www.ofg.uni-osnabrueck.de\/wp-content\/uploads\/2023\/04\/PHI5983-1024x682.jpg\"><img loading=\"lazy\" decoding=\"async\" width=\"1024\" height=\"682\" data-id=\"8458\" src=\"https:\/\/www.ofg.uni-osnabrueck.de\/wp-content\/uploads\/2023\/04\/PHI5983-1024x682.jpg\" alt=\"\" class=\"wp-image-8458\" srcset=\"https:\/\/www.ofg.uni-osnabrueck.de\/wp-content\/uploads\/2023\/04\/PHI5983-1024x682.jpg 1024w, https:\/\/www.ofg.uni-osnabrueck.de\/wp-content\/uploads\/2023\/04\/PHI5983-300x200.jpg 300w, https:\/\/www.ofg.uni-osnabrueck.de\/wp-content\/uploads\/2023\/04\/PHI5983-768x511.jpg 768w, https:\/\/www.ofg.uni-osnabrueck.de\/wp-content\/uploads\/2023\/04\/PHI5983-1536x1023.jpg 1536w, https:\/\/www.ofg.uni-osnabrueck.de\/wp-content\/uploads\/2023\/04\/PHI5983-2048x1363.jpg 2048w\" sizes=\"auto, (max-width: 1024px) 100vw, 1024px\" \/><\/a><figcaption class=\"wp-element-caption\">Prof. Dr. Andrea Lenschow, \u00a9 Osnabr\u00fccker Friedensgespr\u00e4che | Philipp H\u00fclsmann<\/figcaption><\/figure>\n\n\n\n<figure class=\"wp-block-image size-large\"><a href=\"https:\/\/www.ofg.uni-osnabrueck.de\/wp-content\/uploads\/2023\/04\/PHI6042-1024x682.jpg\"><img loading=\"lazy\" decoding=\"async\" width=\"1024\" height=\"682\" data-id=\"8447\" src=\"https:\/\/www.ofg.uni-osnabrueck.de\/wp-content\/uploads\/2023\/04\/PHI6042-1024x682.jpg\" alt=\"\" class=\"wp-image-8447\" srcset=\"https:\/\/www.ofg.uni-osnabrueck.de\/wp-content\/uploads\/2023\/04\/PHI6042-1024x682.jpg 1024w, https:\/\/www.ofg.uni-osnabrueck.de\/wp-content\/uploads\/2023\/04\/PHI6042-300x200.jpg 300w, https:\/\/www.ofg.uni-osnabrueck.de\/wp-content\/uploads\/2023\/04\/PHI6042-768x511.jpg 768w, https:\/\/www.ofg.uni-osnabrueck.de\/wp-content\/uploads\/2023\/04\/PHI6042-1536x1023.jpg 1536w, https:\/\/www.ofg.uni-osnabrueck.de\/wp-content\/uploads\/2023\/04\/PHI6042-2048x1363.jpg 2048w\" sizes=\"auto, (max-width: 1024px) 100vw, 1024px\" \/><\/a><figcaption class=\"wp-element-caption\">Podium, \u00a9 Osnabr\u00fccker Friedensgespr\u00e4che | Philipp H\u00fclsmann<\/figcaption><\/figure>\n<figcaption class=\"blocks-gallery-caption wp-element-caption\">\u00a9 Osnabr\u00fccker Friedensgespr\u00e4che | Philipp H\u00fclsmann<\/figcaption><\/figure>\n<\/div>\n\n\n\n<div class=\"wp-block-column is-layout-flow wp-block-column-is-layout-flow\">\n<h4 class=\"wp-block-heading\"><strong><strong>Video recordings<\/strong><\/strong><\/h4>\n\n\n\n<div class=\"lyte-wrapper\" title=\"Erderw&auml;rmung als Konfliktursache\" style=\"width:853px;max-width:100%;margin:5px auto;\"><div class=\"lyMe hidef\" id=\"WYL_QtbPTsgYgzo\" itemprop=\"video\" itemscope itemtype=\"https:\/\/schema.org\/VideoObject\"><div><meta itemprop=\"thumbnailUrl\" content=\"https:\/\/www.ofg.uni-osnabrueck.de\/wp-content\/plugins\/wp-youtube-lyte\/lyteCache.php?origThumbUrl=https%3A%2F%2Fi.ytimg.com%2Fvi%2FQtbPTsgYgzo%2Fmaxresdefault.jpg\" \/><meta itemprop=\"embedURL\" content=\"https:\/\/www.youtube.com\/embed\/QtbPTsgYgzo\" \/><meta itemprop=\"duration\" content=\"PT1H35M\" \/><meta itemprop=\"uploadDate\" content=\"2023-04-17T06:10:32Z\" \/><\/div><div id=\"lyte_QtbPTsgYgzo\" data-src=\"https:\/\/www.ofg.uni-osnabrueck.de\/wp-content\/plugins\/wp-youtube-lyte\/lyteCache.php?origThumbUrl=https%3A%2F%2Fi.ytimg.com%2Fvi%2FQtbPTsgYgzo%2Fmaxresdefault.jpg\" class=\"pL\"><div class=\"tC\"><div class=\"tT\" itemprop=\"name\">Erderw\u00e4rmung als Konfliktursache<\/div><\/div><div class=\"play\"><\/div><div class=\"ctrl\"><div class=\"Lctrl\"><\/div><div class=\"Rctrl\"><\/div><\/div><\/div><noscript><a href=\"https:\/\/youtu.be\/QtbPTsgYgzo\" rel=\"nofollow\"><img loading=\"lazy\" decoding=\"async\" src=\"https:\/\/www.ofg.uni-osnabrueck.de\/wp-content\/plugins\/wp-youtube-lyte\/lyteCache.php?origThumbUrl=https%3A%2F%2Fi.ytimg.com%2Fvi%2FQtbPTsgYgzo%2F0.jpg\" alt=\"Erderw&auml;rmung als Konfliktursache\" width=\"853\" height=\"460\" \/><br \/>Watch this video on YouTube<\/a><\/noscript><meta itemprop=\"description\" content=\"Podiumsdiskussion mit Prof. Dr. Michael Brzoska (Friedens- und Konfliktforscher am Institut f\u00fcr Friedensforschung und Sicherheitspolitik der Universit\u00e4t Hamburg), Prof. Dr. Conrad Schetter (Friedens- und Konfliktforscher am Bonn International Centre for Conflict Studies), Dr. Kira Vinke (Leiterin des Zentrums f\u00fcr Klima und Au\u00dfenpolitik der Deutschen Gesellschaft f\u00fcr Ausw\u00e4rtige Politik) Dienstag, 4. April 2023, 18 Uhr, Aula der Universit\u00e4t, Neuer Graben 29 \/ Schloss Mehr unter: https:\/\/www.ofg.uni-osnabrueck.de\/erderwaermung-als-konfliktursache\/\"><\/div><\/div><div class=\"lL\" style=\"max-width:100%;width:853px;margin:5px auto;\"><br\/><span class=\"lyte_disclaimer\">Bitte beachten Sie unsere Datenschutzerkl\u00e4rung. Wenn Sie das Video abspielen, werden Daten an YouTube gesendet.<\/span><\/div>\n<\/div>\n<\/div>\n","protected":false},"excerpt":{"rendered":"<p>Panel discussion with Prof. Dr. Michael Brzoska Peace and conflict researcher at the Institute for Peace Research and Security Policy at the University of Hamburg Prof. Dr. Conrad Schetter Peace and conflict researcher at the Bonn International Center for Conflict Studies Dr. Kira Vinke Head of the Center for Climate and Foreign Policy at the &#8230; <a title=\"Erderw\u00e4rmung als Konfliktursache (Global warming as a cause of conflict)\" class=\"read-more\" href=\"https:\/\/www.ofg.uni-osnabrueck.de\/en\/erderwarmung-als-konfliktursache-global-warming-as-a-cause-of-conflict\/\" aria-label=\"Read more about Erderw\u00e4rmung als Konfliktursache (Global warming as a cause of conflict)\">Read more<\/a><\/p>\n","protected":false},"author":2,"featured_media":8450,"comment_status":"closed","ping_status":"closed","sticky":false,"template":"","format":"standard","meta":{"footnotes":""},"categories":[110,44,88],"tags":[],"class_list":["post-13149","post","type-post","status-publish","format-standard","has-post-thumbnail","hentry","category-homepage","category-nicht-kategorisiert-en","category-talks-and-debate","generate-columns","tablet-grid-50","mobile-grid-100","grid-parent","grid-50"],"wps_subtitle":"","_links":{"self":[{"href":"https:\/\/www.ofg.uni-osnabrueck.de\/en\/wp-json\/wp\/v2\/posts\/13149","targetHints":{"allow":["GET"]}}],"collection":[{"href":"https:\/\/www.ofg.uni-osnabrueck.de\/en\/wp-json\/wp\/v2\/posts"}],"about":[{"href":"https:\/\/www.ofg.uni-osnabrueck.de\/en\/wp-json\/wp\/v2\/types\/post"}],"author":[{"embeddable":true,"href":"https:\/\/www.ofg.uni-osnabrueck.de\/en\/wp-json\/wp\/v2\/users\/2"}],"replies":[{"embeddable":true,"href":"https:\/\/www.ofg.uni-osnabrueck.de\/en\/wp-json\/wp\/v2\/comments?post=13149"}],"version-history":[{"count":2,"href":"https:\/\/www.ofg.uni-osnabrueck.de\/en\/wp-json\/wp\/v2\/posts\/13149\/revisions"}],"predecessor-version":[{"id":13161,"href":"https:\/\/www.ofg.uni-osnabrueck.de\/en\/wp-json\/wp\/v2\/posts\/13149\/revisions\/13161"}],"wp:featuredmedia":[{"embeddable":true,"href":"https:\/\/www.ofg.uni-osnabrueck.de\/en\/wp-json\/wp\/v2\/media\/8450"}],"wp:attachment":[{"href":"https:\/\/www.ofg.uni-osnabrueck.de\/en\/wp-json\/wp\/v2\/media?parent=13149"}],"wp:term":[{"taxonomy":"category","embeddable":true,"href":"https:\/\/www.ofg.uni-osnabrueck.de\/en\/wp-json\/wp\/v2\/categories?post=13149"},{"taxonomy":"post_tag","embeddable":true,"href":"https:\/\/www.ofg.uni-osnabrueck.de\/en\/wp-json\/wp\/v2\/tags?post=13149"}],"curies":[{"name":"wp","href":"https:\/\/api.w.org\/{rel}","templated":true}]}}