{"id":13115,"date":"2023-08-10T13:35:00","date_gmt":"2023-08-10T11:35:00","guid":{"rendered":"https:\/\/www.ofg.uni-osnabrueck.de\/?p=13115"},"modified":"2024-03-08T09:03:04","modified_gmt":"2024-03-08T08:03:04","slug":"europaische-solidaritat-in-krisenzeiten-european-solidarity-in-times-of-crisis","status":"publish","type":"post","link":"https:\/\/www.ofg.uni-osnabrueck.de\/en\/europaische-solidaritat-in-krisenzeiten-european-solidarity-in-times-of-crisis\/","title":{"rendered":"Europ\u00e4ische Solidarit\u00e4t in Krisenzeiten (European solidarity in times of crisis)"},"content":{"rendered":"\n<div class=\"wp-block-columns is-layout-flex wp-container-core-columns-is-layout-9d6595d7 wp-block-columns-is-layout-flex\">\n<div class=\"wp-block-column is-layout-flow wp-block-column-is-layout-flow\" style=\"flex-basis:100%\">\n<p><strong>Panel discussion with<\/strong><\/p>\n\n\n<div class=\"wp-block-image is-resized\">\n<figure class=\"alignleft size-large\"><img loading=\"lazy\" decoding=\"async\" width=\"981\" height=\"1024\" src=\"https:\/\/www.ofg.uni-osnabrueck.de\/wp-content\/uploads\/2023\/02\/Bild2-1-981x1024.jpg\" alt=\"\" class=\"wp-image-8205\" style=\"width:147px;height:auto\" srcset=\"https:\/\/www.ofg.uni-osnabrueck.de\/wp-content\/uploads\/2023\/02\/Bild2-1-981x1024.jpg 981w, https:\/\/www.ofg.uni-osnabrueck.de\/wp-content\/uploads\/2023\/02\/Bild2-1-288x300.jpg 288w, https:\/\/www.ofg.uni-osnabrueck.de\/wp-content\/uploads\/2023\/02\/Bild2-1-768x801.jpg 768w, https:\/\/www.ofg.uni-osnabrueck.de\/wp-content\/uploads\/2023\/02\/Bild2-1.jpg 992w\" sizes=\"auto, (max-width: 981px) 100vw, 981px\" \/><figcaption class=\"wp-element-caption\">\u00a9 DGB\/Detlef Eden<\/figcaption><\/figure><\/div>\n\n\n<h3 class=\"wp-block-heading\"><strong><strong>Reiner Hoffmann<\/strong><\/strong><\/h3>\n\n\n\n<div class=\"wp-block-columns is-layout-flex wp-container-core-columns-is-layout-9d6595d7 wp-block-columns-is-layout-flex\">\n<div class=\"wp-block-column is-layout-flow wp-block-column-is-layout-flow\" style=\"flex-basis:85%\">\n<p>former chairman of the German Trade Union Confederation<\/p>\n<\/div>\n<\/div>\n<\/div>\n\n\n\n<div class=\"wp-block-column is-layout-flow wp-block-column-is-layout-flow\" style=\"flex-basis:0%\"><\/div>\n<\/div>\n\n\n\n<div class=\"wp-block-columns is-layout-flex wp-container-core-columns-is-layout-9d6595d7 wp-block-columns-is-layout-flex\">\n<div class=\"wp-block-column is-layout-flow wp-block-column-is-layout-flow\" style=\"flex-basis:100%\"><div class=\"wp-block-image is-resized\">\n<figure class=\"alignleft size-thumbnail\"><img loading=\"lazy\" decoding=\"async\" width=\"150\" height=\"150\" src=\"https:\/\/www.ofg.uni-osnabrueck.de\/wp-content\/uploads\/2023\/02\/Bild1-1-150x150.jpg\" alt=\"\" class=\"wp-image-8218\"\/><figcaption class=\"wp-element-caption\">\u00a9 Sonja Och Photography<\/figcaption><\/figure><\/div>\n\n\n<h3 class=\"wp-block-heading\"><strong>Andrea Nahles<\/strong><\/h3>\n\n\n\n<p>Chairwoman of the Federal Employment Agency<\/p>\n<\/div>\n<\/div>\n\n\n\n<div class=\"wp-block-columns is-layout-flex wp-container-core-columns-is-layout-9d6595d7 wp-block-columns-is-layout-flex\">\n<div class=\"wp-block-column is-layout-flow wp-block-column-is-layout-flow\" style=\"flex-basis:100%\"><div class=\"wp-block-image is-resized\">\n<figure class=\"alignleft size-large\"><img loading=\"lazy\" decoding=\"async\" width=\"567\" height=\"550\" src=\"https:\/\/www.ofg.uni-osnabrueck.de\/wp-content\/uploads\/2023\/02\/Bild1.jpg\" alt=\"\" class=\"wp-image-8212\" style=\"width:146px;height:auto\" srcset=\"https:\/\/www.ofg.uni-osnabrueck.de\/wp-content\/uploads\/2023\/02\/Bild1.jpg 567w, https:\/\/www.ofg.uni-osnabrueck.de\/wp-content\/uploads\/2023\/02\/Bild1-300x291.jpg 300w\" sizes=\"auto, (max-width: 567px) 100vw, 567px\" \/><figcaption class=\"wp-element-caption\">\u00a9 Olaf Kosinsky<\/figcaption><\/figure><\/div>\n\n\n<div class=\"wp-block-columns is-layout-flex wp-container-core-columns-is-layout-9d6595d7 wp-block-columns-is-layout-flex\">\n<div class=\"wp-block-column is-layout-flow wp-block-column-is-layout-flow\" style=\"flex-basis:85%\">\n<h3 class=\"wp-block-heading\"><strong><strong><strong>Prof. Dr. Hans-Gert P\u00f6ttering<\/strong><\/strong><\/strong><\/h3>\n\n\n\n<p>President of the European Parliament (retired) <\/p>\n<\/div>\n<\/div>\n<\/div>\n\n\n\n<div class=\"wp-block-column is-layout-flow wp-block-column-is-layout-flow\" style=\"flex-basis:0%\"><\/div>\n<\/div>\n\n\n\n<p><strong>Moderation<\/strong><br>Prof. Dr. Gy\u00f6rgy Sz\u00e9ll, Osnabr\u00fcck University<\/p>\n\n\n\n<hr class=\"wp-block-separator has-css-opacity\"\/>\n\n\n\n<p>For some years now, the world and Europe in particular have been shaken by numerous crises the likes of which have not been seen since the Second World War. Above all, Russia&#8217;s war of aggression against Ukraine since 2014 has irreparably damaged the European peace order. But the climate crisis, the financial crises since 2007, the increase in hatred and violence, the crisis of democracy and the coronavirus pandemic also pose challenges for all of humanity. The European Union, winner of the 2012 Nobel Peace Prize, is therefore called upon to show more solidarity than ever before.<\/p>\n\n\n\n<p>The peace discussion attempted to find answers to these challenges from various perspectives &#8211; following on from the congress &#8216;Paths to Social Peace in Europe&#8217;, at which the Cooperation Center for Universities and Trade Unions devoted itself to the prospects for a social Europe on the occasion of the 350th anniversary of the Peace of Westphalia in Osnabr\u00fcck in 1998.<\/p>\n\n\n\n<p>Peace is the prerequisite for people to live together in harmony. This is the slogan of the French Revolution of 1789: Liberty, Equality, Fraternity. (Today, we would rather say solidarity). This demand is just as valid today as it was 234 years ago.<\/p>\n\n\n\n<p><strong>August 10, 2023, University Auditorium, 6 pm, Neuer Graben 29\/Schloss<\/strong><\/p>\n\n\n\n<div class=\"wp-block-columns is-layout-flex wp-container-core-columns-is-layout-9d6595d7 wp-block-columns-is-layout-flex\">\n<div class=\"wp-block-column is-layout-flow wp-block-column-is-layout-flow\">\n<h4 class=\"wp-block-heading\"><strong>Picture gallery<\/strong><\/h4>\n\n\n\n<figure class=\"wp-block-gallery has-nested-images columns-default is-cropped wp-block-gallery-1 is-layout-flex wp-block-gallery-is-layout-flex\">\n<figure class=\"wp-block-image size-large\"><img loading=\"lazy\" decoding=\"async\" width=\"1024\" height=\"683\" data-id=\"11755\" src=\"https:\/\/www.ofg.uni-osnabrueck.de\/wp-content\/uploads\/2023\/08\/DSC1046-1024x683.jpg\" alt=\"\" class=\"wp-image-11755\" srcset=\"https:\/\/www.ofg.uni-osnabrueck.de\/wp-content\/uploads\/2023\/08\/DSC1046-1024x683.jpg 1024w, https:\/\/www.ofg.uni-osnabrueck.de\/wp-content\/uploads\/2023\/08\/DSC1046-300x200.jpg 300w, https:\/\/www.ofg.uni-osnabrueck.de\/wp-content\/uploads\/2023\/08\/DSC1046-768x512.jpg 768w, https:\/\/www.ofg.uni-osnabrueck.de\/wp-content\/uploads\/2023\/08\/DSC1046-1536x1024.jpg 1536w, https:\/\/www.ofg.uni-osnabrueck.de\/wp-content\/uploads\/2023\/08\/DSC1046-2048x1365.jpg 2048w\" sizes=\"auto, (max-width: 1024px) 100vw, 1024px\" \/><\/figure>\n\n\n\n<figure class=\"wp-block-image size-large\"><img loading=\"lazy\" decoding=\"async\" width=\"1024\" height=\"683\" data-id=\"11766\" src=\"https:\/\/www.ofg.uni-osnabrueck.de\/wp-content\/uploads\/2023\/08\/DSC1078-1024x683.jpg\" alt=\"\" class=\"wp-image-11766\" srcset=\"https:\/\/www.ofg.uni-osnabrueck.de\/wp-content\/uploads\/2023\/08\/DSC1078-1024x683.jpg 1024w, https:\/\/www.ofg.uni-osnabrueck.de\/wp-content\/uploads\/2023\/08\/DSC1078-300x200.jpg 300w, https:\/\/www.ofg.uni-osnabrueck.de\/wp-content\/uploads\/2023\/08\/DSC1078-768x512.jpg 768w, https:\/\/www.ofg.uni-osnabrueck.de\/wp-content\/uploads\/2023\/08\/DSC1078-1536x1024.jpg 1536w, https:\/\/www.ofg.uni-osnabrueck.de\/wp-content\/uploads\/2023\/08\/DSC1078-2048x1365.jpg 2048w\" sizes=\"auto, (max-width: 1024px) 100vw, 1024px\" \/><\/figure>\n\n\n\n<figure class=\"wp-block-image size-large\"><img loading=\"lazy\" decoding=\"async\" width=\"1024\" height=\"683\" data-id=\"11823\" src=\"https:\/\/www.ofg.uni-osnabrueck.de\/wp-content\/uploads\/2023\/08\/DSC1170-1024x683.jpg\" alt=\"\" class=\"wp-image-11823\" srcset=\"https:\/\/www.ofg.uni-osnabrueck.de\/wp-content\/uploads\/2023\/08\/DSC1170-1024x683.jpg 1024w, https:\/\/www.ofg.uni-osnabrueck.de\/wp-content\/uploads\/2023\/08\/DSC1170-300x200.jpg 300w, https:\/\/www.ofg.uni-osnabrueck.de\/wp-content\/uploads\/2023\/08\/DSC1170-768x512.jpg 768w, https:\/\/www.ofg.uni-osnabrueck.de\/wp-content\/uploads\/2023\/08\/DSC1170-1536x1024.jpg 1536w, https:\/\/www.ofg.uni-osnabrueck.de\/wp-content\/uploads\/2023\/08\/DSC1170-2048x1365.jpg 2048w\" sizes=\"auto, (max-width: 1024px) 100vw, 1024px\" \/><\/figure>\n\n\n\n<figure class=\"wp-block-image size-large\"><img loading=\"lazy\" decoding=\"async\" width=\"1024\" height=\"683\" data-id=\"11776\" src=\"https:\/\/www.ofg.uni-osnabrueck.de\/wp-content\/uploads\/2023\/08\/DSC1117-1024x683.jpg\" alt=\"\" class=\"wp-image-11776\" srcset=\"https:\/\/www.ofg.uni-osnabrueck.de\/wp-content\/uploads\/2023\/08\/DSC1117-1024x683.jpg 1024w, https:\/\/www.ofg.uni-osnabrueck.de\/wp-content\/uploads\/2023\/08\/DSC1117-300x200.jpg 300w, https:\/\/www.ofg.uni-osnabrueck.de\/wp-content\/uploads\/2023\/08\/DSC1117-768x512.jpg 768w, https:\/\/www.ofg.uni-osnabrueck.de\/wp-content\/uploads\/2023\/08\/DSC1117-1536x1024.jpg 1536w, https:\/\/www.ofg.uni-osnabrueck.de\/wp-content\/uploads\/2023\/08\/DSC1117-2048x1365.jpg 2048w\" sizes=\"auto, (max-width: 1024px) 100vw, 1024px\" \/><\/figure>\n\n\n\n<figure class=\"wp-block-image size-large\"><img loading=\"lazy\" decoding=\"async\" width=\"1024\" height=\"683\" data-id=\"11761\" src=\"https:\/\/www.ofg.uni-osnabrueck.de\/wp-content\/uploads\/2023\/08\/DSC1051-1024x683.jpg\" alt=\"\" class=\"wp-image-11761\" srcset=\"https:\/\/www.ofg.uni-osnabrueck.de\/wp-content\/uploads\/2023\/08\/DSC1051-1024x683.jpg 1024w, https:\/\/www.ofg.uni-osnabrueck.de\/wp-content\/uploads\/2023\/08\/DSC1051-300x200.jpg 300w, https:\/\/www.ofg.uni-osnabrueck.de\/wp-content\/uploads\/2023\/08\/DSC1051-768x512.jpg 768w, https:\/\/www.ofg.uni-osnabrueck.de\/wp-content\/uploads\/2023\/08\/DSC1051-1536x1024.jpg 1536w, https:\/\/www.ofg.uni-osnabrueck.de\/wp-content\/uploads\/2023\/08\/DSC1051-2048x1365.jpg 2048w\" sizes=\"auto, (max-width: 1024px) 100vw, 1024px\" \/><\/figure>\n\n\n\n<figure class=\"wp-block-image size-large\"><img loading=\"lazy\" decoding=\"async\" width=\"1024\" height=\"683\" data-id=\"11844\" src=\"https:\/\/www.ofg.uni-osnabrueck.de\/wp-content\/uploads\/2023\/08\/DSC1073-1024x683.jpg\" alt=\"\" class=\"wp-image-11844\" srcset=\"https:\/\/www.ofg.uni-osnabrueck.de\/wp-content\/uploads\/2023\/08\/DSC1073-1024x683.jpg 1024w, https:\/\/www.ofg.uni-osnabrueck.de\/wp-content\/uploads\/2023\/08\/DSC1073-300x200.jpg 300w, https:\/\/www.ofg.uni-osnabrueck.de\/wp-content\/uploads\/2023\/08\/DSC1073-768x512.jpg 768w, https:\/\/www.ofg.uni-osnabrueck.de\/wp-content\/uploads\/2023\/08\/DSC1073-1536x1024.jpg 1536w, https:\/\/www.ofg.uni-osnabrueck.de\/wp-content\/uploads\/2023\/08\/DSC1073-2048x1365.jpg 2048w\" sizes=\"auto, (max-width: 1024px) 100vw, 1024px\" \/><\/figure>\n\n\n\n<figure class=\"wp-block-image size-large\"><img loading=\"lazy\" decoding=\"async\" width=\"1024\" height=\"683\" data-id=\"11848\" src=\"https:\/\/www.ofg.uni-osnabrueck.de\/wp-content\/uploads\/2023\/08\/DSC1011-1-1024x683.jpg\" alt=\"\" class=\"wp-image-11848\" srcset=\"https:\/\/www.ofg.uni-osnabrueck.de\/wp-content\/uploads\/2023\/08\/DSC1011-1-1024x683.jpg 1024w, https:\/\/www.ofg.uni-osnabrueck.de\/wp-content\/uploads\/2023\/08\/DSC1011-1-300x200.jpg 300w, https:\/\/www.ofg.uni-osnabrueck.de\/wp-content\/uploads\/2023\/08\/DSC1011-1-768x512.jpg 768w, https:\/\/www.ofg.uni-osnabrueck.de\/wp-content\/uploads\/2023\/08\/DSC1011-1-1536x1024.jpg 1536w, https:\/\/www.ofg.uni-osnabrueck.de\/wp-content\/uploads\/2023\/08\/DSC1011-1-2048x1365.jpg 2048w\" sizes=\"auto, (max-width: 1024px) 100vw, 1024px\" \/><\/figure>\n<figcaption class=\"blocks-gallery-caption wp-element-caption\">\u00a9 Osnabr\u00fccker Friedensgespr\u00e4che | Uwe Lewandowski<\/figcaption><\/figure>\n<\/div>\n\n\n\n<div class=\"wp-block-column is-layout-flow wp-block-column-is-layout-flow\">\n<h4 class=\"wp-block-heading\"><strong>Video recordings<\/strong><\/h4>\n\n\n<figure class=\"wp-block-embed-youtube wp-block-embed is-type-video is-provider-youtube wp-embed-aspect-16-9 wp-has-aspect-ratio\"><div class=\"lyte-wrapper\" title=\"Europ&auml;ische Solidarit&auml;t in Krisenzeiten\" style=\"width:853px;max-width:100%;margin:5px auto;\"><div class=\"lyMe hidef\" id=\"WYL_Enbk_u4V5Ug\" itemprop=\"video\" itemscope itemtype=\"https:\/\/schema.org\/VideoObject\"><div><meta itemprop=\"thumbnailUrl\" content=\"https:\/\/www.ofg.uni-osnabrueck.de\/wp-content\/plugins\/wp-youtube-lyte\/lyteCache.php?origThumbUrl=https%3A%2F%2Fi.ytimg.com%2Fvi%2FEnbk_u4V5Ug%2Fmaxresdefault.jpg\" \/><meta itemprop=\"embedURL\" content=\"https:\/\/www.youtube.com\/embed\/Enbk_u4V5Ug\" \/><meta itemprop=\"duration\" content=\"PT1H37M8S\" \/><meta itemprop=\"uploadDate\" content=\"2023-09-12T10:10:57Z\" \/><\/div><div id=\"lyte_Enbk_u4V5Ug\" data-src=\"https:\/\/www.ofg.uni-osnabrueck.de\/wp-content\/plugins\/wp-youtube-lyte\/lyteCache.php?origThumbUrl=https%3A%2F%2Fi.ytimg.com%2Fvi%2FEnbk_u4V5Ug%2Fmaxresdefault.jpg\" class=\"pL\"><div class=\"tC\"><div class=\"tT\" itemprop=\"name\">Europ\u00e4ische Solidarit\u00e4t in Krisenzeiten<\/div><\/div><div class=\"play\"><\/div><div class=\"ctrl\"><div class=\"Lctrl\"><\/div><div class=\"Rctrl\"><\/div><\/div><\/div><noscript><a href=\"https:\/\/youtu.be\/Enbk_u4V5Ug\" rel=\"nofollow\"><img loading=\"lazy\" decoding=\"async\" src=\"https:\/\/www.ofg.uni-osnabrueck.de\/wp-content\/plugins\/wp-youtube-lyte\/lyteCache.php?origThumbUrl=https%3A%2F%2Fi.ytimg.com%2Fvi%2FEnbk_u4V5Ug%2F0.jpg\" alt=\"Europ&auml;ische Solidarit&auml;t in Krisenzeiten\" width=\"853\" height=\"460\" \/><br \/>Watch this video on YouTube<\/a><\/noscript><meta itemprop=\"description\" content=\"Podiumsdiskussion mit Reiner Hoffmann (ehem. Vorsitzender des DGB), Andrea Nahles (Vorstandsvorsitzende der Bundesagentur f\u00fcr Arbeit) und Prof. Dr. Hans-Gert P\u00f6ttering (Pr\u00e4sident des Europ\u00e4ischen Parlaments a.D.) Donnerstag, 10. August 2023, 18 Uhr, Schlossaula Osnabr\u00fcck Mehr unter https:\/\/www.ofg.uni-osnabrueck.de\/europaeische-solidaritaet-in-krisenzeiten\/\"><\/div><\/div><div class=\"lL\" style=\"max-width:100%;width:853px;margin:5px auto;\"><br\/><span class=\"lyte_disclaimer\">Bitte beachten Sie unsere Datenschutzerkl\u00e4rung. Wenn Sie das Video abspielen, werden Daten an YouTube gesendet.<\/span><\/div><figcaption><\/figcaption><\/figure><\/div>\n<\/div>\n\n\n\n<div class=\"wp-block-columns is-layout-flex wp-container-core-columns-is-layout-9d6595d7 wp-block-columns-is-layout-flex\">\n<div class=\"wp-block-column is-layout-flow wp-block-column-is-layout-flow\" style=\"flex-basis:0%\"><\/div>\n<\/div>\n","protected":false},"excerpt":{"rendered":"<p>Panel discussion with Reiner Hoffmann former chairman of the German Trade Union Confederation Andrea Nahles Chairwoman of the Federal Employment Agency Prof. Dr. Hans-Gert P\u00f6ttering President of the European Parliament (retired) ModerationProf. Dr. Gy\u00f6rgy Sz\u00e9ll, Osnabr\u00fcck University For some years now, the world and Europe in particular have been shaken by numerous crises the likes &#8230; <a title=\"Europ\u00e4ische Solidarit\u00e4t in Krisenzeiten (European solidarity in times of crisis)\" class=\"read-more\" href=\"https:\/\/www.ofg.uni-osnabrueck.de\/en\/europaische-solidaritat-in-krisenzeiten-european-solidarity-in-times-of-crisis\/\" aria-label=\"Read more about Europ\u00e4ische Solidarit\u00e4t in Krisenzeiten (European solidarity in times of crisis)\">Read more<\/a><\/p>\n","protected":false},"author":2,"featured_media":11807,"comment_status":"closed","ping_status":"closed","sticky":false,"template":"","format":"standard","meta":{"footnotes":""},"categories":[188,110,44,195,88],"tags":[],"class_list":["post-13115","post","type-post","status-publish","format-standard","has-post-thumbnail","hentry","category-europe","category-homepage","category-nicht-kategorisiert-en","category-solidarity","category-talks-and-debate","generate-columns","tablet-grid-50","mobile-grid-100","grid-parent","grid-50"],"wps_subtitle":"","_links":{"self":[{"href":"https:\/\/www.ofg.uni-osnabrueck.de\/en\/wp-json\/wp\/v2\/posts\/13115","targetHints":{"allow":["GET"]}}],"collection":[{"href":"https:\/\/www.ofg.uni-osnabrueck.de\/en\/wp-json\/wp\/v2\/posts"}],"about":[{"href":"https:\/\/www.ofg.uni-osnabrueck.de\/en\/wp-json\/wp\/v2\/types\/post"}],"author":[{"embeddable":true,"href":"https:\/\/www.ofg.uni-osnabrueck.de\/en\/wp-json\/wp\/v2\/users\/2"}],"replies":[{"embeddable":true,"href":"https:\/\/www.ofg.uni-osnabrueck.de\/en\/wp-json\/wp\/v2\/comments?post=13115"}],"version-history":[{"count":4,"href":"https:\/\/www.ofg.uni-osnabrueck.de\/en\/wp-json\/wp\/v2\/posts\/13115\/revisions"}],"predecessor-version":[{"id":13182,"href":"https:\/\/www.ofg.uni-osnabrueck.de\/en\/wp-json\/wp\/v2\/posts\/13115\/revisions\/13182"}],"wp:featuredmedia":[{"embeddable":true,"href":"https:\/\/www.ofg.uni-osnabrueck.de\/en\/wp-json\/wp\/v2\/media\/11807"}],"wp:attachment":[{"href":"https:\/\/www.ofg.uni-osnabrueck.de\/en\/wp-json\/wp\/v2\/media?parent=13115"}],"wp:term":[{"taxonomy":"category","embeddable":true,"href":"https:\/\/www.ofg.uni-osnabrueck.de\/en\/wp-json\/wp\/v2\/categories?post=13115"},{"taxonomy":"post_tag","embeddable":true,"href":"https:\/\/www.ofg.uni-osnabrueck.de\/en\/wp-json\/wp\/v2\/tags?post=13115"}],"curies":[{"name":"wp","href":"https:\/\/api.w.org\/{rel}","templated":true}]}}