{"id":13100,"date":"2022-03-07T13:18:00","date_gmt":"2022-03-07T12:18:00","guid":{"rendered":"https:\/\/www.ofg.uni-osnabrueck.de\/?p=13100"},"modified":"2024-03-11T16:27:34","modified_gmt":"2024-03-11T15:27:34","slug":"zeitenwende-sonderfriedensgesprach-zum-krieg-in-der-ukraine-turning-point-special-peace-talk-on-the-war-in-ukraine","status":"publish","type":"post","link":"https:\/\/www.ofg.uni-osnabrueck.de\/en\/zeitenwende-sonderfriedensgesprach-zum-krieg-in-der-ukraine-turning-point-special-peace-talk-on-the-war-in-ukraine\/","title":{"rendered":"Zeitenwende \u2013 Sonderfriedensgespr\u00e4ch zum Krieg in der Ukraine (\u201eTurning point\u201c &#8211; Special peace talk on the war in Ukraine)"},"content":{"rendered":"\n<h3 class=\"wp-block-heading\">Panel discussion with<br><\/h3>\n\n\n\n<div class=\"wp-block-columns is-layout-flex wp-container-core-columns-is-layout-9d6595d7 wp-block-columns-is-layout-flex\">\n<div class=\"wp-block-column is-layout-flow wp-block-column-is-layout-flow\" style=\"flex-basis:100%\">\n<div class=\"wp-block-columns is-layout-flex wp-container-core-columns-is-layout-9d6595d7 wp-block-columns-is-layout-flex\">\n<div class=\"wp-block-column is-layout-flow wp-block-column-is-layout-flow\" style=\"flex-basis:15%\">\n<figure class=\"wp-block-image size-medium\"><img loading=\"lazy\" decoding=\"async\" width=\"300\" height=\"254\" src=\"https:\/\/www.ofg.uni-osnabrueck.de\/wp-content\/uploads\/2022\/03\/Valerya-Dinger_-Foto-Foto-Studio-Suedstadt-Bonn-300x254.jpg\" alt=\"\" class=\"wp-image-6761\" srcset=\"https:\/\/www.ofg.uni-osnabrueck.de\/wp-content\/uploads\/2022\/03\/Valerya-Dinger_-Foto-Foto-Studio-Suedstadt-Bonn-300x254.jpg 300w, https:\/\/www.ofg.uni-osnabrueck.de\/wp-content\/uploads\/2022\/03\/Valerya-Dinger_-Foto-Foto-Studio-Suedstadt-Bonn-1024x867.jpg 1024w, https:\/\/www.ofg.uni-osnabrueck.de\/wp-content\/uploads\/2022\/03\/Valerya-Dinger_-Foto-Foto-Studio-Suedstadt-Bonn-768x650.jpg 768w, https:\/\/www.ofg.uni-osnabrueck.de\/wp-content\/uploads\/2022\/03\/Valerya-Dinger_-Foto-Foto-Studio-Suedstadt-Bonn-1536x1301.jpg 1536w, https:\/\/www.ofg.uni-osnabrueck.de\/wp-content\/uploads\/2022\/03\/Valerya-Dinger_-Foto-Foto-Studio-Suedstadt-Bonn-2048x1735.jpg 2048w\" sizes=\"auto, (max-width: 300px) 100vw, 300px\" \/><figcaption class=\"wp-element-caption\">\u00a9 Foto-Studio-S\u00fcdstadt Bonn<\/figcaption><\/figure>\n<\/div>\n\n\n\n<div class=\"wp-block-column is-layout-flow wp-block-column-is-layout-flow\" style=\"flex-basis:85%\">\n<h3 class=\"wp-block-heading\"><strong><strong>Prof. Dr. Valeriya Dinger<\/strong><\/strong><\/h3>\n\n\n\n<p>Professor of macroeconomics at the Institute for Empirical Economic Research at the University of Osnabr\u00fcck<\/p>\n<\/div>\n<\/div>\n<\/div>\n\n\n\n<div class=\"wp-block-column is-layout-flow wp-block-column-is-layout-flow\" style=\"flex-basis:0%\"><\/div>\n<\/div>\n\n\n\n<div class=\"wp-block-columns is-layout-flex wp-container-core-columns-is-layout-9d6595d7 wp-block-columns-is-layout-flex\">\n<div class=\"wp-block-column is-layout-flow wp-block-column-is-layout-flow\" style=\"flex-basis:100%\">\n<div class=\"wp-block-columns is-layout-flex wp-container-core-columns-is-layout-9d6595d7 wp-block-columns-is-layout-flex\">\n<div class=\"wp-block-column is-layout-flow wp-block-column-is-layout-flow\" style=\"flex-basis:15%\">\n<figure class=\"wp-block-image size-thumbnail is-style-default\"><img loading=\"lazy\" decoding=\"async\" width=\"150\" height=\"150\" src=\"https:\/\/www.ofg.uni-osnabrueck.de\/wp-content\/uploads\/2022\/03\/Franck-Duevell_Foto-Franck-Duevell-DeZIM-150x150.jpg\" alt=\"\" class=\"wp-image-6754\"\/><figcaption class=\"wp-element-caption\">\u00a9 Franck D\u00fcvell | DeZIM<\/figcaption><\/figure>\n<\/div>\n\n\n\n<div class=\"wp-block-column is-layout-flow wp-block-column-is-layout-flow\" style=\"flex-basis:85%\">\n<h3 class=\"wp-block-heading\"><strong><strong>Dr. Franck D\u00fcvell<\/strong><\/strong><\/h3>\n\n\n\n<p>Migration scientist at the Institute for Migration Research and Intercultural Studies (IMIS) at the University of Osnabr\u00fcck<\/p>\n<\/div>\n<\/div>\n<\/div>\n\n\n\n<div class=\"wp-block-column is-layout-flow wp-block-column-is-layout-flow\" style=\"flex-basis:0%\"><\/div>\n<\/div>\n\n\n\n<div class=\"wp-block-columns is-layout-flex wp-container-core-columns-is-layout-9d6595d7 wp-block-columns-is-layout-flex\">\n<div class=\"wp-block-column is-layout-flow wp-block-column-is-layout-flow\" style=\"flex-basis:100%\">\n<div class=\"wp-block-columns is-layout-flex wp-container-core-columns-is-layout-9d6595d7 wp-block-columns-is-layout-flex\">\n<div class=\"wp-block-column is-layout-flow wp-block-column-is-layout-flow\" style=\"flex-basis:15%\">\n<figure class=\"wp-block-image size-thumbnail is-style-default\"><img loading=\"lazy\" decoding=\"async\" width=\"150\" height=\"150\" src=\"https:\/\/www.ofg.uni-osnabrueck.de\/wp-content\/uploads\/2022\/03\/Ulrich-Schneckener_03-150x150.jpg\" alt=\"\" class=\"wp-image-6869\"\/><figcaption class=\"wp-element-caption\">\u00a9 Universit\u00e4t Osnabr\u00fcck<\/figcaption><\/figure>\n<\/div>\n\n\n\n<div class=\"wp-block-column is-layout-flow wp-block-column-is-layout-flow\" style=\"flex-basis:85%\">\n<h3 class=\"wp-block-heading\"><strong><strong>Prof. Dr. Ulrich Schneckener<\/strong><\/strong><\/h3>\n\n\n\n<p>Professor of International Relations &amp; Peace and Conflict Research at the University of Osnabr\u00fcck and member of the Institute for Migration Research and Intercultural Studies (IMIS)<\/p>\n<\/div>\n<\/div>\n\n\n\n<div class=\"wp-block-columns is-layout-flex wp-container-core-columns-is-layout-9d6595d7 wp-block-columns-is-layout-flex\">\n<div class=\"wp-block-column is-layout-flow wp-block-column-is-layout-flow\" style=\"flex-basis:15%\">\n<figure class=\"wp-block-image size-thumbnail\"><img loading=\"lazy\" decoding=\"async\" width=\"1708\" height=\"2009\" src=\"https:\/\/www.ofg.uni-osnabrueck.de\/wp-content\/uploads\/2022\/03\/Ricarda-Vulpius_Foto-WWU-1-scaled-e1646290102991.jpg\" alt=\"\" class=\"wp-image-6782\" srcset=\"https:\/\/www.ofg.uni-osnabrueck.de\/wp-content\/uploads\/2022\/03\/Ricarda-Vulpius_Foto-WWU-1-scaled-e1646290102991.jpg 1708w, https:\/\/www.ofg.uni-osnabrueck.de\/wp-content\/uploads\/2022\/03\/Ricarda-Vulpius_Foto-WWU-1-scaled-e1646290102991-255x300.jpg 255w, https:\/\/www.ofg.uni-osnabrueck.de\/wp-content\/uploads\/2022\/03\/Ricarda-Vulpius_Foto-WWU-1-scaled-e1646290102991-871x1024.jpg 871w, https:\/\/www.ofg.uni-osnabrueck.de\/wp-content\/uploads\/2022\/03\/Ricarda-Vulpius_Foto-WWU-1-scaled-e1646290102991-768x903.jpg 768w, https:\/\/www.ofg.uni-osnabrueck.de\/wp-content\/uploads\/2022\/03\/Ricarda-Vulpius_Foto-WWU-1-scaled-e1646290102991-1306x1536.jpg 1306w\" sizes=\"auto, (max-width: 1708px) 100vw, 1708px\" \/><figcaption class=\"wp-element-caption\">\u00a9 WWU<\/figcaption><\/figure>\n<\/div>\n\n\n\n<div class=\"wp-block-column is-layout-flow wp-block-column-is-layout-flow\" style=\"flex-basis:85%\">\n<h3 class=\"wp-block-heading\"><strong><strong>Prof. Dr. Ricarda Vulpius<\/strong><\/strong><\/h3>\n\n\n\n<p>Professor of East European and East Central European history at the Westphalian Wilhelms University of M\u00fcnster and expert on Russian and Ukrainian history<\/p>\n<\/div>\n<\/div>\n<\/div>\n\n\n\n<div class=\"wp-block-column is-layout-flow wp-block-column-is-layout-flow\" style=\"flex-basis:0%\"><\/div>\n<\/div>\n\n\n\n<p><strong>Moderation<\/strong><br>Prof. Dr. Susanne Menzel-Riedl, Osnabr\u00fcck University<\/p>\n\n\n\n<hr class=\"wp-block-separator has-css-opacity\"\/>\n\n\n\n<p>Since February 24, our lives have been dominated by bewilderment and horror &#8211; the war in Ukraine has shaken the world. Russia&#8217;s war of aggression, which violates international law and which we are currently experiencing, represents a turning point that previously seemed unimaginable. A special peace talk on the war in Ukraine was held as a livestream to provide an academic perspective on the situation in Ukraine and shed light on the events and consequences. Renowned academics from the University of Osnabr\u00fcck and the University of M\u00fcnster looked at the historical roots of the conflict and how the two countries see themselves, as well as the global impact and effectiveness of the sanctions. The topics of flight and migration and the role of Germany were also examined. The unscheduled panel discussion was moderated by the University President, Prof. Dr. Susanne Menzel-Riedl.<\/p>\n\n\n\n<hr class=\"wp-block-separator has-css-opacity\"\/>\n\n\n\n<p><strong>March 7, 2022, 6 pm, Livestream <\/strong><\/p>\n\n\n\n<hr class=\"wp-block-separator has-css-opacity\"\/>\n\n\n\n<div class=\"wp-block-columns is-layout-flex wp-container-core-columns-is-layout-9d6595d7 wp-block-columns-is-layout-flex\">\n<div class=\"wp-block-column is-layout-flow wp-block-column-is-layout-flow\">\n<p><strong><strong>Picture gallery<\/strong><\/strong><\/p>\n\n\n\n<figure class=\"wp-block-gallery has-nested-images columns-0 is-cropped wp-block-gallery-1 is-layout-flex wp-block-gallery-is-layout-flex\">\n<figure class=\"wp-block-image size-large\"><a href=\"https:\/\/www.ofg.uni-osnabrueck.de\/wp-content\/uploads\/2022\/03\/DSC9192-1024x641.jpg\"><img loading=\"lazy\" decoding=\"async\" width=\"1024\" height=\"641\" data-id=\"6912\" src=\"https:\/\/www.ofg.uni-osnabrueck.de\/wp-content\/uploads\/2022\/03\/DSC9192-1024x641.jpg\" alt=\"\" class=\"wp-image-6912\" srcset=\"https:\/\/www.ofg.uni-osnabrueck.de\/wp-content\/uploads\/2022\/03\/DSC9192-1024x641.jpg 1024w, https:\/\/www.ofg.uni-osnabrueck.de\/wp-content\/uploads\/2022\/03\/DSC9192-300x188.jpg 300w, https:\/\/www.ofg.uni-osnabrueck.de\/wp-content\/uploads\/2022\/03\/DSC9192-768x480.jpg 768w, https:\/\/www.ofg.uni-osnabrueck.de\/wp-content\/uploads\/2022\/03\/DSC9192-1536x961.jpg 1536w, https:\/\/www.ofg.uni-osnabrueck.de\/wp-content\/uploads\/2022\/03\/DSC9192-2048x1281.jpg 2048w\" sizes=\"auto, (max-width: 1024px) 100vw, 1024px\" \/><\/a><figcaption class=\"wp-element-caption\">\u00a9 Osnabr\u00fccker Friedensgespr\u00e4che | Uwe Lewandowski<\/figcaption><\/figure>\n\n\n\n<figure class=\"wp-block-image size-large\"><a href=\"https:\/\/www.ofg.uni-osnabrueck.de\/wp-content\/uploads\/2022\/03\/DSC9098-1024x683.jpg\"><img loading=\"lazy\" decoding=\"async\" width=\"1024\" height=\"683\" data-id=\"6929\" src=\"https:\/\/www.ofg.uni-osnabrueck.de\/wp-content\/uploads\/2022\/03\/DSC9098-1024x683.jpg\" alt=\"\" class=\"wp-image-6929\" srcset=\"https:\/\/www.ofg.uni-osnabrueck.de\/wp-content\/uploads\/2022\/03\/DSC9098-1024x683.jpg 1024w, https:\/\/www.ofg.uni-osnabrueck.de\/wp-content\/uploads\/2022\/03\/DSC9098-300x200.jpg 300w, https:\/\/www.ofg.uni-osnabrueck.de\/wp-content\/uploads\/2022\/03\/DSC9098-768x513.jpg 768w, https:\/\/www.ofg.uni-osnabrueck.de\/wp-content\/uploads\/2022\/03\/DSC9098-1536x1025.jpg 1536w, https:\/\/www.ofg.uni-osnabrueck.de\/wp-content\/uploads\/2022\/03\/DSC9098-2048x1367.jpg 2048w\" sizes=\"auto, (max-width: 1024px) 100vw, 1024px\" \/><\/a><figcaption class=\"wp-element-caption\">Prof. Dr. Valerya Dinger, \u00a9 Osnabr\u00fccker Friedensgespr\u00e4che | Uwe Lewandowski<\/figcaption><\/figure>\n\n\n\n<figure class=\"wp-block-image size-large\"><a href=\"https:\/\/www.ofg.uni-osnabrueck.de\/wp-content\/uploads\/2022\/03\/DSC9188-1024x683.jpg\"><img loading=\"lazy\" decoding=\"async\" width=\"1024\" height=\"683\" data-id=\"6923\" src=\"https:\/\/www.ofg.uni-osnabrueck.de\/wp-content\/uploads\/2022\/03\/DSC9188-1024x683.jpg\" alt=\"\" class=\"wp-image-6923\" srcset=\"https:\/\/www.ofg.uni-osnabrueck.de\/wp-content\/uploads\/2022\/03\/DSC9188-1024x683.jpg 1024w, https:\/\/www.ofg.uni-osnabrueck.de\/wp-content\/uploads\/2022\/03\/DSC9188-300x200.jpg 300w, https:\/\/www.ofg.uni-osnabrueck.de\/wp-content\/uploads\/2022\/03\/DSC9188-768x513.jpg 768w, https:\/\/www.ofg.uni-osnabrueck.de\/wp-content\/uploads\/2022\/03\/DSC9188-1536x1025.jpg 1536w, https:\/\/www.ofg.uni-osnabrueck.de\/wp-content\/uploads\/2022\/03\/DSC9188-2048x1367.jpg 2048w\" sizes=\"auto, (max-width: 1024px) 100vw, 1024px\" \/><\/a><figcaption class=\"wp-element-caption\">Dr. Franck D\u00fcvell, \u00a9 Osnabr\u00fccker Friedensgespr\u00e4che | Uwe Lewandowski<\/figcaption><\/figure>\n\n\n\n<figure class=\"wp-block-image size-large\"><a href=\"https:\/\/www.ofg.uni-osnabrueck.de\/wp-content\/uploads\/2022\/03\/DSC9146-1024x683.jpg\"><img loading=\"lazy\" decoding=\"async\" width=\"1024\" height=\"683\" data-id=\"6918\" src=\"https:\/\/www.ofg.uni-osnabrueck.de\/wp-content\/uploads\/2022\/03\/DSC9146-1024x683.jpg\" alt=\"\" class=\"wp-image-6918\" srcset=\"https:\/\/www.ofg.uni-osnabrueck.de\/wp-content\/uploads\/2022\/03\/DSC9146-1024x683.jpg 1024w, https:\/\/www.ofg.uni-osnabrueck.de\/wp-content\/uploads\/2022\/03\/DSC9146-300x200.jpg 300w, https:\/\/www.ofg.uni-osnabrueck.de\/wp-content\/uploads\/2022\/03\/DSC9146-768x513.jpg 768w, https:\/\/www.ofg.uni-osnabrueck.de\/wp-content\/uploads\/2022\/03\/DSC9146-1536x1025.jpg 1536w, https:\/\/www.ofg.uni-osnabrueck.de\/wp-content\/uploads\/2022\/03\/DSC9146-2048x1367.jpg 2048w\" sizes=\"auto, (max-width: 1024px) 100vw, 1024px\" \/><\/a><figcaption class=\"wp-element-caption\">Prof. Dr. Ulrich Schneckener, \u00a9 Osnabr\u00fccker Friedensgespr\u00e4che | Uwe Lewandowski<\/figcaption><\/figure>\n\n\n\n<figure class=\"wp-block-image size-large\"><a href=\"https:\/\/www.ofg.uni-osnabrueck.de\/wp-content\/uploads\/2022\/03\/DSC9178-1024x683.jpg\"><img loading=\"lazy\" decoding=\"async\" width=\"1024\" height=\"683\" data-id=\"6946\" src=\"https:\/\/www.ofg.uni-osnabrueck.de\/wp-content\/uploads\/2022\/03\/DSC9178-1024x683.jpg\" alt=\"\" class=\"wp-image-6946\" srcset=\"https:\/\/www.ofg.uni-osnabrueck.de\/wp-content\/uploads\/2022\/03\/DSC9178-1024x683.jpg 1024w, https:\/\/www.ofg.uni-osnabrueck.de\/wp-content\/uploads\/2022\/03\/DSC9178-300x200.jpg 300w, https:\/\/www.ofg.uni-osnabrueck.de\/wp-content\/uploads\/2022\/03\/DSC9178-768x513.jpg 768w, https:\/\/www.ofg.uni-osnabrueck.de\/wp-content\/uploads\/2022\/03\/DSC9178-1536x1025.jpg 1536w, https:\/\/www.ofg.uni-osnabrueck.de\/wp-content\/uploads\/2022\/03\/DSC9178-2048x1367.jpg 2048w\" sizes=\"auto, (max-width: 1024px) 100vw, 1024px\" \/><\/a><figcaption class=\"wp-element-caption\">Prof. Dr. Ricarda Vulpius, \u00a9 Osnabr\u00fccker Friedensgespr\u00e4che | Uwe Lewandowski<\/figcaption><\/figure>\n\n\n\n<figure class=\"wp-block-image size-large\"><a href=\"https:\/\/www.ofg.uni-osnabrueck.de\/wp-content\/uploads\/2022\/03\/DSC9162-1024x683.jpg\"><img loading=\"lazy\" decoding=\"async\" width=\"1024\" height=\"683\" data-id=\"6940\" src=\"https:\/\/www.ofg.uni-osnabrueck.de\/wp-content\/uploads\/2022\/03\/DSC9162-1024x683.jpg\" alt=\"\" class=\"wp-image-6940\" srcset=\"https:\/\/www.ofg.uni-osnabrueck.de\/wp-content\/uploads\/2022\/03\/DSC9162-1024x683.jpg 1024w, https:\/\/www.ofg.uni-osnabrueck.de\/wp-content\/uploads\/2022\/03\/DSC9162-300x200.jpg 300w, https:\/\/www.ofg.uni-osnabrueck.de\/wp-content\/uploads\/2022\/03\/DSC9162-768x513.jpg 768w, https:\/\/www.ofg.uni-osnabrueck.de\/wp-content\/uploads\/2022\/03\/DSC9162-1536x1025.jpg 1536w, https:\/\/www.ofg.uni-osnabrueck.de\/wp-content\/uploads\/2022\/03\/DSC9162-2048x1367.jpg 2048w\" sizes=\"auto, (max-width: 1024px) 100vw, 1024px\" \/><\/a><figcaption class=\"wp-element-caption\">Prof. Dr. Susanne Menzel-Riedl, \u00a9 Osnabr\u00fccker Friedensgespr\u00e4che | Uwe Lewandowski<\/figcaption><\/figure>\n\n\n\n<figure class=\"wp-block-image size-large\"><a href=\"https:\/\/www.ofg.uni-osnabrueck.de\/wp-content\/uploads\/2022\/03\/DSC9050-1024x705.jpg\"><img loading=\"lazy\" decoding=\"async\" width=\"1024\" height=\"705\" data-id=\"6907\" src=\"https:\/\/www.ofg.uni-osnabrueck.de\/wp-content\/uploads\/2022\/03\/DSC9050-1024x705.jpg\" alt=\"\" class=\"wp-image-6907\" srcset=\"https:\/\/www.ofg.uni-osnabrueck.de\/wp-content\/uploads\/2022\/03\/DSC9050-1024x705.jpg 1024w, https:\/\/www.ofg.uni-osnabrueck.de\/wp-content\/uploads\/2022\/03\/DSC9050-300x207.jpg 300w, https:\/\/www.ofg.uni-osnabrueck.de\/wp-content\/uploads\/2022\/03\/DSC9050-768x529.jpg 768w, https:\/\/www.ofg.uni-osnabrueck.de\/wp-content\/uploads\/2022\/03\/DSC9050-1536x1058.jpg 1536w, https:\/\/www.ofg.uni-osnabrueck.de\/wp-content\/uploads\/2022\/03\/DSC9050-2048x1410.jpg 2048w\" sizes=\"auto, (max-width: 1024px) 100vw, 1024px\" \/><\/a><figcaption class=\"wp-element-caption\">\u00a9 Osnabr\u00fccker Friedensgespr\u00e4che | Uwe Lewandowski<\/figcaption><\/figure>\n<figcaption class=\"blocks-gallery-caption wp-element-caption\">\u00a9 Osnabr\u00fccker Friedensgespr\u00e4che | Uwe Lewandowski<\/figcaption><\/figure>\n<\/div>\n\n\n\n<div class=\"wp-block-column is-layout-flow wp-block-column-is-layout-flow\">\n<h4 class=\"wp-block-heading\"><strong><strong>Video recordings<\/strong><\/strong><\/h4>\n\n\n<figure class=\"wp-block-embed-youtube wp-block-embed is-type-video is-provider-youtube wp-embed-aspect-16-9 wp-has-aspect-ratio\"><div class=\"lyte-wrapper\" title=\"Zeitenwende &ndash; Sonderfriedensgespr&auml;ch zum Krieg in der Ukraine\" style=\"width:853px;max-width:100%;margin:5px auto;\"><div class=\"lyMe hidef\" id=\"WYL_YPsr_cq9dv0\" itemprop=\"video\" itemscope itemtype=\"https:\/\/schema.org\/VideoObject\"><div><meta itemprop=\"thumbnailUrl\" content=\"https:\/\/www.ofg.uni-osnabrueck.de\/wp-content\/plugins\/wp-youtube-lyte\/lyteCache.php?origThumbUrl=https%3A%2F%2Fi.ytimg.com%2Fvi%2FYPsr_cq9dv0%2Fmaxresdefault.jpg\" \/><meta itemprop=\"embedURL\" content=\"https:\/\/www.youtube.com\/embed\/YPsr_cq9dv0\" \/><meta itemprop=\"duration\" content=\"PT1H42M48S\" \/><meta itemprop=\"uploadDate\" content=\"2022-03-08T06:54:02Z\" \/><\/div><div id=\"lyte_YPsr_cq9dv0\" data-src=\"https:\/\/www.ofg.uni-osnabrueck.de\/wp-content\/plugins\/wp-youtube-lyte\/lyteCache.php?origThumbUrl=https%3A%2F%2Fi.ytimg.com%2Fvi%2FYPsr_cq9dv0%2Fmaxresdefault.jpg\" class=\"pL\"><div class=\"tC\"><div class=\"tT\" itemprop=\"name\">Zeitenwende \u2013 Sonderfriedensgespr\u00e4ch zum Krieg in der Ukraine<\/div><\/div><div class=\"play\"><\/div><div class=\"ctrl\"><div class=\"Lctrl\"><\/div><div class=\"Rctrl\"><\/div><\/div><\/div><noscript><a href=\"https:\/\/youtu.be\/YPsr_cq9dv0\" rel=\"nofollow\"><img loading=\"lazy\" decoding=\"async\" src=\"https:\/\/www.ofg.uni-osnabrueck.de\/wp-content\/plugins\/wp-youtube-lyte\/lyteCache.php?origThumbUrl=https%3A%2F%2Fi.ytimg.com%2Fvi%2FYPsr_cq9dv0%2F0.jpg\" alt=\"Zeitenwende &ndash; Sonderfriedensgespr&auml;ch zum Krieg in der Ukraine\" width=\"853\" height=\"460\" \/><br \/>Watch this video on YouTube<\/a><\/noscript><meta itemprop=\"description\" content=\"Fassungslosigkeit und Entsetzen bestimmen seit dem 24. Februar unser Leben \u2013 der Krieg in der Ukraine ersch\u00fcttert die Welt. Der v\u00f6lkerrechtswidrige Angriffskrieg Russlands, den wir gerade erleben, bedeutet eine Zeitenwende, die bislang unvorstellbar schien. Um die Lage in der Ukraine wissenschaftlich einzuordnen und die Geschehnisse und Folgen zu beleuchten, findet ein Sonderfriedensgespr\u00e4ch zum Krieg in der Ukraine als Livestream statt. Renommierte Wissenschaftlerinnen und Wissenschaftler der Universit\u00e4t Osnabr\u00fcck und der Universit\u00e4t M\u00fcnster werden sowohl die historischen Wurzeln des Konflikts und das Selbstverst\u00e4ndnis der beiden L\u00e4nder als auch die globalen Auswirkungen und die Wirksamkeit der Sanktionen in den Blick nehmen. Zudem werden die Themen Flucht und Migration und die Rolle Deutschlands betrachtet. Auf dem Podium diskutieren Prof. Dr. Valeriya Dinger (Professorin f\u00fcr Makro\u00f6konomik am Institut f\u00fcr Empirische Wirtschaftsforschung der Universit\u00e4t Osnabr\u00fcck), Dr. Franck D\u00fcvell (Migrationswissenschaftler am Institut f\u00fcr Migrationsforschung und Interkulturelle Studien der Universit\u00e4t Osnabr\u00fcck), Prof. Dr. Ulrich Schneckener (Professor f\u00fcr Internationale Beziehungen &amp; Friedens- und Konfliktforschung der Universit\u00e4t Osnabr\u00fcck und Mitglied des Instituts f\u00fcr Migrationsforschung und Interkulturelle Studien) und Prof. Dr. Ricarda Vulpius (Professorin f\u00fcr Osteurop\u00e4ische und Ostmitteleurop\u00e4ische Geschichte an der Westf\u00e4lischen Wilhelms-Universit\u00e4t M\u00fcnster und Expertin f\u00fcr russl\u00e4ndische und ukrainische Geschichte). Moderiert wird die au\u00dferplanm\u00e4\u00dfige Diskussionsrunde durch die Universit\u00e4tspr\u00e4sidentin, Prof. Dr. Susanne Menzel-Riedl.\"><\/div><\/div><div class=\"lL\" style=\"max-width:100%;width:853px;margin:5px auto;\"><br\/><span class=\"lyte_disclaimer\">Bitte beachten Sie unsere Datenschutzerkl\u00e4rung. Wenn Sie das Video abspielen, werden Daten an YouTube gesendet.<\/span><\/div><figcaption><\/figcaption><\/figure><\/div>\n<\/div>\n","protected":false},"excerpt":{"rendered":"<p>Panel discussion with Prof. Dr. Valeriya Dinger Professor of macroeconomics at the Institute for Empirical Economic Research at the University of Osnabr\u00fcck Dr. Franck D\u00fcvell Migration scientist at the Institute for Migration Research and Intercultural Studies (IMIS) at the University of Osnabr\u00fcck Prof. Dr. Ulrich Schneckener Professor of International Relations &amp; Peace and Conflict Research &#8230; <a title=\"Zeitenwende \u2013 Sonderfriedensgespr\u00e4ch zum Krieg in der Ukraine (\u201eTurning point\u201c &#8211; Special peace talk on the war in Ukraine)\" class=\"read-more\" href=\"https:\/\/www.ofg.uni-osnabrueck.de\/en\/zeitenwende-sonderfriedensgesprach-zum-krieg-in-der-ukraine-turning-point-special-peace-talk-on-the-war-in-ukraine\/\" aria-label=\"Read more about Zeitenwende \u2013 Sonderfriedensgespr\u00e4ch zum Krieg in der Ukraine (\u201eTurning point\u201c &#8211; Special peace talk on the war in Ukraine)\">Read more<\/a><\/p>\n","protected":false},"author":2,"featured_media":6910,"comment_status":"closed","ping_status":"closed","sticky":false,"template":"","format":"standard","meta":{"footnotes":""},"categories":[110,44,88],"tags":[],"class_list":["post-13100","post","type-post","status-publish","format-standard","has-post-thumbnail","hentry","category-homepage","category-nicht-kategorisiert-en","category-talks-and-debate","generate-columns","tablet-grid-50","mobile-grid-100","grid-parent","grid-50"],"wps_subtitle":"","_links":{"self":[{"href":"https:\/\/www.ofg.uni-osnabrueck.de\/en\/wp-json\/wp\/v2\/posts\/13100","targetHints":{"allow":["GET"]}}],"collection":[{"href":"https:\/\/www.ofg.uni-osnabrueck.de\/en\/wp-json\/wp\/v2\/posts"}],"about":[{"href":"https:\/\/www.ofg.uni-osnabrueck.de\/en\/wp-json\/wp\/v2\/types\/post"}],"author":[{"embeddable":true,"href":"https:\/\/www.ofg.uni-osnabrueck.de\/en\/wp-json\/wp\/v2\/users\/2"}],"replies":[{"embeddable":true,"href":"https:\/\/www.ofg.uni-osnabrueck.de\/en\/wp-json\/wp\/v2\/comments?post=13100"}],"version-history":[{"count":4,"href":"https:\/\/www.ofg.uni-osnabrueck.de\/en\/wp-json\/wp\/v2\/posts\/13100\/revisions"}],"predecessor-version":[{"id":13307,"href":"https:\/\/www.ofg.uni-osnabrueck.de\/en\/wp-json\/wp\/v2\/posts\/13100\/revisions\/13307"}],"wp:featuredmedia":[{"embeddable":true,"href":"https:\/\/www.ofg.uni-osnabrueck.de\/en\/wp-json\/wp\/v2\/media\/6910"}],"wp:attachment":[{"href":"https:\/\/www.ofg.uni-osnabrueck.de\/en\/wp-json\/wp\/v2\/media?parent=13100"}],"wp:term":[{"taxonomy":"category","embeddable":true,"href":"https:\/\/www.ofg.uni-osnabrueck.de\/en\/wp-json\/wp\/v2\/categories?post=13100"},{"taxonomy":"post_tag","embeddable":true,"href":"https:\/\/www.ofg.uni-osnabrueck.de\/en\/wp-json\/wp\/v2\/tags?post=13100"}],"curies":[{"name":"wp","href":"https:\/\/api.w.org\/{rel}","templated":true}]}}