{"id":13089,"date":"2023-10-26T13:08:00","date_gmt":"2023-10-26T11:08:00","guid":{"rendered":"https:\/\/www.ofg.uni-osnabrueck.de\/?p=13089"},"modified":"2024-03-11T14:43:54","modified_gmt":"2024-03-11T13:43:54","slug":"die-zukunft-europas-und-die-rolle-der-religionen-the-future-of-europe-and-the-role-of-religions","status":"publish","type":"post","link":"https:\/\/www.ofg.uni-osnabrueck.de\/en\/die-zukunft-europas-und-die-rolle-der-religionen-the-future-of-europe-and-the-role-of-religions\/","title":{"rendered":"Die Zukunft Europas und die Rolle der Religionen (The future of Europe and the role of religions)"},"content":{"rendered":"\n<div class=\"wp-block-columns is-layout-flex wp-container-core-columns-is-layout-9d6595d7 wp-block-columns-is-layout-flex\">\n<div class=\"wp-block-column is-layout-flow wp-block-column-is-layout-flow\" style=\"flex-basis:100%\">\n<p><strong>Peace talks in cooperation with the Round Table of Religions Germany<\/strong><\/p>\n\n\n\n<p>Panel discussion with representatives of the Round Table of Religions Germany and<\/p>\n\n\n<div class=\"wp-block-image is-resized\">\n<figure class=\"alignleft size-large\"><img loading=\"lazy\" decoding=\"async\" width=\"900\" height=\"900\" src=\"https:\/\/www.ofg.uni-osnabrueck.de\/wp-content\/uploads\/2023\/08\/Foto_SonyaZOuertani.jpg\" alt=\"\" class=\"wp-image-11701\" style=\"width:175px;height:auto\" srcset=\"https:\/\/www.ofg.uni-osnabrueck.de\/wp-content\/uploads\/2023\/08\/Foto_SonyaZOuertani.jpg 900w, https:\/\/www.ofg.uni-osnabrueck.de\/wp-content\/uploads\/2023\/08\/Foto_SonyaZOuertani-300x300.jpg 300w, https:\/\/www.ofg.uni-osnabrueck.de\/wp-content\/uploads\/2023\/08\/Foto_SonyaZOuertani-150x150.jpg 150w, https:\/\/www.ofg.uni-osnabrueck.de\/wp-content\/uploads\/2023\/08\/Foto_SonyaZOuertani-768x768.jpg 768w\" sizes=\"auto, (max-width: 900px) 100vw, 900px\" \/><figcaption class=\"wp-element-caption\">\u00a9 privat<\/figcaption><\/figure><\/div>\n\n\n<p><\/p>\n\n\n\n<h3 class=\"wp-block-heading\"><strong><strong>Sonya Zayneb Ouertani<\/strong><\/strong><\/h3>\n\n\n\n<div class=\"wp-block-columns is-layout-flex wp-container-core-columns-is-layout-9d6595d7 wp-block-columns-is-layout-flex\">\n<div class=\"wp-block-column is-layout-flow wp-block-column-is-layout-flow\" style=\"flex-basis:85%\">\n<p>Senior Fellow bei Humanity in Action<\/p>\n<\/div>\n<\/div>\n\n\n\n<p><\/p>\n<\/div>\n\n\n\n<div class=\"wp-block-column is-layout-flow wp-block-column-is-layout-flow\" style=\"flex-basis:0%\"><\/div>\n<\/div>\n\n\n\n<div class=\"wp-block-columns is-layout-flex wp-container-core-columns-is-layout-9d6595d7 wp-block-columns-is-layout-flex\">\n<div class=\"wp-block-column is-layout-flow wp-block-column-is-layout-flow\" style=\"flex-basis:100%\"><div class=\"wp-block-image is-resized\">\n<figure class=\"alignleft size-large\"><img loading=\"lazy\" decoding=\"async\" width=\"879\" height=\"909\" src=\"https:\/\/www.ofg.uni-osnabrueck.de\/wp-content\/uploads\/2023\/08\/MAIL21Q7A3197oK_Fotograf-Laurence-Chaperon.jpg\" alt=\"\" class=\"wp-image-11692\" style=\"width:172px;height:auto\" srcset=\"https:\/\/www.ofg.uni-osnabrueck.de\/wp-content\/uploads\/2023\/08\/MAIL21Q7A3197oK_Fotograf-Laurence-Chaperon.jpg 879w, https:\/\/www.ofg.uni-osnabrueck.de\/wp-content\/uploads\/2023\/08\/MAIL21Q7A3197oK_Fotograf-Laurence-Chaperon-290x300.jpg 290w, https:\/\/www.ofg.uni-osnabrueck.de\/wp-content\/uploads\/2023\/08\/MAIL21Q7A3197oK_Fotograf-Laurence-Chaperon-768x794.jpg 768w\" sizes=\"auto, (max-width: 879px) 100vw, 879px\" \/><figcaption class=\"wp-element-caption\">\u00a9 Laurence Chaperon<\/figcaption><\/figure><\/div>\n\n\n<h3 class=\"wp-block-heading\"><strong>Christian Wulff<\/strong><\/h3>\n\n\n\n<p>Federal President (retired)<\/p>\n<\/div>\n<\/div>\n\n\n\n<div class=\"wp-block-columns is-layout-flex wp-container-core-columns-is-layout-9d6595d7 wp-block-columns-is-layout-flex\">\n<div class=\"wp-block-column is-layout-flow wp-block-column-is-layout-flow\" style=\"flex-basis:100%\"><div class=\"wp-block-image is-resized\">\n<figure class=\"alignleft size-large\"><img loading=\"lazy\" decoding=\"async\" width=\"567\" height=\"550\" src=\"https:\/\/www.ofg.uni-osnabrueck.de\/wp-content\/uploads\/2023\/02\/Bild1.jpg\" alt=\"\" class=\"wp-image-8212\" style=\"width:170px;height:auto\" srcset=\"https:\/\/www.ofg.uni-osnabrueck.de\/wp-content\/uploads\/2023\/02\/Bild1.jpg 567w, https:\/\/www.ofg.uni-osnabrueck.de\/wp-content\/uploads\/2023\/02\/Bild1-300x291.jpg 300w\" sizes=\"auto, (max-width: 567px) 100vw, 567px\" \/><figcaption class=\"wp-element-caption\">\u00a9 Olaf Kosinsky<\/figcaption><\/figure><\/div>\n\n\n<div class=\"wp-block-columns is-layout-flex wp-container-core-columns-is-layout-9d6595d7 wp-block-columns-is-layout-flex\">\n<div class=\"wp-block-column is-layout-flow wp-block-column-is-layout-flow\" style=\"flex-basis:85%\">\n<h3 class=\"wp-block-heading\"><strong><strong><strong>Prof. Dr. Hans-Gert P\u00f6ttering<\/strong><\/strong><\/strong><\/h3>\n\n\n\n<p>President of the European Parliament (retired) <\/p>\n<\/div>\n<\/div>\n<\/div>\n\n\n\n<div class=\"wp-block-column is-layout-flow wp-block-column-is-layout-flow\" style=\"flex-basis:0%\"><\/div>\n<\/div>\n\n\n\n<p><strong><strong>Moderator<\/strong><\/strong><br>Prof. Dr. Reinhold Mokrosch, Osnabr\u00fcck University<\/p>\n\n\n\n<p><strong>Musical accompaniment<\/strong><br>Pierre Yves Locher<\/p>\n\n\n\n<hr class=\"wp-block-separator has-css-opacity\"\/>\n\n\n\n<p>&#8220;Future&#8221; &#8211; this is the theme of the month of October in the 375th anniversary year of the Peace of Westphalia. With this in mind, the Peace Talks in cooperation with the Round Table of Religions Germany will address key questions concerning the future of Europe and the role of religions.<\/p>\n\n\n\n<p>Can religions create peace in Europe and is this possible in close cooperation with politics and society? What significance can religions have in the future and what should be the relationship between state and religion? Should they take on social, educational and socio-political tasks, for example in political parties and parliaments, in the healthcare system, in schools and education, in the world of work, in security and migration policy?<\/p>\n\n\n\n<p>These and other questions were discussed by Sonya Zayneb Ouertani, Senior Fellow at Humanity in Action, Prof. Dr. Hans-Gert P\u00f6ttering, former President of the EU Parliament. Christian Wulff, former Federal President of Germany, and representatives of the Round Table of Religions Germany.<\/p>\n\n\n\n<p>The panel discussion was also the closing event of the annual conference of the Round Table of Religions in Germany, which took place in Osnabr\u00fcck this year.<\/p>\n\n\n\n<p><\/p>\n\n\n\n<p><strong>Oktober 26, 2023, University Auditorium, 18:30 pm, Neuer Graben 29 \/ Schloss<\/strong><\/p>\n\n\n\n<div class=\"wp-block-columns is-layout-flex wp-container-core-columns-is-layout-9d6595d7 wp-block-columns-is-layout-flex\"><\/div>\n\n\n\n<div class=\"wp-block-columns is-layout-flex wp-container-core-columns-is-layout-9d6595d7 wp-block-columns-is-layout-flex\">\n<div class=\"wp-block-column is-layout-flow wp-block-column-is-layout-flow\">\n<h4 class=\"wp-block-heading\"><strong><strong>Picture gallery<\/strong><\/strong><\/h4>\n\n\n\n<figure class=\"wp-block-gallery has-nested-images columns-default is-cropped wp-block-gallery-1 is-layout-flex wp-block-gallery-is-layout-flex\">\n<figure class=\"wp-block-image size-large\"><img loading=\"lazy\" decoding=\"async\" width=\"1024\" height=\"683\" data-id=\"12486\" src=\"https:\/\/www.ofg.uni-osnabrueck.de\/wp-content\/uploads\/2023\/10\/DSC5987-1-1024x683.jpg\" alt=\"\" class=\"wp-image-12486\" srcset=\"https:\/\/www.ofg.uni-osnabrueck.de\/wp-content\/uploads\/2023\/10\/DSC5987-1-1024x683.jpg 1024w, https:\/\/www.ofg.uni-osnabrueck.de\/wp-content\/uploads\/2023\/10\/DSC5987-1-300x200.jpg 300w, https:\/\/www.ofg.uni-osnabrueck.de\/wp-content\/uploads\/2023\/10\/DSC5987-1-768x512.jpg 768w, https:\/\/www.ofg.uni-osnabrueck.de\/wp-content\/uploads\/2023\/10\/DSC5987-1-1536x1024.jpg 1536w, https:\/\/www.ofg.uni-osnabrueck.de\/wp-content\/uploads\/2023\/10\/DSC5987-1-2048x1365.jpg 2048w\" sizes=\"auto, (max-width: 1024px) 100vw, 1024px\" \/><\/figure>\n\n\n\n<figure class=\"wp-block-image size-large\"><img loading=\"lazy\" decoding=\"async\" width=\"1024\" height=\"683\" data-id=\"12448\" src=\"https:\/\/www.ofg.uni-osnabrueck.de\/wp-content\/uploads\/2023\/10\/DSC5992-1024x683.jpg\" alt=\"\" class=\"wp-image-12448\" srcset=\"https:\/\/www.ofg.uni-osnabrueck.de\/wp-content\/uploads\/2023\/10\/DSC5992-1024x683.jpg 1024w, https:\/\/www.ofg.uni-osnabrueck.de\/wp-content\/uploads\/2023\/10\/DSC5992-300x200.jpg 300w, https:\/\/www.ofg.uni-osnabrueck.de\/wp-content\/uploads\/2023\/10\/DSC5992-768x512.jpg 768w, https:\/\/www.ofg.uni-osnabrueck.de\/wp-content\/uploads\/2023\/10\/DSC5992-1536x1024.jpg 1536w, https:\/\/www.ofg.uni-osnabrueck.de\/wp-content\/uploads\/2023\/10\/DSC5992-2048x1365.jpg 2048w\" sizes=\"auto, (max-width: 1024px) 100vw, 1024px\" \/><\/figure>\n\n\n\n<figure class=\"wp-block-image size-large\"><img loading=\"lazy\" decoding=\"async\" width=\"1024\" height=\"683\" data-id=\"12454\" src=\"https:\/\/www.ofg.uni-osnabrueck.de\/wp-content\/uploads\/2023\/10\/DSC6025-1024x683.jpg\" alt=\"\" class=\"wp-image-12454\" srcset=\"https:\/\/www.ofg.uni-osnabrueck.de\/wp-content\/uploads\/2023\/10\/DSC6025-1024x683.jpg 1024w, https:\/\/www.ofg.uni-osnabrueck.de\/wp-content\/uploads\/2023\/10\/DSC6025-300x200.jpg 300w, https:\/\/www.ofg.uni-osnabrueck.de\/wp-content\/uploads\/2023\/10\/DSC6025-768x512.jpg 768w, https:\/\/www.ofg.uni-osnabrueck.de\/wp-content\/uploads\/2023\/10\/DSC6025-1536x1024.jpg 1536w, https:\/\/www.ofg.uni-osnabrueck.de\/wp-content\/uploads\/2023\/10\/DSC6025-2048x1365.jpg 2048w\" sizes=\"auto, (max-width: 1024px) 100vw, 1024px\" \/><\/figure>\n\n\n\n<figure class=\"wp-block-image size-large\"><img loading=\"lazy\" decoding=\"async\" width=\"1024\" height=\"683\" data-id=\"12469\" src=\"https:\/\/www.ofg.uni-osnabrueck.de\/wp-content\/uploads\/2023\/10\/DSC6045-1024x683.jpg\" alt=\"\" class=\"wp-image-12469\" srcset=\"https:\/\/www.ofg.uni-osnabrueck.de\/wp-content\/uploads\/2023\/10\/DSC6045-1024x683.jpg 1024w, https:\/\/www.ofg.uni-osnabrueck.de\/wp-content\/uploads\/2023\/10\/DSC6045-300x200.jpg 300w, https:\/\/www.ofg.uni-osnabrueck.de\/wp-content\/uploads\/2023\/10\/DSC6045-768x512.jpg 768w, https:\/\/www.ofg.uni-osnabrueck.de\/wp-content\/uploads\/2023\/10\/DSC6045-1536x1024.jpg 1536w, https:\/\/www.ofg.uni-osnabrueck.de\/wp-content\/uploads\/2023\/10\/DSC6045-2048x1365.jpg 2048w\" sizes=\"auto, (max-width: 1024px) 100vw, 1024px\" \/><\/figure>\n\n\n\n<figure class=\"wp-block-image size-large\"><img loading=\"lazy\" decoding=\"async\" width=\"1024\" height=\"683\" data-id=\"12463\" src=\"https:\/\/www.ofg.uni-osnabrueck.de\/wp-content\/uploads\/2023\/10\/DSC6040-1024x683.jpg\" alt=\"\" class=\"wp-image-12463\" srcset=\"https:\/\/www.ofg.uni-osnabrueck.de\/wp-content\/uploads\/2023\/10\/DSC6040-1024x683.jpg 1024w, https:\/\/www.ofg.uni-osnabrueck.de\/wp-content\/uploads\/2023\/10\/DSC6040-300x200.jpg 300w, https:\/\/www.ofg.uni-osnabrueck.de\/wp-content\/uploads\/2023\/10\/DSC6040-768x512.jpg 768w, https:\/\/www.ofg.uni-osnabrueck.de\/wp-content\/uploads\/2023\/10\/DSC6040-1536x1024.jpg 1536w, https:\/\/www.ofg.uni-osnabrueck.de\/wp-content\/uploads\/2023\/10\/DSC6040-2048x1365.jpg 2048w\" sizes=\"auto, (max-width: 1024px) 100vw, 1024px\" \/><\/figure>\n\n\n\n<figure class=\"wp-block-image size-large\"><img loading=\"lazy\" decoding=\"async\" width=\"1024\" height=\"683\" data-id=\"12475\" src=\"https:\/\/www.ofg.uni-osnabrueck.de\/wp-content\/uploads\/2023\/10\/DSC6028-1024x683.jpg\" alt=\"\" class=\"wp-image-12475\" srcset=\"https:\/\/www.ofg.uni-osnabrueck.de\/wp-content\/uploads\/2023\/10\/DSC6028-1024x683.jpg 1024w, https:\/\/www.ofg.uni-osnabrueck.de\/wp-content\/uploads\/2023\/10\/DSC6028-300x200.jpg 300w, https:\/\/www.ofg.uni-osnabrueck.de\/wp-content\/uploads\/2023\/10\/DSC6028-768x512.jpg 768w, https:\/\/www.ofg.uni-osnabrueck.de\/wp-content\/uploads\/2023\/10\/DSC6028-1536x1024.jpg 1536w, https:\/\/www.ofg.uni-osnabrueck.de\/wp-content\/uploads\/2023\/10\/DSC6028-2048x1365.jpg 2048w\" sizes=\"auto, (max-width: 1024px) 100vw, 1024px\" \/><\/figure>\n\n\n\n<figure class=\"wp-block-image size-large\"><img loading=\"lazy\" decoding=\"async\" width=\"1024\" height=\"683\" data-id=\"12481\" src=\"https:\/\/www.ofg.uni-osnabrueck.de\/wp-content\/uploads\/2023\/10\/DSC5908-1024x683.jpg\" alt=\"\" class=\"wp-image-12481\" srcset=\"https:\/\/www.ofg.uni-osnabrueck.de\/wp-content\/uploads\/2023\/10\/DSC5908-1024x683.jpg 1024w, https:\/\/www.ofg.uni-osnabrueck.de\/wp-content\/uploads\/2023\/10\/DSC5908-300x200.jpg 300w, https:\/\/www.ofg.uni-osnabrueck.de\/wp-content\/uploads\/2023\/10\/DSC5908-768x512.jpg 768w, https:\/\/www.ofg.uni-osnabrueck.de\/wp-content\/uploads\/2023\/10\/DSC5908-1536x1024.jpg 1536w, https:\/\/www.ofg.uni-osnabrueck.de\/wp-content\/uploads\/2023\/10\/DSC5908-2048x1365.jpg 2048w\" sizes=\"auto, (max-width: 1024px) 100vw, 1024px\" \/><\/figure>\n<figcaption class=\"blocks-gallery-caption wp-element-caption\">\u00a9 Osnabr\u00fccker Friedensgespr\u00e4che | Uwe Lewandowski<\/figcaption><\/figure>\n<\/div>\n\n\n\n<div class=\"wp-block-column is-layout-flow wp-block-column-is-layout-flow\">\n<h4 class=\"wp-block-heading\"><strong><strong>Video recordings<\/strong><\/strong><\/h4>\n\n\n<figure class=\"wp-block-embed-youtube wp-block-embed is-type-video is-provider-youtube wp-embed-aspect-16-9 wp-has-aspect-ratio\"><div class=\"lyte-wrapper\" title=\"Die Zukunft Europas und die Rolle der Religionen\" style=\"width:853px;max-width:100%;margin:5px auto;\"><div class=\"lyMe hidef\" id=\"WYL_jsENZsHrcS8\" itemprop=\"video\" itemscope itemtype=\"https:\/\/schema.org\/VideoObject\"><div><meta itemprop=\"thumbnailUrl\" content=\"https:\/\/www.ofg.uni-osnabrueck.de\/wp-content\/plugins\/wp-youtube-lyte\/lyteCache.php?origThumbUrl=https%3A%2F%2Fi.ytimg.com%2Fvi%2FjsENZsHrcS8%2Fmaxresdefault.jpg\" \/><meta itemprop=\"embedURL\" content=\"https:\/\/www.youtube.com\/embed\/jsENZsHrcS8\" \/><meta itemprop=\"duration\" content=\"PT2H3M38S\" \/><meta itemprop=\"uploadDate\" content=\"2023-11-03T07:36:44Z\" \/><\/div><div id=\"lyte_jsENZsHrcS8\" data-src=\"https:\/\/www.ofg.uni-osnabrueck.de\/wp-content\/plugins\/wp-youtube-lyte\/lyteCache.php?origThumbUrl=https%3A%2F%2Fi.ytimg.com%2Fvi%2FjsENZsHrcS8%2Fmaxresdefault.jpg\" class=\"pL\"><div class=\"tC\"><div class=\"tT\" itemprop=\"name\">Die Zukunft Europas und die Rolle der Religionen<\/div><\/div><div class=\"play\"><\/div><div class=\"ctrl\"><div class=\"Lctrl\"><\/div><div class=\"Rctrl\"><\/div><\/div><\/div><noscript><a href=\"https:\/\/youtu.be\/jsENZsHrcS8\" rel=\"nofollow\"><img loading=\"lazy\" decoding=\"async\" src=\"https:\/\/www.ofg.uni-osnabrueck.de\/wp-content\/plugins\/wp-youtube-lyte\/lyteCache.php?origThumbUrl=https%3A%2F%2Fi.ytimg.com%2Fvi%2FjsENZsHrcS8%2F0.jpg\" alt=\"Die Zukunft Europas und die Rolle der Religionen\" width=\"853\" height=\"460\" \/><br \/>Watch this video on YouTube<\/a><\/noscript><meta itemprop=\"description\" content=\"Podiumsdiskussion zwischen Sonya Zayneb Ouertani, Senior Fellow bei Humanity in Action, Prof. Dr. Hans-Gert P\u00f6ttering, Pr\u00e4sident des EU-Parlaments a. D., Christian Wulff, Bundespr\u00e4sident a. D., sowie Repr\u00e4sentantinnen und Repr\u00e4sentanten des Runden Tischs der Religionen Deutschland. Donnerstag, 26. Oktober 2023, 18:30 Uhr, Schlossaula Osnabr\u00fcck Mehr unter https:\/\/www.ofg.uni-osnabrueck.de\/die-zukunft-europas-und-die-rolle-der-religionen\/\"><\/div><\/div><div class=\"lL\" style=\"max-width:100%;width:853px;margin:5px auto;\"><br\/><span class=\"lyte_disclaimer\">Bitte beachten Sie unsere Datenschutzerkl\u00e4rung. Wenn Sie das Video abspielen, werden Daten an YouTube gesendet.<\/span><\/div><figcaption><\/figcaption><\/figure><\/div>\n<\/div>\n\n\n\n<div class=\"wp-block-columns is-layout-flex wp-container-core-columns-is-layout-9d6595d7 wp-block-columns-is-layout-flex\">\n<div class=\"wp-block-column is-layout-flow wp-block-column-is-layout-flow\" style=\"flex-basis:100%\"><\/div>\n\n\n\n<div class=\"wp-block-column is-layout-flow wp-block-column-is-layout-flow\" style=\"flex-basis:0%\"><\/div>\n<\/div>\n","protected":false},"excerpt":{"rendered":"<p>Peace talks in cooperation with the Round Table of Religions Germany Panel discussion with representatives of the Round Table of Religions Germany and Sonya Zayneb Ouertani Senior Fellow bei Humanity in Action Christian Wulff Federal President (retired) Prof. Dr. Hans-Gert P\u00f6ttering President of the European Parliament (retired) ModeratorProf. Dr. Reinhold Mokrosch, Osnabr\u00fcck University Musical accompanimentPierre &#8230; <a title=\"Die Zukunft Europas und die Rolle der Religionen (The future of Europe and the role of religions)\" class=\"read-more\" href=\"https:\/\/www.ofg.uni-osnabrueck.de\/en\/die-zukunft-europas-und-die-rolle-der-religionen-the-future-of-europe-and-the-role-of-religions\/\" aria-label=\"Read more about Die Zukunft Europas und die Rolle der Religionen (The future of Europe and the role of religions)\">Read more<\/a><\/p>\n","protected":false},"author":2,"featured_media":12439,"comment_status":"closed","ping_status":"closed","sticky":false,"template":"","format":"standard","meta":{"footnotes":""},"categories":[188,110,44,186,88],"tags":[],"class_list":["post-13089","post","type-post","status-publish","format-standard","has-post-thumbnail","hentry","category-europe","category-homepage","category-nicht-kategorisiert-en","category-religion","category-talks-and-debate","generate-columns","tablet-grid-50","mobile-grid-100","grid-parent","grid-50"],"wps_subtitle":"","_links":{"self":[{"href":"https:\/\/www.ofg.uni-osnabrueck.de\/en\/wp-json\/wp\/v2\/posts\/13089","targetHints":{"allow":["GET"]}}],"collection":[{"href":"https:\/\/www.ofg.uni-osnabrueck.de\/en\/wp-json\/wp\/v2\/posts"}],"about":[{"href":"https:\/\/www.ofg.uni-osnabrueck.de\/en\/wp-json\/wp\/v2\/types\/post"}],"author":[{"embeddable":true,"href":"https:\/\/www.ofg.uni-osnabrueck.de\/en\/wp-json\/wp\/v2\/users\/2"}],"replies":[{"embeddable":true,"href":"https:\/\/www.ofg.uni-osnabrueck.de\/en\/wp-json\/wp\/v2\/comments?post=13089"}],"version-history":[{"count":2,"href":"https:\/\/www.ofg.uni-osnabrueck.de\/en\/wp-json\/wp\/v2\/posts\/13089\/revisions"}],"predecessor-version":[{"id":13305,"href":"https:\/\/www.ofg.uni-osnabrueck.de\/en\/wp-json\/wp\/v2\/posts\/13089\/revisions\/13305"}],"wp:featuredmedia":[{"embeddable":true,"href":"https:\/\/www.ofg.uni-osnabrueck.de\/en\/wp-json\/wp\/v2\/media\/12439"}],"wp:attachment":[{"href":"https:\/\/www.ofg.uni-osnabrueck.de\/en\/wp-json\/wp\/v2\/media?parent=13089"}],"wp:term":[{"taxonomy":"category","embeddable":true,"href":"https:\/\/www.ofg.uni-osnabrueck.de\/en\/wp-json\/wp\/v2\/categories?post=13089"},{"taxonomy":"post_tag","embeddable":true,"href":"https:\/\/www.ofg.uni-osnabrueck.de\/en\/wp-json\/wp\/v2\/tags?post=13089"}],"curies":[{"name":"wp","href":"https:\/\/api.w.org\/{rel}","templated":true}]}}