{"id":12279,"date":"1994-02-24T18:30:00","date_gmt":"1994-02-24T17:30:00","guid":{"rendered":"https:\/\/www.ofg.uni-osnabrueck.de\/?p=12279"},"modified":"2023-10-12T15:01:37","modified_gmt":"2023-10-12T13:01:37","slug":"die-rolle-europas-in-der-entwicklung-einer-internationalen-friedensordnung","status":"publish","type":"post","link":"https:\/\/www.ofg.uni-osnabrueck.de\/en\/die-rolle-europas-in-der-entwicklung-einer-internationalen-friedensordnung\/","title":{"rendered":"Die Rolle Europas in der Entwicklung einer internationalen Friedensordnung"},"content":{"rendered":"\n<p>Vortrag mit anschlie\u00dfender Disskussion mit<\/p>\n\n\n\n<p><strong>Prof. Egon Bahr<\/strong><br>Direktor des Instituts f\u00fcr Friedensforschung und Sicherheitspolitik an der Universit\u00e4t Hamburg &#8211; ISFH &#8211; Bundesminister a.D<\/p>\n\n\n\n<p><strong>Gespr\u00e4chsleitung<\/strong><br>Prof. G\u00fcnter Bierbrauer Ph.D., Universit\u00e4t Osnabr\u00fcck<\/p>\n\n\n\n<p>24. Februar 1994, 18:30 Uhr, Rathaus Osnabr\u00fcck<\/p>\n\n\n\n<hr class=\"wp-block-separator\"\/>\n\n\n\n<div class=\"wp-block-columns is-layout-flex wp-container-core-columns-is-layout-9d6595d7 wp-block-columns-is-layout-flex\">\n<div class=\"wp-block-column is-layout-flow wp-block-column-is-layout-flow\">\n<figure class=\"wp-block-gallery columns-0 is-cropped wp-block-gallery-1 is-layout-flex wp-block-gallery-is-layout-flex\"><ul class=\"blocks-gallery-grid\"><\/ul><\/figure>\n\n\n\n<p class=\"has-small-font-size\"><\/p>\n<\/div>\n\n\n\n<div class=\"wp-block-column is-layout-flow wp-block-column-is-layout-flow\">\n<h4 class=\"wp-block-heading\"><\/h4>\n\n\n<\/div>\n<\/div>\n","protected":false},"excerpt":{"rendered":"<p>Vortrag mit anschlie\u00dfender Diskussion mit Prof. Egon Bahr<\/p>\n","protected":false},"author":6,"featured_media":0,"comment_status":"closed","ping_status":"closed","sticky":false,"template":"","format":"standard","meta":{"footnotes":""},"categories":[18,8],"tags":[],"class_list":["post-12279","post","type-post","status-publish","format-standard","hentry","category-podiumsdiskussion","category-unkategorisiert","generate-columns","tablet-grid-50","mobile-grid-100","grid-parent","grid-50"],"wps_subtitle":"","_links":{"self":[{"href":"https:\/\/www.ofg.uni-osnabrueck.de\/en\/wp-json\/wp\/v2\/posts\/12279","targetHints":{"allow":["GET"]}}],"collection":[{"href":"https:\/\/www.ofg.uni-osnabrueck.de\/en\/wp-json\/wp\/v2\/posts"}],"about":[{"href":"https:\/\/www.ofg.uni-osnabrueck.de\/en\/wp-json\/wp\/v2\/types\/post"}],"author":[{"embeddable":true,"href":"https:\/\/www.ofg.uni-osnabrueck.de\/en\/wp-json\/wp\/v2\/users\/6"}],"replies":[{"embeddable":true,"href":"https:\/\/www.ofg.uni-osnabrueck.de\/en\/wp-json\/wp\/v2\/comments?post=12279"}],"version-history":[{"count":1,"href":"https:\/\/www.ofg.uni-osnabrueck.de\/en\/wp-json\/wp\/v2\/posts\/12279\/revisions"}],"predecessor-version":[{"id":12281,"href":"https:\/\/www.ofg.uni-osnabrueck.de\/en\/wp-json\/wp\/v2\/posts\/12279\/revisions\/12281"}],"wp:attachment":[{"href":"https:\/\/www.ofg.uni-osnabrueck.de\/en\/wp-json\/wp\/v2\/media?parent=12279"}],"wp:term":[{"taxonomy":"category","embeddable":true,"href":"https:\/\/www.ofg.uni-osnabrueck.de\/en\/wp-json\/wp\/v2\/categories?post=12279"},{"taxonomy":"post_tag","embeddable":true,"href":"https:\/\/www.ofg.uni-osnabrueck.de\/en\/wp-json\/wp\/v2\/tags?post=12279"}],"curies":[{"name":"wp","href":"https:\/\/api.w.org\/{rel}","templated":true}]}}