{"id":11329,"date":"2001-11-29T19:00:00","date_gmt":"2001-11-29T18:00:00","guid":{"rendered":"https:\/\/www.ofg.uni-osnabrueck.de\/?p=11329"},"modified":"2023-06-13T15:52:41","modified_gmt":"2023-06-13T13:52:41","slug":"migration-und-integration-erfahrungen-probleme-gestaltungsaufgaben","status":"publish","type":"post","link":"https:\/\/www.ofg.uni-osnabrueck.de\/en\/migration-und-integration-erfahrungen-probleme-gestaltungsaufgaben\/","title":{"rendered":"Migration und Integration: Erfahrungen &#8211; Probleme &#8211; Gestaltungsaufgaben"},"content":{"rendered":"\n<p>Statements und Diskussion mit<\/p>\n\n\n\n<p><strong>Dr. Hans-Jochen Vogel<br><\/strong>Bundesminister der Justiz a.D., stv. Vorsitzender der  Zuwanderungskommission der Bundesregierung<\/p>\n\n\n\n<p><strong>Prof. Dr. Klaus J. Bade<br><\/strong>Vorstand des Institut f\u00fcr Migrationsforschung und Interkulturelle Studien (IMIS), Universit\u00e4t Osnabr\u00fcck, stv. Vorsitzender des Rates f\u00fcr Migration<\/p>\n\n\n\n<p><strong>Gespr\u00e4chsleitung<\/strong><br>Daniela de Ridder, Fachhochschule Osnabr\u00fcck<\/p>\n\n\n\n<p>Bundesinnenminister Schily hat im August den Gesetzentwurf zur Steuerung und Begrenzung der Zuwanderung und zur Regelung des Aufenthalts und der Integration von Unionsb\u00fcrgern und Ausl\u00e4ndern vorgelegt. Das Gesetz soll u.a. das Ausl\u00e4ndergesetz abl\u00f6sen. Das  Asylverfahrensgesetz, das Gesetz \u00fcber das Ausl\u00e4nderzentralregister, das Staatsangeh\u00f6rigkeitsgesetz, das Asylbewerberleistungs\u00adgesetz sollen ge\u00e4ndert werden. Der Entwurf nimmt Anregungen und Empfehlungen der unterschiedlichen Kommissionen auf, u.a. der Unabh\u00e4ngigen Kommission \u00bbZuwanderung\u00ab unter Vorsitz von Prof. Dr. Rita S\u00fcssmuth. In den  Pressemitteilungen des Innenministers ist das Thema seit den Anschl\u00e4gen in den USA von Sicherheitsfragen abgel\u00f6st \u2013 wie geht es weiter?<\/p>\n\n\n\n<p><strong>Dr. Hans-Jochen Vogel<\/strong><br>Bundesminister der Justiz a.D. \u2013 Geb. 1926 in G\u00f6ttingen; 1943-1945 Soldat; Jurastudium in M\u00fcnchen und Marburg, juristische Laufbahn und SPD- Landespolitik in Bayern; 1960-1972 Oberb\u00fcrgermeister von M\u00fcnchen; 1972 Bundesminister f\u00fcr Raumordnung, St\u00e4dtebau und Bauwesen, 1974-1981 Justizminister, dann wenige Monate Regierender B\u00fcrgermeister von West-Berlin. Mitglied im Bundestag 1972-1981 und 1983-1994, SPD-Parteivorsitzender 1987-1990. 1993 Gr\u00fcndungsvorsitz in der Initiative \u00bbGegen Vergessen &#8211; F\u00fcr Demokratie\u00ab, die gegen extremistische Gewalt eintritt und die Erinnerung an NS-Verbrechen bewahrt. <\/p>\n\n\n\n<p><strong>Prof. Dr. Klaus J\u00fcrgen Bade<\/strong><br>Vorstand des Institut f\u00fcr Migrationsforschung und Interkulturelle Studien (IMIS), Universit\u00e4t Osnabr\u00fcck \u2013 Geb. 1944, seit 1982 Prof. f\u00fcr Neueste Geschichte an der Universit\u00e4t Osnabr\u00fcck. Studium und Promotion in Erlangen-N\u00fcrnberg; Dozent in Augsburg, Erlangen-N\u00fcrnberg und  Osnabr\u00fcck; 1991 Gr\u00fcndungsdirektor des IMIS. 1992-1996 Gr\u00fcndungsvorsitz in der Gesellschaft f\u00fcr Historische Migrationsforschung;  Gastwissenschaftler u.a. in Harvard, Oxford und am Wissenschafts<br>kolleg zu Berlin. Mitbegr\u00fcnder und Stellv. Vors. des bundesweiten Rates f\u00fcr Migration.<\/p>\n\n\n\n<p>29. November 2001, 19:00 Uhr, Aula des Schlosses der Universit\u00e4t Osnabr\u00fcck<\/p>\n\n\n\n<hr class=\"wp-block-separator\"\/>\n\n\n\n<div class=\"wp-block-columns is-layout-flex wp-container-core-columns-is-layout-9d6595d7 wp-block-columns-is-layout-flex\">\n<div class=\"wp-block-column is-layout-flow wp-block-column-is-layout-flow\">\n<figure class=\"wp-block-gallery columns-0 is-cropped wp-block-gallery-1 is-layout-flex wp-block-gallery-is-layout-flex\"><ul class=\"blocks-gallery-grid\"><\/ul><\/figure>\n\n\n\n<p class=\"has-small-font-size\"><\/p>\n<\/div>\n\n\n\n<div class=\"wp-block-column is-layout-flow wp-block-column-is-layout-flow\">\n<h4 class=\"wp-block-heading\"><\/h4>\n\n\n<\/div>\n<\/div>\n","protected":false},"excerpt":{"rendered":"<p>Podiumsdiskussion mit Dr. Hans-Jochen Vogel und Prof. Dr. Klaus J. Bade<\/p>\n","protected":false},"author":6,"featured_media":0,"comment_status":"closed","ping_status":"closed","sticky":false,"template":"","format":"standard","meta":{"footnotes":""},"categories":[18,8],"tags":[],"class_list":["post-11329","post","type-post","status-publish","format-standard","hentry","category-podiumsdiskussion","category-unkategorisiert","generate-columns","tablet-grid-50","mobile-grid-100","grid-parent","grid-50"],"wps_subtitle":"","_links":{"self":[{"href":"https:\/\/www.ofg.uni-osnabrueck.de\/en\/wp-json\/wp\/v2\/posts\/11329","targetHints":{"allow":["GET"]}}],"collection":[{"href":"https:\/\/www.ofg.uni-osnabrueck.de\/en\/wp-json\/wp\/v2\/posts"}],"about":[{"href":"https:\/\/www.ofg.uni-osnabrueck.de\/en\/wp-json\/wp\/v2\/types\/post"}],"author":[{"embeddable":true,"href":"https:\/\/www.ofg.uni-osnabrueck.de\/en\/wp-json\/wp\/v2\/users\/6"}],"replies":[{"embeddable":true,"href":"https:\/\/www.ofg.uni-osnabrueck.de\/en\/wp-json\/wp\/v2\/comments?post=11329"}],"version-history":[{"count":1,"href":"https:\/\/www.ofg.uni-osnabrueck.de\/en\/wp-json\/wp\/v2\/posts\/11329\/revisions"}],"predecessor-version":[{"id":11330,"href":"https:\/\/www.ofg.uni-osnabrueck.de\/en\/wp-json\/wp\/v2\/posts\/11329\/revisions\/11330"}],"wp:attachment":[{"href":"https:\/\/www.ofg.uni-osnabrueck.de\/en\/wp-json\/wp\/v2\/media?parent=11329"}],"wp:term":[{"taxonomy":"category","embeddable":true,"href":"https:\/\/www.ofg.uni-osnabrueck.de\/en\/wp-json\/wp\/v2\/categories?post=11329"},{"taxonomy":"post_tag","embeddable":true,"href":"https:\/\/www.ofg.uni-osnabrueck.de\/en\/wp-json\/wp\/v2\/tags?post=11329"}],"curies":[{"name":"wp","href":"https:\/\/api.w.org\/{rel}","templated":true}]}}