{"id":11264,"date":"2002-07-16T19:00:00","date_gmt":"2002-07-16T17:00:00","guid":{"rendered":"https:\/\/www.ofg.uni-osnabrueck.de\/?p=11264"},"modified":"2023-06-13T14:54:08","modified_gmt":"2023-06-13T12:54:08","slug":"selektion-nicht-akzeptabel-weichenstellungen-fuer-die-biopolitik","status":"publish","type":"post","link":"https:\/\/www.ofg.uni-osnabrueck.de\/en\/selektion-nicht-akzeptabel-weichenstellungen-fuer-die-biopolitik\/","title":{"rendered":"&#8220;Selektion nicht akzeptabel&#8221; Weichenstellungen f\u00fcr die Biopolitik"},"content":{"rendered":"\n<p>Vortrag und Diskussion mit<\/p>\n\n\n\n<p><strong>Prof. Dr. Herta D\u00e4ubler-Gmelin<br><\/strong>Bundesministerin der Justiz<\/p>\n\n\n\n<p><strong>Gespr\u00e4chsleitung<\/strong><br>Daniela de Ridder, Fachhochschule Osnabr\u00fcck<\/p>\n\n\n\n<p>Die \u203aBiopolitik\u2039 scheint nach hochrangig gef\u00fchrten Diskussionen in den Hintergrund \u00f6ffentlicher Aufmerksamkeit geraten zu sein. Jetzt wird vor Gerichten um Rechtsentscheide gerungen: D\u00fcrfen Gen-Sequenzen  patentiert werden? Ist der Import von embryonalen Stammzellen zul\u00e4ssig? M\u00fcssen bei Schwangeren regelm\u00e4\u00dfig die neuesten Diagnoseverfahren angewandt werden und welche Kosten haben die Krankenversicherungen zu \u00fcbernehmen? Die ethischen Ma\u00dfst\u00e4be zur Beurteilung solcher Fragen werden im Prinzip von allen Seiten best\u00e4tigt: Der Schutz des &#8211; werdenden &#8211; Lebens und das Lebensrecht jedes menschlichen Wesens \u00fcberhaupt sowie die Verpflichtung, Krankheiten zu heilen und dazu das n\u00f6tige Wissen zu erwerben, stehen au\u00dfer Zweifel. \u00bbHeilen und Helfen: Ja \u2013 Klonen, Selektieren und Z\u00fcchten von Menschen: Nein!\u00ab, so hatte die  Bundesjustizministerin im vergangenen Jahr Position bezogen. Doch es geht bei diesem Thema auch um Gesch\u00e4fts\u00adinteressen, Wissenschaftspolitik und internationalen Wettbewerb.<\/p>\n\n\n\n<p><strong>Prof. Dr. jur. Herta D\u00e4ubler-Gmelin MdB<\/strong><br>Bundesministerin der Justiz seit 1998 \u2013 Geboren am 12. August 1943 in Bratislava\/Slowakei. Abitur 1962, nach ihrem Studium der Geschichte, Volkswirtschaft, Rechtswissenschaft und Politikwissenschaften in T\u00fcbingen und Berlin war sie als Rechtsanw\u00e4ltin mit den Schwerpunkten  Europarecht, Medien- und Telekommunikationsrecht in Stuttgart und Berlin t\u00e4tig. Die FU Berlin, wo sie seit 1992 am Otto-Suhr-Institut Lehrveranstaltungen h\u00e4lt, ernannte sie 1995 zur Honorarprofessorin. Als Autorin vieler Aufs\u00e4tze und Buchbeitr\u00e4ge hat sich Frau Frau D\u00e4ubler-Gmelin zu aktuellen Fragen der Rechtspolitik auch publizistisch ge\u00e4u\u00dfert, so bereits 1986 zur Genforschung. In den Bundestag wurde Herta D\u00e4ubler-Gmelin 1972 gew\u00e4hlt. Dort war sie seither u.a. Vorsitzende des  Rechtsausschusses und stv. Vorsitzende der SPD-Fraktion. Sie ist Mitglied des Pr\u00e4sidiums der SPD. Im Oktober 1998 wurde sie in das Amt der Bundesjustizministerin berufen.<\/p>\n\n\n\n<p>16. Juli 2002, 19:00 Uhr, Rathaus Osnabr\u00fcck<\/p>\n\n\n\n<hr class=\"wp-block-separator\"\/>\n\n\n\n<div class=\"wp-block-columns is-layout-flex wp-container-core-columns-is-layout-9d6595d7 wp-block-columns-is-layout-flex\">\n<div class=\"wp-block-column is-layout-flow wp-block-column-is-layout-flow\">\n<figure class=\"wp-block-gallery columns-0 is-cropped wp-block-gallery-1 is-layout-flex wp-block-gallery-is-layout-flex\"><ul class=\"blocks-gallery-grid\"><\/ul><\/figure>\n\n\n\n<p class=\"has-small-font-size\"><\/p>\n<\/div>\n\n\n\n<div class=\"wp-block-column is-layout-flow wp-block-column-is-layout-flow\">\n<h4 class=\"wp-block-heading\"><\/h4>\n\n\n<\/div>\n<\/div>\n","protected":false},"excerpt":{"rendered":"<p>Vortrag und Diskussion mit Prof. Dr. Herta D\u00e4ubler-Gmelin<\/p>\n","protected":false},"author":6,"featured_media":0,"comment_status":"closed","ping_status":"closed","sticky":false,"template":"","format":"standard","meta":{"footnotes":""},"categories":[18,8],"tags":[],"class_list":["post-11264","post","type-post","status-publish","format-standard","hentry","category-podiumsdiskussion","category-unkategorisiert","generate-columns","tablet-grid-50","mobile-grid-100","grid-parent","grid-50"],"wps_subtitle":"","_links":{"self":[{"href":"https:\/\/www.ofg.uni-osnabrueck.de\/en\/wp-json\/wp\/v2\/posts\/11264","targetHints":{"allow":["GET"]}}],"collection":[{"href":"https:\/\/www.ofg.uni-osnabrueck.de\/en\/wp-json\/wp\/v2\/posts"}],"about":[{"href":"https:\/\/www.ofg.uni-osnabrueck.de\/en\/wp-json\/wp\/v2\/types\/post"}],"author":[{"embeddable":true,"href":"https:\/\/www.ofg.uni-osnabrueck.de\/en\/wp-json\/wp\/v2\/users\/6"}],"replies":[{"embeddable":true,"href":"https:\/\/www.ofg.uni-osnabrueck.de\/en\/wp-json\/wp\/v2\/comments?post=11264"}],"version-history":[{"count":2,"href":"https:\/\/www.ofg.uni-osnabrueck.de\/en\/wp-json\/wp\/v2\/posts\/11264\/revisions"}],"predecessor-version":[{"id":11270,"href":"https:\/\/www.ofg.uni-osnabrueck.de\/en\/wp-json\/wp\/v2\/posts\/11264\/revisions\/11270"}],"wp:attachment":[{"href":"https:\/\/www.ofg.uni-osnabrueck.de\/en\/wp-json\/wp\/v2\/media?parent=11264"}],"wp:term":[{"taxonomy":"category","embeddable":true,"href":"https:\/\/www.ofg.uni-osnabrueck.de\/en\/wp-json\/wp\/v2\/categories?post=11264"},{"taxonomy":"post_tag","embeddable":true,"href":"https:\/\/www.ofg.uni-osnabrueck.de\/en\/wp-json\/wp\/v2\/tags?post=11264"}],"curies":[{"name":"wp","href":"https:\/\/api.w.org\/{rel}","templated":true}]}}