{"id":11245,"date":"2002-04-21T14:00:00","date_gmt":"2002-04-21T12:00:00","guid":{"rendered":"https:\/\/www.ofg.uni-osnabrueck.de\/?p=11245"},"modified":"2023-06-13T14:29:07","modified_gmt":"2023-06-13T12:29:07","slug":"russlands-position-zu-regionalen-konflikten-in-mittelasien-und-zum-internationalen-terror","status":"publish","type":"post","link":"https:\/\/www.ofg.uni-osnabrueck.de\/en\/russlands-position-zu-regionalen-konflikten-in-mittelasien-und-zum-internationalen-terror\/","title":{"rendered":"Russlands Position zu regionalen Konflikten in Mittelasien und zum internationalen Terror"},"content":{"rendered":"\n<p>Statements und Diskussion in Kooperation mit dem Deutsch-Russischen Forum e.V., Berlin mit<\/p>\n\n\n\n<p><strong>Thomas Roth<br><\/strong>Leiter des ARD-Studios Moskau<\/p>\n\n\n\n<p><strong>Prof. Dr. Pjotr Fedossow<br><\/strong>Berater beim Russischen F\u00f6rderationsrat, Moskau<\/p>\n\n\n\n<p><strong>Gespr\u00e4chsleitung<\/strong><br>Prof. Dr. Wulf Gaertner, Universit\u00e4t Osnabr\u00fcck<\/p>\n\n\n\n<p>Die weltpolitische Entwicklung der vergangenen Monate hat Russland &#8211; f\u00fcr viele \u00fcberraschend &#8211; in einer \u203aAllianz gegen den Terror\u2039an die Seite der USA gebracht. Dabei war sein milit\u00e4risches Vorgehen gegen Rebellen in Tschetschenien und anderen, ehemals sowjetischen Territorien an der russischen S\u00fcdflanke \u2013 insbesondere wegen dabei ver\u00fcbter zahlreicher Menschenrechtsverletzungen \u2013 immer wieder aus dem Westen wie auch in Russland selbst kritisiert worden. Jetzt scheinen terroristische Gewaltaktionen einerseits und harte milit\u00e4rische Pressionen bis hin zu offenen Kriegshandlungen wie in Tschetschenien oder Afghanistan andererseits das t\u00e4gliche Leben in einer ausgedehnten mittelasiatischen Krisen\u00adregion zu beherrschen. Russland behauptet in dieser Lage seine historische Bedeutung und sucht gleichzeitig neue Orientierungen. Was sind die beherrschenden Kr\u00e4fte, Tendenzen und Aussichten f\u00fcr die n\u00e4chste Zukunft?<\/p>\n\n\n\n<p><strong>Thomas Roth<\/strong><br>Fernsehjournalist, Leiter des ARD-Studios Moskau seit 1998 \u2013 Geb. 1951. Nach seinem Anglistik- und Germanistikstudium in Heidelberg war er ab 1980 beim S\u00fcddeutschen Rundfunk als Reporter, Redakteur und Moderator t\u00e4tig. F\u00fcr die ARD berichtete er 1991\/92 und von 1993 bis 1995 aus der russischen Hauptstadt. Bevor Roth im April 1998 erneut die Studioleitung in Moskau \u00fcbernahm, war er H\u00f6rfunkdirektor des WDR in K\u00f6ln. Im Mai 2002 \u00fcbernimmt Thomas Roth die Leitung des ARD-Hauptstadtstudios in Berlin.<\/p>\n\n\n\n<p><strong>Pjotr Fedossow<\/strong><br>Professor f\u00fcr vergleichende Politikwissenschaft an der Linguistischen Universit\u00e4t Moskau, Leiter des Wissenschaftlichen Dienstes des Russischen F\u00f6derationsrates \u2013 Geb. 1951, Studium der Germanistik und  Sozialpsychologie in Moskau, 1987-89 Gastprofessur in Deutschland. Seit 1994 Mitarbeiter des russischen Parlaments, ab 1996 Berater des Vorsitzenden des F\u00f6derationsrates.<\/p>\n\n\n\n<p>21. April 2002, 11:00 Uhr, Aula des Schlosses der Universit\u00e4t Osnabr\u00fcck<\/p>\n\n\n\n<hr class=\"wp-block-separator\"\/>\n\n\n\n<div class=\"wp-block-columns is-layout-flex wp-container-core-columns-is-layout-9d6595d7 wp-block-columns-is-layout-flex\">\n<div class=\"wp-block-column is-layout-flow wp-block-column-is-layout-flow\">\n<figure class=\"wp-block-gallery columns-0 is-cropped wp-block-gallery-1 is-layout-flex wp-block-gallery-is-layout-flex\"><ul class=\"blocks-gallery-grid\"><\/ul><\/figure>\n\n\n\n<p class=\"has-small-font-size\"><\/p>\n<\/div>\n\n\n\n<div class=\"wp-block-column is-layout-flow wp-block-column-is-layout-flow\">\n<h4 class=\"wp-block-heading\"><\/h4>\n\n\n<\/div>\n<\/div>\n","protected":false},"excerpt":{"rendered":"<p>Podiumsdiskussion in Kooperation mit dem Deutsch-Russischen Forum e.V., Berlin mit Thomas Roth und Prof. Dr. Pjotr Fedossow<\/p>\n","protected":false},"author":6,"featured_media":0,"comment_status":"closed","ping_status":"closed","sticky":false,"template":"","format":"standard","meta":{"footnotes":""},"categories":[18,8],"tags":[],"class_list":["post-11245","post","type-post","status-publish","format-standard","hentry","category-podiumsdiskussion","category-unkategorisiert","generate-columns","tablet-grid-50","mobile-grid-100","grid-parent","grid-50"],"wps_subtitle":"","_links":{"self":[{"href":"https:\/\/www.ofg.uni-osnabrueck.de\/en\/wp-json\/wp\/v2\/posts\/11245","targetHints":{"allow":["GET"]}}],"collection":[{"href":"https:\/\/www.ofg.uni-osnabrueck.de\/en\/wp-json\/wp\/v2\/posts"}],"about":[{"href":"https:\/\/www.ofg.uni-osnabrueck.de\/en\/wp-json\/wp\/v2\/types\/post"}],"author":[{"embeddable":true,"href":"https:\/\/www.ofg.uni-osnabrueck.de\/en\/wp-json\/wp\/v2\/users\/6"}],"replies":[{"embeddable":true,"href":"https:\/\/www.ofg.uni-osnabrueck.de\/en\/wp-json\/wp\/v2\/comments?post=11245"}],"version-history":[{"count":4,"href":"https:\/\/www.ofg.uni-osnabrueck.de\/en\/wp-json\/wp\/v2\/posts\/11245\/revisions"}],"predecessor-version":[{"id":11252,"href":"https:\/\/www.ofg.uni-osnabrueck.de\/en\/wp-json\/wp\/v2\/posts\/11245\/revisions\/11252"}],"wp:attachment":[{"href":"https:\/\/www.ofg.uni-osnabrueck.de\/en\/wp-json\/wp\/v2\/media?parent=11245"}],"wp:term":[{"taxonomy":"category","embeddable":true,"href":"https:\/\/www.ofg.uni-osnabrueck.de\/en\/wp-json\/wp\/v2\/categories?post=11245"},{"taxonomy":"post_tag","embeddable":true,"href":"https:\/\/www.ofg.uni-osnabrueck.de\/en\/wp-json\/wp\/v2\/tags?post=11245"}],"curies":[{"name":"wp","href":"https:\/\/api.w.org\/{rel}","templated":true}]}}