{"id":11178,"date":"2004-11-14T15:00:00","date_gmt":"2004-11-14T14:00:00","guid":{"rendered":"https:\/\/www.ofg.uni-osnabrueck.de\/?p=11178"},"modified":"2024-01-12T09:28:25","modified_gmt":"2024-01-12T08:28:25","slug":"malerei-in-zeiten-der-verfolgung-impulse-fuer-frieden-und-toleranz-zum-100-geburtstag-von-felix-nussbaum-osnabrueck-1904-auschwitz-1944","status":"publish","type":"post","link":"https:\/\/www.ofg.uni-osnabrueck.de\/en\/malerei-in-zeiten-der-verfolgung-impulse-fuer-frieden-und-toleranz-zum-100-geburtstag-von-felix-nussbaum-osnabrueck-1904-auschwitz-1944\/","title":{"rendered":"Malerei in Zeiten der Verfolgung &#8211; Impulse f\u00fcr Frieden und Toleranz? Zum 100. Geburtstag von Felix Nussbaum (Osnabr\u00fcck 1904-Auschwitz 1944)"},"content":{"rendered":"\n<p>Statements und Diskussion mit<\/p>\n\n\n\n<p><strong>Emily D. Bilski<br><\/strong>Kunsthistorikerin, Hebrew University Jerusalem, Kuratorin am Jewish Museum New York<\/p>\n\n\n\n<p><strong>Prof. Dr. Wieland Schmied<br><\/strong>Kunsthistoriker, 1995-2004 Pr\u00e4sident der Bayerischen Akademie der   Sch\u00f6nen K\u00fcnste, M\u00fcnchen<\/p>\n\n\n\n<p><strong>Prof. Dr. Christoph St\u00f6lzl<br><\/strong>Kulturpolitiker, Vizepr\u00e4sident des Berliner Abgeordnetenhauses<\/p>\n\n\n\n<p><strong>Einf\u00fchrung<\/strong><br>Inge Jaehner, Direktorin des Felix-Nussbaum-Hauses Osnabr\u00fcck<\/p>\n\n\n\n<p><strong>Gespr\u00e4chsleitung<\/strong><br>Dr. Cilly Kugelmann, J\u00fcdisches Museum Berlin<\/p>\n\n\n\n<hr class=\"wp-block-separator is-style-default\"\/>\n\n\n\n<p>Im Dezember 2004 wird der Maler Felix Nussbaum, der mit seiner Ehefrau und K\u00fcnstlerkollegin Felka Platek 1944 aus dem Br\u00fcsseler Exil nach Auschwitz verschleppt und ermordet wurde, mit einer gro\u00dfen Ged\u00e4chtnisausstellung zum 100. Geburtstag in seiner Geburtsstadt Osnabr\u00fcck gew\u00fcrdigt. Dies ist der Anla\u00df f\u00fcr einen Gedankenaustausch \u00fcber das Verm\u00e4chtnis des Malers eines der eindrucksvollsten Bilder der Verfolgung, des \u201eSelbstbildnisses mit Judenpass\u201c, in der Reihe der von Stadt und Universit\u00e4t Osnabr\u00fcck veranstalteten <em>Osnabr\u00fccker Friedensgespr\u00e4che<\/em>, die damit zu Gast im J\u00fcdischen Museum Berlin sind<em>.<\/em><\/p>\n\n\n\n<p>14. November 2004, 15:00 &#8211; 17:00 Uhr Uhr, J\u00fcdisches Museum Berlin<\/p>\n\n\n\n<hr class=\"wp-block-separator\"\/>\n\n\n\n<div class=\"wp-block-columns is-layout-flex wp-container-core-columns-is-layout-9d6595d7 wp-block-columns-is-layout-flex\">\n<div class=\"wp-block-column is-layout-flow wp-block-column-is-layout-flow\">\n<figure class=\"wp-block-gallery columns-0 is-cropped wp-block-gallery-1 is-layout-flex wp-block-gallery-is-layout-flex\"><ul class=\"blocks-gallery-grid\"><\/ul><\/figure>\n\n\n\n<p class=\"has-small-font-size\"><\/p>\n<\/div>\n\n\n\n<div class=\"wp-block-column is-layout-flow wp-block-column-is-layout-flow\">\n<h4 class=\"wp-block-heading\"><\/h4>\n\n\n<\/div>\n<\/div>\n","protected":false},"excerpt":{"rendered":"<p>Podiumsdiskussion mit Emily D. Bilski, Prof. Wieland Schmied und Prof. Dr. Chistoph St\u00f6lzl<\/p>\n","protected":false},"author":6,"featured_media":0,"comment_status":"closed","ping_status":"closed","sticky":false,"template":"","format":"standard","meta":{"footnotes":""},"categories":[18,8],"tags":[],"class_list":["post-11178","post","type-post","status-publish","format-standard","hentry","category-podiumsdiskussion","category-unkategorisiert","generate-columns","tablet-grid-50","mobile-grid-100","grid-parent","grid-50"],"wps_subtitle":"","_links":{"self":[{"href":"https:\/\/www.ofg.uni-osnabrueck.de\/en\/wp-json\/wp\/v2\/posts\/11178","targetHints":{"allow":["GET"]}}],"collection":[{"href":"https:\/\/www.ofg.uni-osnabrueck.de\/en\/wp-json\/wp\/v2\/posts"}],"about":[{"href":"https:\/\/www.ofg.uni-osnabrueck.de\/en\/wp-json\/wp\/v2\/types\/post"}],"author":[{"embeddable":true,"href":"https:\/\/www.ofg.uni-osnabrueck.de\/en\/wp-json\/wp\/v2\/users\/6"}],"replies":[{"embeddable":true,"href":"https:\/\/www.ofg.uni-osnabrueck.de\/en\/wp-json\/wp\/v2\/comments?post=11178"}],"version-history":[{"count":5,"href":"https:\/\/www.ofg.uni-osnabrueck.de\/en\/wp-json\/wp\/v2\/posts\/11178\/revisions"}],"predecessor-version":[{"id":12643,"href":"https:\/\/www.ofg.uni-osnabrueck.de\/en\/wp-json\/wp\/v2\/posts\/11178\/revisions\/12643"}],"wp:attachment":[{"href":"https:\/\/www.ofg.uni-osnabrueck.de\/en\/wp-json\/wp\/v2\/media?parent=11178"}],"wp:term":[{"taxonomy":"category","embeddable":true,"href":"https:\/\/www.ofg.uni-osnabrueck.de\/en\/wp-json\/wp\/v2\/categories?post=11178"},{"taxonomy":"post_tag","embeddable":true,"href":"https:\/\/www.ofg.uni-osnabrueck.de\/en\/wp-json\/wp\/v2\/tags?post=11178"}],"curies":[{"name":"wp","href":"https:\/\/api.w.org\/{rel}","templated":true}]}}