{"id":11134,"date":"2004-04-22T19:00:00","date_gmt":"2004-04-22T17:00:00","guid":{"rendered":"https:\/\/www.ofg.uni-osnabrueck.de\/?p=11134"},"modified":"2023-06-08T14:55:14","modified_gmt":"2023-06-08T12:55:14","slug":"menschenrechte-und-humanitaet-im-schatten-des-kampfes-gegen-den-internationalen-terror","status":"publish","type":"post","link":"https:\/\/www.ofg.uni-osnabrueck.de\/en\/menschenrechte-und-humanitaet-im-schatten-des-kampfes-gegen-den-internationalen-terror\/","title":{"rendered":"Menschenrechte und Humanit\u00e4t im Schatten des Kampfes gegen den internationalen Terror"},"content":{"rendered":"\n<p>Statements und Diskussion mit<\/p>\n\n\n\n<p><strong>Barbara Lochbihler<br><\/strong>Generalsekret\u00e4rin der deutschen Sektion von amnesty international, Berlin<\/p>\n\n\n\n<p><strong>Dr. Rudolf Seiters<br><\/strong>Pr\u00e4sident des Deutschen Roten Kreuzes, Bundesinnenminister a.D.,  Berlin<\/p>\n\n\n\n<p><strong>Gespr\u00e4chsleitung<\/strong><br>Prof. Dr. Roland Czada, Universit\u00e4t Osnabr\u00fcck<\/p>\n\n\n\n<p>Das Wirken f\u00fcr die Einhaltung der Menschenrechte und die bereitwillige Gew\u00e4hrung von humanit\u00e4ren Hilfe\u00adleistungen in F\u00e4llen existenzieller Not  galten international vielen als Kennzeichen sowohl der offiziellen  deutschen Au\u00dfenpolitik wie der Arbeit von Nicht-Regierungs\u00adoganisationen. Im Schatten des \u00bbKampfes gegen den Terror\u00ab haben sich seit 2001  Erschwernisse gezeigt und neuer Handlungsbedarf ist entstanden.  Krisengebiete, in denen Hilfe n\u00f6tig w\u00e4re, sind unzug\u00e4nglich und der Zutritt gef\u00e4hrlich geworden. Menschenrechte stehen mehr denn je unter dem  politischen Vorbehalt, dass ihre Gew\u00e4hrung Terroristen Vorteile  verschaffen k\u00f6nnte. Im gegenseitigen Einverst\u00e4ndnis lassen die  Regierungen in Ost und West einander freie Hand bei der Verfolgung,  \u00dcberwachung und Inhaftierung Verd\u00e4chtiger in der Reichweite ihrer  Macht.  Viele geraten zu Unrecht ins Visier eines Sicherheitsdenkens, das seinerseits neue \u00c4ngste hervorruft. So werden auch dringend gebotene humanit\u00e4re Hilfeleistungen mit dem Argwohn betrachtet, sie k\u00f6nnten potentiellen Attent\u00e4ter und K\u00e4mpfern sowie deren Familien zugute kommen. B\u00fcrgerrechtsorganisationen machen auf massive Ver\u00e4nderungen rechtlicher Standards aufmerksam und warnen vor Besch\u00e4digungen der Rechtsstaatlichkeit. Hilfsorganisationen m\u00fcssen um die Grundlagen f\u00fcr ihre Arbeit f\u00fcrchten.<\/p>\n\n\n\n<p><strong>Barbara Lochbihler<\/strong><br>Generalsekret\u00e4rin der deutschen Sektion von amnesty international seit  1999 &#8211; Geb. 1959 in Oberg\u00fcnzburg, nach einem Studium der  Sozialp\u00e4dagogik, Politikwissenschaften, Volkswirtschaft und des  Internationalen Rechts 1987 bis 1991 als Pers\u00f6nliche Parlamentsreferentin im Bayerischen Landtag t\u00e4tig, anschlie\u00dfend Generalsekret\u00e4rin der  Internationalen Frauenliga f\u00fcr Frieden und Freiheit in Genf.<\/p>\n\n\n\n<p><strong>Dr. h.c. Rudolf Seiters<\/strong><br>Pr\u00e4sident des Deutschen Roten Kreuzes seit Nov. 2003 &#8211; Geb. 1937 in Osnabr\u00fcck, Studium der Rechts- und Staatswissenschaften, Bundestagsabgeordneter seit 1969, langj\u00e4hriger Parlamentarischer Gesch\u00e4ftsf\u00fchrer der CDU\/CSU-Bundestagsfraktion, 1989 bis 1991<br>Bundesminister f\u00fcr besondere Aufgaben und Chef des Bundeskanzleramtes, 1991 bis 1993 Bundesminister des Innern. 1994 stellv. Vorsitzender seiner Fraktion f\u00fcr den Arbeitsbereich Ausw\u00e4rtiges, Verteidigung, wirtschaft\u00adliche Zusammenarbeit und Europ\u00e4ische<\/p>\n\n\n\n<p>22. April 2004, 19:00 Uhr, Rathaus Osnabr\u00fcck<\/p>\n\n\n\n<hr class=\"wp-block-separator\"\/>\n\n\n\n<div class=\"wp-block-columns is-layout-flex wp-container-core-columns-is-layout-9d6595d7 wp-block-columns-is-layout-flex\">\n<div class=\"wp-block-column is-layout-flow wp-block-column-is-layout-flow\">\n<figure class=\"wp-block-gallery columns-0 is-cropped wp-block-gallery-1 is-layout-flex wp-block-gallery-is-layout-flex\"><ul class=\"blocks-gallery-grid\"><\/ul><\/figure>\n\n\n\n<p class=\"has-small-font-size\"><\/p>\n<\/div>\n\n\n\n<div class=\"wp-block-column is-layout-flow wp-block-column-is-layout-flow\">\n<h4 class=\"wp-block-heading\"><\/h4>\n\n\n<\/div>\n<\/div>\n","protected":false},"excerpt":{"rendered":"<p>Podiumsdiskussion mit Dr. Barbara Lochbihler und Dr. Rudolf Seiters<\/p>\n","protected":false},"author":6,"featured_media":0,"comment_status":"closed","ping_status":"closed","sticky":false,"template":"","format":"standard","meta":{"footnotes":""},"categories":[18,8],"tags":[],"class_list":["post-11134","post","type-post","status-publish","format-standard","hentry","category-podiumsdiskussion","category-unkategorisiert","generate-columns","tablet-grid-50","mobile-grid-100","grid-parent","grid-50"],"wps_subtitle":"","_links":{"self":[{"href":"https:\/\/www.ofg.uni-osnabrueck.de\/en\/wp-json\/wp\/v2\/posts\/11134","targetHints":{"allow":["GET"]}}],"collection":[{"href":"https:\/\/www.ofg.uni-osnabrueck.de\/en\/wp-json\/wp\/v2\/posts"}],"about":[{"href":"https:\/\/www.ofg.uni-osnabrueck.de\/en\/wp-json\/wp\/v2\/types\/post"}],"author":[{"embeddable":true,"href":"https:\/\/www.ofg.uni-osnabrueck.de\/en\/wp-json\/wp\/v2\/users\/6"}],"replies":[{"embeddable":true,"href":"https:\/\/www.ofg.uni-osnabrueck.de\/en\/wp-json\/wp\/v2\/comments?post=11134"}],"version-history":[{"count":4,"href":"https:\/\/www.ofg.uni-osnabrueck.de\/en\/wp-json\/wp\/v2\/posts\/11134\/revisions"}],"predecessor-version":[{"id":11140,"href":"https:\/\/www.ofg.uni-osnabrueck.de\/en\/wp-json\/wp\/v2\/posts\/11134\/revisions\/11140"}],"wp:attachment":[{"href":"https:\/\/www.ofg.uni-osnabrueck.de\/en\/wp-json\/wp\/v2\/media?parent=11134"}],"wp:term":[{"taxonomy":"category","embeddable":true,"href":"https:\/\/www.ofg.uni-osnabrueck.de\/en\/wp-json\/wp\/v2\/categories?post=11134"},{"taxonomy":"post_tag","embeddable":true,"href":"https:\/\/www.ofg.uni-osnabrueck.de\/en\/wp-json\/wp\/v2\/tags?post=11134"}],"curies":[{"name":"wp","href":"https:\/\/api.w.org\/{rel}","templated":true}]}}