{"id":11112,"date":"2005-05-31T19:00:00","date_gmt":"2005-05-31T17:00:00","guid":{"rendered":"https:\/\/www.ofg.uni-osnabrueck.de\/?p=11112"},"modified":"2024-01-12T11:18:35","modified_gmt":"2024-01-12T10:18:35","slug":"gesundheit-ware-oder-oeffentliches-gut","status":"publish","type":"post","link":"https:\/\/www.ofg.uni-osnabrueck.de\/en\/gesundheit-ware-oder-oeffentliches-gut\/","title":{"rendered":"Gesundheit: Ware oder \u00f6ffentliches Gut?"},"content":{"rendered":"\n<p>Statements und Diskussion mit<\/p>\n\n\n\n<p><strong>Dr. Ellis Huber<br><\/strong>Pr\u00e4sident der Berliner \u00c4rztekammer 1987-1999, Vorstand Securvita-Krankenversicherung, Hamburg<\/p>\n\n\n\n<p><strong>Prof. Dr. Karl Lauterbach<br><\/strong>Direktor des Instituts f\u00fcr Gesundheits\u00f6konomie und Klinische Epidemiologie der Universit\u00e4t zu K\u00f6ln<\/p>\n\n\n\n<p><strong>Gespr\u00e4chsleitung<\/strong><br>Prof. Dr. Beate Sch\u00fccking, Universit\u00e4t Osnabr\u00fcck<\/p>\n\n\n\n<hr class=\"wp-block-separator\"\/>\n\n\n\n<p>Krankheit und Gesundheit als Schicksalsfragen? \u2013 Dagegen steht unser heutiges Wissen \u00fcber die Ursachen von Erkrankungen, Psychosomatik, Unfall- und Infektionsgefahren sowie andere Risiken &amp; Nebenwirkungen \u2013 und unsere Hoffnung auf die \u00e4rztliche Kunst. Auch der Staat k\u00fcmmert sich regulierend um das Gesundheitswesen: So gesehen ist die Gesundheit ein \u203a\u00f6ffentliches Gut\u2039. Als \u203aGesch\u00e4ft\u2039 mag man die Gesundheit sehen, soweit dieses menschliche Grundbed\u00fcrfnis ganze Berufsst\u00e4nde n\u00e4hrt: Mediziner, Pharma- und Pflegeberufe, viele Sachbearbeiter und Manager in Versicherungen, Kammern, Werkt\u00e4tige in der Industrie von Pillen bis zu Pampers \u2013 und auch Wissenschaftler in den Universit\u00e4ten. So weit, so gut? In Zeiten der Unzufriedenheit mit der Konjunktur und dem Stand der Arbeitslosigkeit hat die \u203aReform der Sozialversicherungssysteme\u2039 begonnen, und die Kostenkritik am Gesundheitswesen bl\u00fcht. Schon werden wir Patienten uns selbst zu teuer und fragen uns: sind wir wirklich behandlungsbed\u00fcrftig? Ist dies nun das Ende \u203a\u00fcberfl\u00fcssiger\u2039 Therapien, Placebos und \u203aunmenschlicher Apparatemedizin\u2039? Regeln demn\u00e4chst Angebot und Nachfrage optimal die Volksgesundheit als normales Marktsegment? Der Krankenstand an deutschen Arbeitspl\u00e4tzen hat sich jedenfalls schon deutlich gebessert \u2026<\/p>\n\n\n\n<p><strong>Dr. Ellis Huber<\/strong><br>Vorstand der Securvita-Krankenversicherung, Hamburg \u2013 Geb. 1949, Studium der Geschichte, Germanistik und Humanmedizin in Freiburg, 1981-1992 Gesundheitsdezernent in den Bezirken Wilmersdorf und Kreuzberg in Berlin. 1986-1992 Abteilungsleiter beim Parit\u00e4tischen Wohlfahrtsverband, Landesverband Berlin, 1987-1999 Pr\u00e4sident der Berliner \u00c4rztekammer. Seit 1999 Gesch\u00e4ftsf\u00fchrer der Securvita GmbH, seit 2001 Vorstand der Securvita BKK. Vorsitz im Berliner B\u00fcndnis f\u00fcr ein soziales Gesundheitswesen e. V.<\/p>\n\n\n\n<p><strong>Prof. Dr. Karl W. Lauterbach<\/strong><br>Direktor des Instituts f\u00fcr Gesundheits\u00f6konomie und Klinische Epidemiologie (IGKE) der Universit\u00e4t zu K\u00f6ln. \u2013 Studium der Humanmedizin in Aachen, D\u00fcsseldorf und USA sowie von \u203aHealth Policy and Management\u2039 und Epidemiologie an der Harvard School of Public  Health. Lehrt\u00e4tigkeit in Harvard und Boston. Forschungsschwerpunkte: Gesundheitspolitik, Pr\u00e4vention chronischer Krankheiten und Medizinethik. Mitglied des Sachverst\u00e4ndigenrates f\u00fcr die Konzertierte Aktion im  Gesundheitswesen (seit 1999), Mitglied der Kommission f\u00fcr die Nachhaltigkeit in der Finanzierung der Sozialen Sicherungssysteme<br>(\u00bbR\u00fcrup-Kommission\u00ab) seit 2002.<\/p>\n\n\n\n<p><strong>31. Mai 2005, 19:00 Uhr, Aula des Schlosses der Universit\u00e4t Osnabr\u00fcck<\/strong><\/p>\n\n\n\n<hr class=\"wp-block-separator\"\/>\n\n\n\n<div class=\"wp-block-columns is-layout-flex wp-container-core-columns-is-layout-9d6595d7 wp-block-columns-is-layout-flex\">\n<div class=\"wp-block-column is-layout-flow wp-block-column-is-layout-flow\">\n<figure class=\"wp-block-gallery columns-0 is-cropped wp-block-gallery-1 is-layout-flex wp-block-gallery-is-layout-flex\"><ul class=\"blocks-gallery-grid\"><\/ul><\/figure>\n\n\n\n<p class=\"has-small-font-size\"><\/p>\n<\/div>\n\n\n\n<div class=\"wp-block-column is-layout-flow wp-block-column-is-layout-flow\">\n<h4 class=\"wp-block-heading\"><\/h4>\n\n\n<\/div>\n<\/div>\n","protected":false},"excerpt":{"rendered":"<p>Podiumsdiskussion mit Dr. Ellis Huber und Prof. Dr. Karl Lauterbach<\/p>\n","protected":false},"author":6,"featured_media":0,"comment_status":"closed","ping_status":"closed","sticky":false,"template":"","format":"standard","meta":{"footnotes":""},"categories":[18,8],"tags":[],"class_list":["post-11112","post","type-post","status-publish","format-standard","hentry","category-podiumsdiskussion","category-unkategorisiert","generate-columns","tablet-grid-50","mobile-grid-100","grid-parent","grid-50"],"wps_subtitle":"","_links":{"self":[{"href":"https:\/\/www.ofg.uni-osnabrueck.de\/en\/wp-json\/wp\/v2\/posts\/11112","targetHints":{"allow":["GET"]}}],"collection":[{"href":"https:\/\/www.ofg.uni-osnabrueck.de\/en\/wp-json\/wp\/v2\/posts"}],"about":[{"href":"https:\/\/www.ofg.uni-osnabrueck.de\/en\/wp-json\/wp\/v2\/types\/post"}],"author":[{"embeddable":true,"href":"https:\/\/www.ofg.uni-osnabrueck.de\/en\/wp-json\/wp\/v2\/users\/6"}],"replies":[{"embeddable":true,"href":"https:\/\/www.ofg.uni-osnabrueck.de\/en\/wp-json\/wp\/v2\/comments?post=11112"}],"version-history":[{"count":7,"href":"https:\/\/www.ofg.uni-osnabrueck.de\/en\/wp-json\/wp\/v2\/posts\/11112\/revisions"}],"predecessor-version":[{"id":12975,"href":"https:\/\/www.ofg.uni-osnabrueck.de\/en\/wp-json\/wp\/v2\/posts\/11112\/revisions\/12975"}],"wp:attachment":[{"href":"https:\/\/www.ofg.uni-osnabrueck.de\/en\/wp-json\/wp\/v2\/media?parent=11112"}],"wp:term":[{"taxonomy":"category","embeddable":true,"href":"https:\/\/www.ofg.uni-osnabrueck.de\/en\/wp-json\/wp\/v2\/categories?post=11112"},{"taxonomy":"post_tag","embeddable":true,"href":"https:\/\/www.ofg.uni-osnabrueck.de\/en\/wp-json\/wp\/v2\/tags?post=11112"}],"curies":[{"name":"wp","href":"https:\/\/api.w.org\/{rel}","templated":true}]}}