{"id":11070,"date":"2006-10-25T19:00:00","date_gmt":"2006-10-25T17:00:00","guid":{"rendered":"https:\/\/www.ofg.uni-osnabrueck.de\/?p=11070"},"modified":"2024-05-21T11:28:44","modified_gmt":"2024-05-21T09:28:44","slug":"krise-ohne-ende-welchen-weg-geht-die-marktwirtschaftliche-gesellschaft","status":"publish","type":"post","link":"https:\/\/www.ofg.uni-osnabrueck.de\/en\/krise-ohne-ende-welchen-weg-geht-die-marktwirtschaftliche-gesellschaft\/","title":{"rendered":"Krise ohne Ende? Welchen Weg geht die marktwirtschaftliche Gesellschaft"},"content":{"rendered":"\n<p>Statements und Diskussion anl\u00e4sslich des Osnabr\u00fccker Friedenstages und dem Jahrestag des Westf\u00e4lischen Friedens von 1648 mit<\/p>\n\n\n\n<p><strong>Franz M\u00fcntefering<br><\/strong>Bundesminister f\u00fcr Arbeit und Soziales, Vizekanzler der Bundesrepublik Deutschland<\/p>\n\n\n\n<p><strong>Prof. Dr. Kurt Biedenkopf<br><\/strong>Kuratoriumsvorsitzender der Hertie School of Governance, Ministerpr\u00e4sident a. D. von Sachsen<\/p>\n\n\n\n<p><strong>Gespr\u00e4chsleitung<\/strong><br>Prof. Dr. Roland Czada und Prof. Dr. Gy\u00f6rgy Sz\u00e9ll, Universit\u00e4t Osnabr\u00fcck<\/p>\n\n\n\n<hr class=\"wp-block-separator has-css-opacity\"\/>\n\n\n\n<p>Der gesellschaftliche Reichtum in den westlichen Industriestaaten ist so hoch wie nirgends sonst auf der Welt. Nirgendwo sonst wirken aber auch die Krisenszenarien so bedrohlich: Das internationale Banken-, W\u00e4hrungs-  und Kreditsystem ist durch beschleunigte Spekulation zunehmend kollapsgef\u00e4hrdet. Umwelt-Katastrophen, die schleichende Vergiftung von Menschen und Natur und das Versiegen von Ressourcen und  Energiequellen, aber auch das innergesellschaftliche Gef\u00e4lle an Lebens- und Erwerbschancen machen die \u00bbAnarchie der Produktion\u00ab (Friedrich Engels) im Kapitalismus un\u00fcbersehbar. Die Politik beansprucht einerseits die Zust\u00e4ndigkeit f\u00fcr die Lenkung und Gestaltung der Marktkr\u00e4fte, auch unter den Bedingungen der Globalisierung. Andererseits wird die<br>Selbstverantwortung der Individuen beschworen. Es ist an jedem von uns, sich zu bew\u00e4hren, die eigene Qualifikation zu steigern, Flexibili\u00e4t und Belastbarkeit zu beweisen. \u2013 Hat die Politik heute den Menschen eigentlich anderes zu offerieren als \u00bbnackten Kapitalismus\u00ab?<\/p>\n\n\n\n<p><strong>Franz M\u00fcntefering<\/strong><br>Bundesminister f\u00fcr Arbeit und Soziales und Vizekanzler der Bundesrepublik Deutschland (seit Nov. 2005) \u2013 Geb. 1940 in Neheim-H\u00fcsten, nach einer Lehre als Industriekaufmann von 1957 bis 1975 Kaufm\u00e4nnischer Angestellter in der metallverarbeitenden Industrie. Vielf\u00e4ltige kommunal-, landes- und bundespolitische Funktionen, u. a. 1975 bis 1992 und seit 1998 Bundestagsabgeordneter, 1992 bis 1995 Minister f\u00fcr Arbeit, Gesundheit und Soziales in Nordrhein-Westfalen und 1998 bis 1999 Bundesminister f\u00fcr Verkehr, Bau- und Wohnungswesen. Ab 1992 Mitglied im Bundesvorstand seiner Partei, 1995 bis 1998 ihr Bundesgesch\u00e4ftsf\u00fchrer. 1999 bis 2002 SPD-Generalsekret\u00e4r und M\u00e4rz 2004 bis Nov. 2005  Parteivorsitzender.<\/p>\n\n\n\n<p><strong>Prof. Dr. Kurt Biedenkopf<\/strong><br>Ministerpr\u00e4sident a. D. des Freistaates Sachsen \u2013 Geb. 1930, Studium der Politikwissenschaft, Rechtswissenschaften und Volkswirtschaftslehre. 1958 Promotion zum Dr. jur.; Dozent an den Universit\u00e4ten Frankfurt und  T\u00fcbingen. Ab 1964 Ordinarius f\u00fcr Handels-, Wirtschafts- und Arbeitsrecht an der Ruhruniversit\u00e4t Bochum, 1967 bis 1969 deren Rektor. Ab 1970 Mitglied der Gesch\u00e4ftsf\u00fchrung des Chemiekonzerns Henkel. 1973 bis 1977 Generalsekret\u00e4r der CDU, ab 1976 Mitglied des Bundestages und  wirtschaftspolitischer Sprechers der CDU\/CSU-Fraktion. 1980 bis 1988 Mitglied des Landtages Nordrhein-Westfalen, 1990 Gastprofessor f\u00fcr Wirtschaftspolitik an der damaligen Karl-Marx-Universit\u00e4t in Leipzig.<br>1990 bis 2002 Ministerpr\u00e4sident des Freistaates Sachsen.<\/p>\n\n\n\n<p><strong>25. Oktober 2006, 19:00 Uhr, Stadthalle Osnabr\u00fcck<\/strong><\/p>\n\n\n\n<hr class=\"wp-block-separator has-css-opacity\"\/>\n\n\n\n<div class=\"wp-block-columns is-layout-flex wp-container-core-columns-is-layout-9d6595d7 wp-block-columns-is-layout-flex\">\n<div class=\"wp-block-column is-layout-flow wp-block-column-is-layout-flow\">\n<figure class=\"wp-block-gallery has-nested-images columns-0 is-cropped wp-block-gallery-1 is-layout-flex wp-block-gallery-is-layout-flex\"><\/figure>\n\n\n\n<p class=\"has-small-font-size\"><\/p>\n<\/div>\n\n\n\n<div class=\"wp-block-column is-layout-flow wp-block-column-is-layout-flow\">\n<h4 class=\"wp-block-heading\"><\/h4>\n\n\n<\/div>\n<\/div>\n","protected":false},"excerpt":{"rendered":"<p>Podiumsdiskussion anl\u00e4sslich des Osnabr\u00fccker Friedenstages und dem Jahrestag des Westf\u00e4lischen Friedens von 1648 mit Franz M\u00fcntefering und Prof. Dr. Kurt Biedenkopf<\/p>\n","protected":false},"author":6,"featured_media":0,"comment_status":"closed","ping_status":"closed","sticky":false,"template":"","format":"standard","meta":{"footnotes":""},"categories":[18,8],"tags":[],"class_list":["post-11070","post","type-post","status-publish","format-standard","hentry","category-podiumsdiskussion","category-unkategorisiert","generate-columns","tablet-grid-50","mobile-grid-100","grid-parent","grid-50"],"wps_subtitle":"","_links":{"self":[{"href":"https:\/\/www.ofg.uni-osnabrueck.de\/en\/wp-json\/wp\/v2\/posts\/11070","targetHints":{"allow":["GET"]}}],"collection":[{"href":"https:\/\/www.ofg.uni-osnabrueck.de\/en\/wp-json\/wp\/v2\/posts"}],"about":[{"href":"https:\/\/www.ofg.uni-osnabrueck.de\/en\/wp-json\/wp\/v2\/types\/post"}],"author":[{"embeddable":true,"href":"https:\/\/www.ofg.uni-osnabrueck.de\/en\/wp-json\/wp\/v2\/users\/6"}],"replies":[{"embeddable":true,"href":"https:\/\/www.ofg.uni-osnabrueck.de\/en\/wp-json\/wp\/v2\/comments?post=11070"}],"version-history":[{"count":5,"href":"https:\/\/www.ofg.uni-osnabrueck.de\/en\/wp-json\/wp\/v2\/posts\/11070\/revisions"}],"predecessor-version":[{"id":13958,"href":"https:\/\/www.ofg.uni-osnabrueck.de\/en\/wp-json\/wp\/v2\/posts\/11070\/revisions\/13958"}],"wp:attachment":[{"href":"https:\/\/www.ofg.uni-osnabrueck.de\/en\/wp-json\/wp\/v2\/media?parent=11070"}],"wp:term":[{"taxonomy":"category","embeddable":true,"href":"https:\/\/www.ofg.uni-osnabrueck.de\/en\/wp-json\/wp\/v2\/categories?post=11070"},{"taxonomy":"post_tag","embeddable":true,"href":"https:\/\/www.ofg.uni-osnabrueck.de\/en\/wp-json\/wp\/v2\/tags?post=11070"}],"curies":[{"name":"wp","href":"https:\/\/api.w.org\/{rel}","templated":true}]}}