{"id":10985,"date":"2007-09-16T17:30:00","date_gmt":"2007-09-16T15:30:00","guid":{"rendered":"https:\/\/www.ofg.uni-osnabrueck.de\/?p=10985"},"modified":"2024-05-10T09:11:36","modified_gmt":"2024-05-10T07:11:36","slug":"globale-herausforderungen-fuer-erde-und-menschheit-welche-antworten-sind-notwendig","status":"publish","type":"post","link":"https:\/\/www.ofg.uni-osnabrueck.de\/en\/globale-herausforderungen-fuer-erde-und-menschheit-welche-antworten-sind-notwendig\/","title":{"rendered":"Globale Herausforderungen f\u00fcr Erde und Menschheit: Welche Antworten sind notwendig?"},"content":{"rendered":"\n<p>Statements und Diskussion in Kooperation mit der Deutschen Bundesstiftung Umwelt und der Deutschen Stiftung Friedensforschung mit<\/p>\n\n\n\n<figure class=\"wp-block-image size-full\"><img loading=\"lazy\" decoding=\"async\" width=\"341\" height=\"500\" src=\"https:\/\/www.ofg.uni-osnabrueck.de\/wp-content\/uploads\/2024\/05\/jakob-von-uexkull.jpg\" alt=\"\" class=\"wp-image-13724\" srcset=\"https:\/\/www.ofg.uni-osnabrueck.de\/wp-content\/uploads\/2024\/05\/jakob-von-uexkull.jpg 341w, https:\/\/www.ofg.uni-osnabrueck.de\/wp-content\/uploads\/2024\/05\/jakob-von-uexkull-205x300.jpg 205w\" sizes=\"auto, (max-width: 341px) 100vw, 341px\" \/><figcaption class=\"wp-element-caption\">Jakob von Uexk\u00fcll | \u00a9Foto: Bonny H\u00e5kansson.<\/figcaption><\/figure>\n\n\n\n<p><strong>Jakob von Uexk\u00fcll<\/strong><br>Stifter des Right Livelihood Award (\u201eAlternativer Nobelpreis\u201c), Begr\u00fcnder des World Future Council, London\/Hamburg<\/p>\n\n\n\n<figure class=\"wp-block-image size-full is-resized\"><img loading=\"lazy\" decoding=\"async\" width=\"460\" height=\"594\" src=\"https:\/\/www.ofg.uni-osnabrueck.de\/wp-content\/uploads\/2024\/05\/bianca-jagger.jpg\" alt=\"\" class=\"wp-image-13730\" style=\"width:343px;height:auto\" srcset=\"https:\/\/www.ofg.uni-osnabrueck.de\/wp-content\/uploads\/2024\/05\/bianca-jagger.jpg 460w, https:\/\/www.ofg.uni-osnabrueck.de\/wp-content\/uploads\/2024\/05\/bianca-jagger-232x300.jpg 232w\" sizes=\"auto, (max-width: 460px) 100vw, 460px\" \/><figcaption class=\"wp-element-caption\">Bianca Jagger | \u00a9Foto: Franz Neumayr <\/figcaption><\/figure>\n\n\n\n<p><strong>Bianca Jagger<br><\/strong>Menschenrechtsaktivistin und Preistr\u00e4gerin 2004 des Right Livelihood Award<\/p>\n\n\n\n<p><strong>Gespr\u00e4chsleitung<\/strong><br>Anke Pl\u00e4ttner, Reporterin, Redakteurin und Moderatorin bei PHOENIX in Berlin<\/p>\n\n\n\n<hr class=\"wp-block-separator has-css-opacity\"\/>\n\n\n\n<p>Klimawandel, Naturkatastrophen, Wasserknappheit, Risiken der Energieerzeugung und -versorgung, Hungersn\u00f6te, biologische  Bedrohungen, Gefahren der Gentechnik, Ressourcenknappheit und -vernichtung sind nur einige Stichworte in prognostizierten Szenarien<br>f\u00fcr Erde und Menscheit, wenn die laufenden Wirtschaftsprozesse fortgesetzt werden. Das friedensgef\u00e4hrdende Potential solcher Entwicklungen liegt auf der Hand. Derartige Warnungen als \u00bbPanikmache\u00ab abzutun, zeugt von Sorg- und Verantwortungslosigkeit. Zwei namhafte internationale Stimmen versuchen, die anstehenden Zukunftsfragen zu  gewichten und sinnvolle Antworten zu formulieren. Dieses  Friedensgespr\u00e4ch ist Auftakt einer mehrt\u00e4tigen Expertentagung der Deutschen Bundesstiftung Umwelt und der Deutschen Stiftung  Friedensforschung sowie weiterer Kooperationspartner.<\/p>\n\n\n\n<p><strong>Jakob von Uexk\u00fcll<\/strong><br>Stifter des Right Livelihood Award (\u00bbAlternativer Nobelpreis\u00ab), Begr\u00fcnder des World Future Council \u2013 Geb. 1944 in Uppsala\/Schweden als Sohn des Journalisten G\u00f6sta von Uexkull und Enkel des deutschbaltischen Biologen Jakob von Uexk\u00fcll. Studium der Philosophie, Politik und \u00d6konomie in England. 1980 gr\u00fcndete Uexk\u00fcll die \u00bbRight Livelihood Foundation \u00bb und stiftete den heute hoch renommierten \u00bbAlternativen Nobelpreis\u00ab zur F\u00f6rderung humanit\u00e4rer, sozialer und \u00f6kologischer Projekte auf dem Weg zu einer besseren Welt. Von 1984 bis 1989 war Uexk\u00fcll Mitglied des  Europ\u00e4ischen Parlaments. Als F\u00f6rderer weiterer Organisationen sowie als Publizist wurde Uexk\u00fcll mehrfach ausgezeichnet.<\/p>\n\n\n\n<p><strong>Bianca Jagger<\/strong><br>Tr\u00e4gerin des Right Livelihood Award 2004 \u2013 Geb. 1950 in Managua\/Nicaragua, Studium der Politikwissenschaften in Frankreich. Von 1971 bis 1979 Ehe mit dem Rocks\u00e4nger Mick Jagger. Durch die politische Entwicklung in Nicaragua und durch die Erfahrung der Folgen des dortigen Erdbebens von 1972, das Tausende von Todesopfern forderte, fand sie zu humanit\u00e4ren und B\u00fcrgerrechtsbewegungen, f\u00fcr die sie sich seither weltweit engagiert. Seit den 1990er Jahren unterst\u00fctzt sie auch Initiativen f\u00fcr Natur- und Umweltschutz. F\u00fcr ihren Einsatz f\u00fcr Menschenrechte, soziale Gerechtigkeit und Umweltschutz erhielt sie 2004 den \u00bbAlternativen Nobelpreis\u00ab.<\/p>\n\n\n\n<p><strong>Anke Pl\u00e4ttner<\/strong><br>Fernsehjournalistin \u2013 Geb. im Rheinland, leistete sie mehrfach Soziale Friedensdienste mit der Aktion S\u00fchnezeichen in den Niederlanden, bevor sie dort ab 1984 Journalistik studierte. Nach T\u00e4tigkeiten f\u00fcr niederl\u00e4ndische Medien und den Deutschlandfunk Reporterin und Moderatorin f\u00fcr die \u00bbAktuelle Stunde\u00ab und andere TV-Sendungen im WDR und in der ARD. Seit 1999 ist Anke Pl\u00e4ttner im PHOENIX-Fernsehen als Reporterin, Redakteurin  und Moderatorin t\u00e4tig.<\/p>\n\n\n\n<p><strong>16. September 2007, 17:30 Uhr, Aula des Schlosses der Universit\u00e4t Osnabr\u00fcck, Neuer Graben<\/strong><\/p>\n\n\n\n<hr class=\"wp-block-separator has-css-opacity\"\/>\n\n\n\n<div class=\"wp-block-columns is-layout-flex wp-container-core-columns-is-layout-9d6595d7 wp-block-columns-is-layout-flex\">\n<div class=\"wp-block-column is-layout-flow wp-block-column-is-layout-flow\">\n<figure class=\"wp-block-gallery has-nested-images columns-0 is-cropped wp-block-gallery-1 is-layout-flex wp-block-gallery-is-layout-flex\"><\/figure>\n\n\n\n<p class=\"has-small-font-size\"><\/p>\n<\/div>\n\n\n\n<div class=\"wp-block-column is-layout-flow wp-block-column-is-layout-flow\">\n<h4 class=\"wp-block-heading\"><\/h4>\n\n\n<\/div>\n<\/div>\n","protected":false},"excerpt":{"rendered":"<p>Podiumsdiskussion mit Jakob von Uexk\u00fcll und Bianca Jagger<\/p>\n","protected":false},"author":6,"featured_media":0,"comment_status":"closed","ping_status":"closed","sticky":false,"template":"","format":"standard","meta":{"footnotes":""},"categories":[18,8],"tags":[],"class_list":["post-10985","post","type-post","status-publish","format-standard","hentry","category-podiumsdiskussion","category-unkategorisiert","generate-columns","tablet-grid-50","mobile-grid-100","grid-parent","grid-50"],"wps_subtitle":"","_links":{"self":[{"href":"https:\/\/www.ofg.uni-osnabrueck.de\/en\/wp-json\/wp\/v2\/posts\/10985","targetHints":{"allow":["GET"]}}],"collection":[{"href":"https:\/\/www.ofg.uni-osnabrueck.de\/en\/wp-json\/wp\/v2\/posts"}],"about":[{"href":"https:\/\/www.ofg.uni-osnabrueck.de\/en\/wp-json\/wp\/v2\/types\/post"}],"author":[{"embeddable":true,"href":"https:\/\/www.ofg.uni-osnabrueck.de\/en\/wp-json\/wp\/v2\/users\/6"}],"replies":[{"embeddable":true,"href":"https:\/\/www.ofg.uni-osnabrueck.de\/en\/wp-json\/wp\/v2\/comments?post=10985"}],"version-history":[{"count":5,"href":"https:\/\/www.ofg.uni-osnabrueck.de\/en\/wp-json\/wp\/v2\/posts\/10985\/revisions"}],"predecessor-version":[{"id":13735,"href":"https:\/\/www.ofg.uni-osnabrueck.de\/en\/wp-json\/wp\/v2\/posts\/10985\/revisions\/13735"}],"wp:attachment":[{"href":"https:\/\/www.ofg.uni-osnabrueck.de\/en\/wp-json\/wp\/v2\/media?parent=10985"}],"wp:term":[{"taxonomy":"category","embeddable":true,"href":"https:\/\/www.ofg.uni-osnabrueck.de\/en\/wp-json\/wp\/v2\/categories?post=10985"},{"taxonomy":"post_tag","embeddable":true,"href":"https:\/\/www.ofg.uni-osnabrueck.de\/en\/wp-json\/wp\/v2\/tags?post=10985"}],"curies":[{"name":"wp","href":"https:\/\/api.w.org\/{rel}","templated":true}]}}