{"id":10976,"date":"2007-06-21T19:00:00","date_gmt":"2007-06-21T17:00:00","guid":{"rendered":"https:\/\/www.ofg.uni-osnabrueck.de\/?p=10976"},"modified":"2024-01-12T10:41:00","modified_gmt":"2024-01-12T09:41:00","slug":"libanon-zwischen-den-fronten-wie-kann-der-friede-in-der-region-gewonnen-werden","status":"publish","type":"post","link":"https:\/\/www.ofg.uni-osnabrueck.de\/en\/libanon-zwischen-den-fronten-wie-kann-der-friede-in-der-region-gewonnen-werden\/","title":{"rendered":"Libanon zwischen den Fronten &#8211; Wie kann der Friede in der Region gewonnen werden?"},"content":{"rendered":"\n<p>Statements und Diskussion mit<\/p>\n\n\n\n<p><strong>Prof. Dr. Volker Perthes<br><\/strong>Direktor der Stiftung Wissenschaft und Politik, Berlin<\/p>\n\n\n\n<p><strong>Rami G. Khouri<br><\/strong>Publizist, Direktor des Issam Fares Institute for Public Policy, American University Beirut<\/p>\n\n\n\n<p><strong>Gespr\u00e4chsleitung<\/strong><br>Birgit Kaspar, H\u00f6rfunkjournalistin (ARD, WDR, Deutschlandfunk), Beirut<\/p>\n\n\n\n<hr class=\"wp-block-separator\"\/>\n\n\n\n<p>\u00bbDer nach dem Sommerkrieg 2006 durchgesetzte Waffenstillstand ist politisch nicht abgesichert\u00ab, sagt der Libanon-Experte Volker Perthes,  Direktor des f\u00fchrenden au\u00dfenpolitischen \u00bbthink tank\u00ab in Deutschland, der Berliner SWP. \u00dcbereinstimmend beurteilen Kenner die Situation im Nahen  Osten als fortgesetzt instabil, denn f\u00fcr alle am Konflikt Beteiligten w\u00e4re es ein Leichtes, neue milit\u00e4rische Konfrontationen auszul\u00f6sen. Dabei k\u00f6nnten  die Truppen der UNIFIL-Mission, darunter Marinekr\u00e4fte der Bundeswehr, zu Zielen f\u00fcr den internationalen Terrorismus werden. Ein Friedensprozess im Libanon muss allen Beteiligten \u2013 Israel, Hisbollah, Syrien, den dort  lebenden Pal\u00e4stinensern und anderen Bev\u00f6lkerungsgruppen sowie der gew\u00e4hlten Regierung \u2013 die Aussicht bieten, ihre grundlegenden Interessen zu wahren. In jedem Fall sind die Vorg\u00e4nge im Libanon von historischer Bedeutung, sagt der Publizist Rami Khouri, denn nirgends sonst im Nahen Osten h\u00e4tten Massenproteste soviel bewegt wie im Libanon, wo der Abzug der Syrer und eine ernsthafte Strafverfolgung politischer Mordtaten  erreicht wurden. Nie zuvor sei die israelische Armee derart im Unentschiedenen stecken geblieben. Und nirgends im Nahen Osten sei eine Regierung von ihrem Volk vergleichbar unter politischen Druck geraten, w\u00e4hrend diese Regierung weitreichende Unterst\u00fctzung aus dem Westen erfuhr.<\/p>\n\n\n\n<p><strong>Volker Perthes<\/strong><br>Direktor der Stiftung Wissenschaft und Politik (SWP) \u2013 Deutsches Institut f\u00fcr Internationale Politik und Sicherheit \u2013 Geb. 1958, Promotion 1990,  1991-1993 Assistenzprofessor an der Amerikanischen Universit\u00e4t in Beirut, Lehrt\u00e4tigkeiten in Duisburg, M\u00fcnster, M\u00fcnchen und Berlin; Habilitation 2000, seit 2006 apl. Professor an der Humboldt-Universit\u00e4t und  Honorarprofessor an der Freien Universit\u00e4t Berlin. Leiter der  Forschungsgruppe \u00bbNaher Osten und Afrika\u00ab der SWP bis 2005.<\/p>\n\n\n\n<p><strong>Rami George Khouri<\/strong><br>Publizist, Direktor des Issam Fares Institute of Public Policy and International Affairs an der American University of Beirut \u2013 Khouri ist au\u00dfenpolitischer Kolumnist der englischsprachigen, in Beirut  erscheinenden und im Nahen Osten weitverbreiteten Zeitung \u00bbThe Daily Star\u00ab, die mit der \u00bbInternational Herald Tribune\u00ab verbunden ist. An  Universit\u00e4ten in Jordanien und Libanon unterrichtete er Journalismus. Gastdozenturen absolvierte er u. a. an der Standford University in den USA.<\/p>\n\n\n\n<p><strong>Birgit Kaspar M. A.<\/strong><br>H\u00f6rfunkjournalistin f\u00fcr die ARD-Landesrundfunk-anstalten und den Deutschlandfunk mit Sitz in Beirut seit Juni 2006 \u2013 Geb. 1963, Studium der Geschichte, Germanistik und  franz\u00f6sischen Literatur, seit 1995 Redakteurin im WDR, von 1998 bis 2003 Nahostkorrespondentin des WDR und Studioleiterin in &#8211; Amman. Von 2003 bis 2006 Redakteurin bei WDR 2 in K\u00f6ln.<\/p>\n\n\n\n<p><strong>21. Juni 2007, 19:00 Uhr, Ratssitzungssaal des Rathauses Osnabr\u00fcck<\/strong><\/p>\n\n\n\n<hr class=\"wp-block-separator\"\/>\n\n\n\n<div class=\"wp-block-columns is-layout-flex wp-container-core-columns-is-layout-9d6595d7 wp-block-columns-is-layout-flex\">\n<div class=\"wp-block-column is-layout-flow wp-block-column-is-layout-flow\">\n<figure class=\"wp-block-gallery columns-0 is-cropped wp-block-gallery-1 is-layout-flex wp-block-gallery-is-layout-flex\"><ul class=\"blocks-gallery-grid\"><\/ul><\/figure>\n\n\n\n<p class=\"has-small-font-size\"><\/p>\n<\/div>\n\n\n\n<div class=\"wp-block-column is-layout-flow wp-block-column-is-layout-flow\">\n<h4 class=\"wp-block-heading\"><\/h4>\n\n\n<\/div>\n<\/div>\n","protected":false},"excerpt":{"rendered":"<p>Podiumsdiskussion mit Prof. Dr. Volker Perthes und Rami G. Khouri<\/p>\n","protected":false},"author":6,"featured_media":0,"comment_status":"closed","ping_status":"closed","sticky":false,"template":"","format":"standard","meta":{"footnotes":""},"categories":[18,8],"tags":[],"class_list":["post-10976","post","type-post","status-publish","format-standard","hentry","category-podiumsdiskussion","category-unkategorisiert","generate-columns","tablet-grid-50","mobile-grid-100","grid-parent","grid-50"],"wps_subtitle":"","_links":{"self":[{"href":"https:\/\/www.ofg.uni-osnabrueck.de\/en\/wp-json\/wp\/v2\/posts\/10976","targetHints":{"allow":["GET"]}}],"collection":[{"href":"https:\/\/www.ofg.uni-osnabrueck.de\/en\/wp-json\/wp\/v2\/posts"}],"about":[{"href":"https:\/\/www.ofg.uni-osnabrueck.de\/en\/wp-json\/wp\/v2\/types\/post"}],"author":[{"embeddable":true,"href":"https:\/\/www.ofg.uni-osnabrueck.de\/en\/wp-json\/wp\/v2\/users\/6"}],"replies":[{"embeddable":true,"href":"https:\/\/www.ofg.uni-osnabrueck.de\/en\/wp-json\/wp\/v2\/comments?post=10976"}],"version-history":[{"count":6,"href":"https:\/\/www.ofg.uni-osnabrueck.de\/en\/wp-json\/wp\/v2\/posts\/10976\/revisions"}],"predecessor-version":[{"id":12939,"href":"https:\/\/www.ofg.uni-osnabrueck.de\/en\/wp-json\/wp\/v2\/posts\/10976\/revisions\/12939"}],"wp:attachment":[{"href":"https:\/\/www.ofg.uni-osnabrueck.de\/en\/wp-json\/wp\/v2\/media?parent=10976"}],"wp:term":[{"taxonomy":"category","embeddable":true,"href":"https:\/\/www.ofg.uni-osnabrueck.de\/en\/wp-json\/wp\/v2\/categories?post=10976"},{"taxonomy":"post_tag","embeddable":true,"href":"https:\/\/www.ofg.uni-osnabrueck.de\/en\/wp-json\/wp\/v2\/tags?post=10976"}],"curies":[{"name":"wp","href":"https:\/\/api.w.org\/{rel}","templated":true}]}}