{"id":10954,"date":"2007-05-10T19:00:00","date_gmt":"2007-05-10T17:00:00","guid":{"rendered":"https:\/\/www.ofg.uni-osnabrueck.de\/?p=10954"},"modified":"2024-01-12T10:41:29","modified_gmt":"2024-01-12T09:41:29","slug":"rechtsextremismus-in-deutschland-soziale-krise-politische-handlungsunfaehigkeit-und-nazi-ideologie","status":"publish","type":"post","link":"https:\/\/www.ofg.uni-osnabrueck.de\/en\/rechtsextremismus-in-deutschland-soziale-krise-politische-handlungsunfaehigkeit-und-nazi-ideologie\/","title":{"rendered":"Rechtsextremismus in Deutschland: Soziale Krise, politische Handlungsunf\u00e4higkeit und Nazi-Ideologie"},"content":{"rendered":"\n<p>Statements und Diskussion mit<\/p>\n\n\n\n<p><strong>Uwe-Karsten Heye<\/strong><br>Gesicht Zeigen! Aktion weltoffenes Deutschland e. V., Berlin<\/p>\n\n\n\n<p><strong>J\u00f6rg Sch\u00f6nbohm<br><\/strong>Innenminister des Landes Brandenburg<\/p>\n\n\n\n<p><strong>Prof. Dr. J\u00fcrgen W. Falter<br><\/strong>Politikwissenschaftler, Universit\u00e4t Mainz<\/p>\n\n\n\n<p><strong>Gespr\u00e4chsleitung<\/strong><br>Prof. Dr. Roland Czada, Universit\u00e4t Osnabr\u00fcck<\/p>\n\n\n\n<hr class=\"wp-block-separator\"\/>\n\n\n\n<p>In einem Rundfunkinterview warnte Uwe Karsten Heye im Mai 2006 ausl\u00e4ndische Besucher der Fu\u00dfball-WM vor dem Besuch \u00bbbestimmter Gebiete Ostdeutschlands\u00ab wegen drohender \u00dcbergriffe durch rassistische Gewaltt\u00e4ter. Er erntete neben manchem Zuspruch vor allem Kritik. Lange wurde das Anwachsen rechtsradikaler Gruppen in Ostdeutschland als  Altlast des SED-Staates verharmlost und einer mangelhaften Aufarbeitung der NSVergangenheit zugeschrieben. 16 Jahre nach Ende der DDR erscheint<br>dies immer weniger plausibel. Die Anzahl der im Umfeld rechter  Gruppierungen ver\u00fcbten Gewalttaten ist bundesweit angestiegen. Sie  verbreiten rassistische Parolen und verherrlichen die Nazi-Diktatur. Als parlamentarische Oppositionsparteien versuchen sie zudem, sich ein neues Image zuzulegen und von einer wachsenden Politikverdrossenheit der Bev\u00f6lkerung zu profitieren. Mit Uwe Karsten Heye, J\u00f6rg Sch\u00f6nbom und  J\u00fcrgen Falter diskutieren drei ausgewiesene Experten \u00fcber den Umgang  mit der Gefahr des Rechtsradikalismus in Deutschland.<\/p>\n\n\n\n<p><strong>Uwe Karsten Heye<\/strong><br>Journalist, Chefredakteur der SPD-Parteizeitung \u00bbVorw\u00e4rts\u00ab seit 2006 \u2013 Geb. 1940, von 1974 bis 1979 Pressereferent bei Willy Brandt, sp\u00e4ter Regierungssprecher in Niedersachsen, von 1998 bis 2002 Staatssekret\u00e4r und Regierungssprecher unter Bundeskanzler Gerhard Schr\u00f6der. Von 2003 bis  2005 Generalkonsul in New York. Im Jahr 2001 Gr\u00fcndungsmitglied und seither Vorstandsvorsitzender des Vereins \u00bbGesicht Zeigen! Aktion  weltoffenes Deutschland e. V.\u00ab.<\/p>\n\n\n\n<p><strong>J\u00f6rg Sch\u00f6nbohm<\/strong><br>Innenminister und Stv. Ministerpr\u00e4sident des Landes Brandenburg seit 1999 \u2013 Geb. 1937 in Neu Golm\/Mark Brandenburg. Nach dem Abitur ab 1957 Offizierslaufbahn und Karriere in der Bundeswehr. Ab 1978 Referent im Bundesministerium f\u00fcr Verteidigung. 1990 Befehlshaber des BW- Kommandos Ost in Strausberg mit der Aufgabe der Aufl\u00f6sung der NVA. Ab 1992 Staatssekret\u00e4r im BMVg f\u00fcr Sicherheitspolitik, R\u00fcstung und Bundeswehrplanung. Von 1996 bis 1998 Senator f\u00fcr Inneres in Berlin, ab 1999 CDU-Landesvorsitzender in Brandenburg.<\/p>\n\n\n\n<p><strong>J\u00fcrgen W. Falter<\/strong><br>Professor f\u00fcr Politikwissenschaft an der Universit\u00e4t Mainz seit 1993, Schwerpunkt hier: \u00bbPolitische Systeme\u00ab und \u00bbInnenpolitik \u00ab \u2013 Geb. 1944 in  Heppenheim\/Bergstra\u00dfe, Studium der Politikwissenschaft und der Neueren Geschichte in Heidelberg, Berlin und in den USA; von 1970 bis 1973 Wiss.  Mitarbeiter der Universit\u00e4t in Saarbr\u00fccken, dort 1973 Promotion und 1981 Habilitation.Von 1973 bis 1983 Professor an der Hochschule der  Bundeswehr in M\u00fcnchen, von 1983 bis 1992 Professor f\u00fcr Politikwissenschaft und Vergleichende Faschismusforschung an der FU Berlin.<\/p>\n\n\n\n<hr class=\"wp-block-separator\"\/>\n\n\n\n<p><strong>10. Mai 2007, 19:00 Uhr, Aula der Universit\u00e4t Osnabr\u00fcck, Neuer Graben<\/strong><\/p>\n\n\n\n<hr class=\"wp-block-separator\"\/>\n\n\n\n<div class=\"wp-block-columns is-layout-flex wp-container-core-columns-is-layout-9d6595d7 wp-block-columns-is-layout-flex\">\n<div class=\"wp-block-column is-layout-flow wp-block-column-is-layout-flow\">\n<h4 class=\"wp-block-heading\"><\/h4>\n\n\n\n<figure class=\"wp-block-gallery columns-0 is-cropped wp-block-gallery-1 is-layout-flex wp-block-gallery-is-layout-flex\"><ul class=\"blocks-gallery-grid\"><\/ul><\/figure>\n<\/div>\n\n\n\n<div class=\"wp-block-column is-layout-flow wp-block-column-is-layout-flow\">\n<h4 class=\"wp-block-heading\"><\/h4>\n\n\n\n\n\n<p><\/p>\n<\/div>\n<\/div>\n","protected":false},"excerpt":{"rendered":"<p>Podiumsdiskussion mit Uwe-Karsten Heye, J\u00f6rg Sch\u00f6nbohm, Prof. Dr. J\u00fcrgen W. Falter<\/p>\n","protected":false},"author":6,"featured_media":0,"comment_status":"closed","ping_status":"closed","sticky":false,"template":"","format":"standard","meta":{"footnotes":""},"categories":[18,8],"tags":[],"class_list":["post-10954","post","type-post","status-publish","format-standard","hentry","category-podiumsdiskussion","category-unkategorisiert","generate-columns","tablet-grid-50","mobile-grid-100","grid-parent","grid-50"],"wps_subtitle":"","_links":{"self":[{"href":"https:\/\/www.ofg.uni-osnabrueck.de\/en\/wp-json\/wp\/v2\/posts\/10954","targetHints":{"allow":["GET"]}}],"collection":[{"href":"https:\/\/www.ofg.uni-osnabrueck.de\/en\/wp-json\/wp\/v2\/posts"}],"about":[{"href":"https:\/\/www.ofg.uni-osnabrueck.de\/en\/wp-json\/wp\/v2\/types\/post"}],"author":[{"embeddable":true,"href":"https:\/\/www.ofg.uni-osnabrueck.de\/en\/wp-json\/wp\/v2\/users\/6"}],"replies":[{"embeddable":true,"href":"https:\/\/www.ofg.uni-osnabrueck.de\/en\/wp-json\/wp\/v2\/comments?post=10954"}],"version-history":[{"count":2,"href":"https:\/\/www.ofg.uni-osnabrueck.de\/en\/wp-json\/wp\/v2\/posts\/10954\/revisions"}],"predecessor-version":[{"id":12943,"href":"https:\/\/www.ofg.uni-osnabrueck.de\/en\/wp-json\/wp\/v2\/posts\/10954\/revisions\/12943"}],"wp:attachment":[{"href":"https:\/\/www.ofg.uni-osnabrueck.de\/en\/wp-json\/wp\/v2\/media?parent=10954"}],"wp:term":[{"taxonomy":"category","embeddable":true,"href":"https:\/\/www.ofg.uni-osnabrueck.de\/en\/wp-json\/wp\/v2\/categories?post=10954"},{"taxonomy":"post_tag","embeddable":true,"href":"https:\/\/www.ofg.uni-osnabrueck.de\/en\/wp-json\/wp\/v2\/tags?post=10954"}],"curies":[{"name":"wp","href":"https:\/\/api.w.org\/{rel}","templated":true}]}}