{"id":10828,"date":"2008-04-29T19:00:00","date_gmt":"2008-04-29T17:00:00","guid":{"rendered":"https:\/\/www.ofg.uni-osnabrueck.de\/?p=10828"},"modified":"2024-01-12T10:35:17","modified_gmt":"2024-01-12T09:35:17","slug":"staat-und-religionen-in-deutschland-wie-sollte-das-verhaeltnis-geregelt-sein","status":"publish","type":"post","link":"https:\/\/www.ofg.uni-osnabrueck.de\/en\/staat-und-religionen-in-deutschland-wie-sollte-das-verhaeltnis-geregelt-sein\/","title":{"rendered":"Staat und Religionen in Deutschland: Wie sollte das Verh\u00e4ltnis geregelt sein?"},"content":{"rendered":"\n<p>Statements und Diskussion anl\u00e4sslich des 97. Deutschen Katholikentages in Osnabr\u00fcck mit<\/p>\n\n\n\n<p><strong>Dr. Hans Langend\u00f6rfer SJ<br><\/strong>Sekret\u00e4r der Deutschen Bischofskonferenz, Bonn<\/p>\n\n\n\n<p><strong>Dr. Ayyub Axel K\u00f6hler<br><\/strong>Vorsitzender des Zentralrats der Muslime in Deutschland e. V., K\u00f6ln<\/p>\n\n\n\n<p><strong>Dr. Michael Schmidt-Salomon<br><\/strong>Publizist, Vorstandssprecher der Giordano Bruno Stiftung<\/p>\n\n\n\n<p><strong>Gespr\u00e4chsleitung<\/strong><br>Prof. Dr. Martina Blasberg-Kuhnke, Universit\u00e4t Osnabr\u00fcck<\/p>\n\n\n\n<hr class=\"wp-block-separator\"\/>\n\n\n\n<p>Religion und Staat, so lernen wir in der Schule, sind bei uns getrennt. Das \u00bbHeilige R\u00f6mische Reich Deutscher Nation\u00ab, dessen Kaiser noch von Gottes Gnaden herrschte, ist l\u00e4ngst Geschichte. In \u00bbweltanschaulicher Neutralit\u00e4t\u00ab regelt der Staat seit Inkrafttreten der Weimarer Verfassung im Jahr 1919  sein Verh\u00e4ltnis zu den christlichen Kirchen im Rahmen des   Staatskirchenrechts, durch das beiden gro\u00dfen christlichen Konfessionen  der Status von K\u00f6rperschaften des \u00f6ffentlichen Rechts zukommt. Die  Kirchensteuererhebung, die F\u00f6rderung konfessioneller Schulen,  Kinderg\u00e4rten und theologischer Fakult\u00e4ten, Verg\u00fcnstigungen bei Steuern, Abgaben und Geb\u00fchren, Mitspracherechte in Gremien wie z. B. Rundfunkr\u00e4ten und die F\u00e4higkeit, \u00f6ffentlich-rechtliche Dienstverh\u00e4ltnisse f\u00fcr Pfarrer und andere Kirchenbeamte zu begr\u00fcnden, gelten als verdiente Privilegien dieser Religionsgemeinschaften und Ausweis ihres kooperativen Verh\u00e4ltnisses zum Staat. Sowohl s\u00e4kulare Glaubenskritiker, die die  versprochene Trennung von Kirche und Staat nicht eingel\u00f6st sehen, als  auch Vertreter bisher nicht privilegierter Religionsgemeinschaften melden indessen hier Gespr\u00e4chs- und Handlungsbedarf an. Aber unter dem Eindruck einer gestiegenen Zahl von Muslimen in Deutschland scheinen sich die Positionen zu versteifen: Politische Stimmen fordern im Zeichen  der \u00bbLeitkultur\u00ab-Debatte, das \u00bbchristlichj\u00fcdische Erbe\u00ab exklusiv in einer neuen Europ\u00e4ischen Verfassung festzuschreiben. \u2013 Soll auch in Zukunft  gelten: \u00bbEin feste Burg ist unser Gott, ein gute Wehr und Waffen\u00ab?<\/p>\n\n\n\n<p><strong>Dr. Hans Langend\u00f6rfer SJ<\/strong><br>Sekret\u00e4r der Deutschen Bischofskonferenz seit 1996 \u2013 Geb. 1951 in Bonn, 1972 Eintritt in den Jesuitenorden, Studium in M\u00fcnchen und Frankfurt, 1979 Priesterweihe, von 1981 bis 1986 Wiss. Assistent an der Universit\u00e4t  Bonn, 1987-1989 Wiss. Mitarbeiter im Bundeskanzleramt, ab 1989 Leiter des \u00bbFoyer der Jesuiten\u00ab, Bonn.<\/p>\n\n\n\n<p><strong>Dr. rer. nat. Ayyub Axel K\u00f6hler<\/strong><br>Vorsitzender des Zentralrats der Muslime in Deutschland e. V., K\u00f6ln \u2013Geb. 1938 in Stettin. Muslim seit 1963, 1968 Promotion, 1969 Wiss. Mitarbeiter in der Dt. Forschungs- und Versuchsanstalt f\u00fcr Luft- und Raumfahrt, 1970 Assistant-Professor in Teheran. Von 1973 bis 1999 im Institut der deutschen Wirtschaft in K\u00f6ln t\u00e4tig. Von 1988 bis 1993 Mitbegr\u00fcnder bzw. Sprecher des Islamischen Arbeitskreises, dem Vorl\u00e4ufer des Zentralrats, 2001 bis 2006 dessen Generalsekret\u00e4r.<\/p>\n\n\n\n<p><strong>Dr. phil. Michael Schmidt-Salomon<\/strong><br>Vorstandssprecher der Giordano Bruno Stiftung, Publizist, Redakteur \u2013 Geb. 1967 in Trier, Studium der Erziehungswissenschaften in Trier, Promotion 1997. Von 1992 bis 2001 Wiss. Mitarbeiter und Lehrbeauftragter an der Universit\u00e4t Trier, seit 2002 Dozent u. a. am Institut D\u2018Etudes Educatives et Sociales (IEES) in Luxemburg.<\/p>\n\n\n\n<hr class=\"wp-block-separator\"\/>\n\n\n\n<p><strong>29. April 2008, 19:00 Uhr, Aula der Universit\u00e4t Osnabr\u00fcck, Neuer Graben<\/strong><\/p>\n\n\n\n<hr class=\"wp-block-separator\"\/>\n\n\n\n<div class=\"wp-block-columns is-layout-flex wp-container-core-columns-is-layout-9d6595d7 wp-block-columns-is-layout-flex\">\n<div class=\"wp-block-column is-layout-flow wp-block-column-is-layout-flow\">\n<h4 class=\"wp-block-heading\"><strong>Bildergalerie<\/strong><\/h4>\n\n\n\n<figure class=\"wp-block-gallery columns-0 is-cropped wp-block-gallery-1 is-layout-flex wp-block-gallery-is-layout-flex\"><ul class=\"blocks-gallery-grid\"><li class=\"blocks-gallery-item\"><figure><a href=\"https:\/\/www.ofg.uni-osnabrueck.de\/wp-content\/uploads\/2023\/06\/2-langendoerfer.jpg\"><img loading=\"lazy\" decoding=\"async\" width=\"340\" height=\"313\" src=\"https:\/\/www.ofg.uni-osnabrueck.de\/wp-content\/uploads\/2023\/06\/2-langendoerfer.jpg\" alt=\"\" data-id=\"10822\" data-full-url=\"https:\/\/www.ofg.uni-osnabrueck.de\/wp-content\/uploads\/2023\/06\/2-langendoerfer.jpg\" data-link=\"https:\/\/www.ofg.uni-osnabrueck.de\/2-langendoerfer\/\" class=\"wp-image-10822\" srcset=\"https:\/\/www.ofg.uni-osnabrueck.de\/wp-content\/uploads\/2023\/06\/2-langendoerfer.jpg 340w, https:\/\/www.ofg.uni-osnabrueck.de\/wp-content\/uploads\/2023\/06\/2-langendoerfer-300x276.jpg 300w\" sizes=\"auto, (max-width: 340px) 100vw, 340px\" \/><\/a><figcaption class=\"blocks-gallery-item__caption\">Dr. Hans Langend\u00f6rfer SJ, Sekret\u00e4r der Deutschen Bischofskonferenz\n\u00a9 Osnabr\u00fccker Friedensgespr\u00e4che | Uwe Lewandowski<\/figcaption><\/figure><\/li><li class=\"blocks-gallery-item\"><figure><a href=\"https:\/\/www.ofg.uni-osnabrueck.de\/wp-content\/uploads\/2023\/06\/2-koehler62x43.jpg\"><img loading=\"lazy\" decoding=\"async\" width=\"340\" height=\"228\" src=\"https:\/\/www.ofg.uni-osnabrueck.de\/wp-content\/uploads\/2023\/06\/2-koehler62x43.jpg\" alt=\"\" data-id=\"10817\" data-full-url=\"https:\/\/www.ofg.uni-osnabrueck.de\/wp-content\/uploads\/2023\/06\/2-koehler62x43.jpg\" data-link=\"https:\/\/www.ofg.uni-osnabrueck.de\/2-koehler62x43\/\" class=\"wp-image-10817\" srcset=\"https:\/\/www.ofg.uni-osnabrueck.de\/wp-content\/uploads\/2023\/06\/2-koehler62x43.jpg 340w, https:\/\/www.ofg.uni-osnabrueck.de\/wp-content\/uploads\/2023\/06\/2-koehler62x43-300x201.jpg 300w\" sizes=\"auto, (max-width: 340px) 100vw, 340px\" \/><\/a><figcaption class=\"blocks-gallery-item__caption\">Dr. Ayyub Axel K\u00f6hler, Vorsitzender des Zentralrats der Muslime in Deutschland e.V.\n\u00a9 Osnabr\u00fccker Friedensgespr\u00e4che | Uwe Lewandowski<\/figcaption><\/figure><\/li><li class=\"blocks-gallery-item\"><figure><a href=\"https:\/\/www.ofg.uni-osnabrueck.de\/wp-content\/uploads\/2023\/06\/2-schmidt-salaomon.jpg\"><img loading=\"lazy\" decoding=\"async\" width=\"340\" height=\"313\" src=\"https:\/\/www.ofg.uni-osnabrueck.de\/wp-content\/uploads\/2023\/06\/2-schmidt-salaomon.jpg\" alt=\"\" data-id=\"10813\" data-full-url=\"https:\/\/www.ofg.uni-osnabrueck.de\/wp-content\/uploads\/2023\/06\/2-schmidt-salaomon.jpg\" data-link=\"https:\/\/www.ofg.uni-osnabrueck.de\/2-schmidt-salaomon\/\" class=\"wp-image-10813\" srcset=\"https:\/\/www.ofg.uni-osnabrueck.de\/wp-content\/uploads\/2023\/06\/2-schmidt-salaomon.jpg 340w, https:\/\/www.ofg.uni-osnabrueck.de\/wp-content\/uploads\/2023\/06\/2-schmidt-salaomon-300x276.jpg 300w\" sizes=\"auto, (max-width: 340px) 100vw, 340px\" \/><\/a><figcaption class=\"blocks-gallery-item__caption\">Dr. Michael Schmidt-Salomon, Vorstandssprecher der\nGiordano Bruno Stiftung\n\u00a9 Osnabr\u00fccker Friedensgespr\u00e4che | Uwe Lewandowski<\/figcaption><\/figure><\/li><li class=\"blocks-gallery-item\"><figure><a href=\"https:\/\/www.ofg.uni-osnabrueck.de\/wp-content\/uploads\/2023\/06\/2-blasberg-kuhnke.jpg\"><img loading=\"lazy\" decoding=\"async\" width=\"340\" height=\"446\" src=\"https:\/\/www.ofg.uni-osnabrueck.de\/wp-content\/uploads\/2023\/06\/2-blasberg-kuhnke.jpg\" alt=\"\" data-id=\"10808\" data-full-url=\"https:\/\/www.ofg.uni-osnabrueck.de\/wp-content\/uploads\/2023\/06\/2-blasberg-kuhnke.jpg\" data-link=\"https:\/\/www.ofg.uni-osnabrueck.de\/2-blasberg-kuhnke\/\" class=\"wp-image-10808\" srcset=\"https:\/\/www.ofg.uni-osnabrueck.de\/wp-content\/uploads\/2023\/06\/2-blasberg-kuhnke.jpg 340w, https:\/\/www.ofg.uni-osnabrueck.de\/wp-content\/uploads\/2023\/06\/2-blasberg-kuhnke-229x300.jpg 229w\" sizes=\"auto, (max-width: 340px) 100vw, 340px\" \/><\/a><figcaption class=\"blocks-gallery-item__caption\">Moderatorin Prof. Dr. Martina Blasberg-Kuhnke, Universit\u00e4t Osnabr\u00fcck\n<\/figcaption><\/figure><\/li><\/ul><\/figure>\n\n\n\n<p class=\"has-small-font-size\">\u00a9 Osnabr\u00fccker Friedensgespr\u00e4che | Uwe Lewandowski<\/p>\n<\/div>\n\n\n\n<div class=\"wp-block-column is-layout-flow wp-block-column-is-layout-flow\">\n<h4 class=\"wp-block-heading\"><\/h4>\n\n\n\n\n\n<p><\/p>\n<\/div>\n<\/div>\n","protected":false},"excerpt":{"rendered":"<p>Podiumsdiskussion anl\u00e4sslich des 97. Deutschen Katholikentages in Osnabr\u00fcck mit Dr. Hans Langend\u00f6rfer SJ, Dr. Ayyub Axel K\u00f6hler und Dr. Michael Schmidt-Salomon<\/p>\n","protected":false},"author":6,"featured_media":10822,"comment_status":"closed","ping_status":"closed","sticky":false,"template":"","format":"standard","meta":{"footnotes":""},"categories":[18,8],"tags":[],"class_list":["post-10828","post","type-post","status-publish","format-standard","has-post-thumbnail","hentry","category-podiumsdiskussion","category-unkategorisiert","generate-columns","tablet-grid-50","mobile-grid-100","grid-parent","grid-50"],"wps_subtitle":"","_links":{"self":[{"href":"https:\/\/www.ofg.uni-osnabrueck.de\/en\/wp-json\/wp\/v2\/posts\/10828","targetHints":{"allow":["GET"]}}],"collection":[{"href":"https:\/\/www.ofg.uni-osnabrueck.de\/en\/wp-json\/wp\/v2\/posts"}],"about":[{"href":"https:\/\/www.ofg.uni-osnabrueck.de\/en\/wp-json\/wp\/v2\/types\/post"}],"author":[{"embeddable":true,"href":"https:\/\/www.ofg.uni-osnabrueck.de\/en\/wp-json\/wp\/v2\/users\/6"}],"replies":[{"embeddable":true,"href":"https:\/\/www.ofg.uni-osnabrueck.de\/en\/wp-json\/wp\/v2\/comments?post=10828"}],"version-history":[{"count":6,"href":"https:\/\/www.ofg.uni-osnabrueck.de\/en\/wp-json\/wp\/v2\/posts\/10828\/revisions"}],"predecessor-version":[{"id":12921,"href":"https:\/\/www.ofg.uni-osnabrueck.de\/en\/wp-json\/wp\/v2\/posts\/10828\/revisions\/12921"}],"wp:featuredmedia":[{"embeddable":true,"href":"https:\/\/www.ofg.uni-osnabrueck.de\/en\/wp-json\/wp\/v2\/media\/10822"}],"wp:attachment":[{"href":"https:\/\/www.ofg.uni-osnabrueck.de\/en\/wp-json\/wp\/v2\/media?parent=10828"}],"wp:term":[{"taxonomy":"category","embeddable":true,"href":"https:\/\/www.ofg.uni-osnabrueck.de\/en\/wp-json\/wp\/v2\/categories?post=10828"},{"taxonomy":"post_tag","embeddable":true,"href":"https:\/\/www.ofg.uni-osnabrueck.de\/en\/wp-json\/wp\/v2\/tags?post=10828"}],"curies":[{"name":"wp","href":"https:\/\/api.w.org\/{rel}","templated":true}]}}