{"id":10648,"date":"2009-05-26T19:00:00","date_gmt":"2009-05-26T17:00:00","guid":{"rendered":"https:\/\/www.ofg.uni-osnabrueck.de\/?p=10648"},"modified":"2024-01-12T10:28:07","modified_gmt":"2024-01-12T09:28:07","slug":"yes-we-can-weltpolitische-neuorientierung-der-weltmacht-usa","status":"publish","type":"post","link":"https:\/\/www.ofg.uni-osnabrueck.de\/en\/yes-we-can-weltpolitische-neuorientierung-der-weltmacht-usa\/","title":{"rendered":"Yes, we can! &#8211; Weltpolitische Neuorientierung der Weltmacht USA?"},"content":{"rendered":"\n<p>Statements und Diskussion mit<\/p>\n\n\n\n<p><strong>Dr. Jackson Janes<br><\/strong>Direktor des American Institute for Contemporary German Studies der Johns Hopkins University, Washington D.C.<\/p>\n\n\n\n<p><strong>Karsten D. Voigt<br><\/strong>Koordinator der Bundesregierung f\u00fcr die deutsch-amerikanische  Zusammenarbeit<\/p>\n\n\n\n<p><strong>Gespr\u00e4chsleitung<\/strong><br>Prof. Dr. Rainer Eisfeld, Universit\u00e4t Osnabr\u00fcck<\/p>\n\n\n\n<hr class=\"wp-block-separator\"\/>\n\n\n\n<p>Zuerst waren es die Untaten von US-Pr\u00e4sident Bush, deren Beendigung man sich von Barrack Obama versprach, dem sympathischen politischen Senkrechstarter aus den Reihen der USDemokraten: Schluss mit dem Irak-Abenteuer samt den Skandalen namens Guantanam\u00f3 und Abu Ghraib! Und  Schluss mit der weltpolitischen \u203aEinsamkeit\u2039, die der Vorg\u00e4nger mit seiner  Version des \u203aKampfes f\u00fcr Demokratie und Menschenrechte\u2039, der zugleich ein \u00bbwar on terror\u00ab sein sollte, herbeigef\u00fchrt hatte! Ein neuer Fr\u00fchling sollte auch in die deutsch-amerikanischen Beziehungen einkehren. Kaum  gew\u00e4hlt, avancierte die heimische, sp\u00e4ter globale Finanz- und  Wirtschaftskrise zur Hauptaufgabe von Barrack Obama. \u00bbYes, we can!\u00ab \u2013  das Versprechen, seinen Wahlkampf siegreich zu bestehen, wurde zur  Formel einer weltumspannenden Heilserwartung. Kommt mit dem  \u203aMacher\u2039 an der Spitze der Weltmacht USA das von vielen ersehnte \u00bbPrimat der Politik\u00ab dauerhaft auf die B\u00fchne zur\u00fcck? Was wird aus der  europ\u00e4ischen Forderung, auch die Amerikaner m\u00f6gen die Welt als \u203amultipolar\u2039 respektieren? Werden die USA mit der Gruppe der 20 gr\u00f6\u00dften Industrie- und Schwellenl\u00e4nder der Weltwirtschaft neuen Kredit verschaffen k\u00f6nnen? Wer muss f\u00fcr die aktuelle Krise zahlen, und wie sind die Auswirkungen auf die internationalen Beziehungen und den  Weltfrieden?<\/p>\n\n\n\n<p><strong>Dr. Jackson Janes<\/strong><br>Direktor des American Institute for Contemporary German Studies an der Johns Hopkins University in Washington, D.C., Politikwissenschaftler \u2013 Nach einem Studium in Freiburg, Giessen und T\u00fcbingen, wo er auch lehrte, leitete Janes dort von 1977 bis 1980 das Deutsch-Amerikanische Institut. Von 1980 bis 1985 war er Direktor des German Marshall Fund of the United States in Bonn. Von 1986 bis 1988 war er an der University of Pittsburgh t\u00e4tig, bevor er nach Washington kam. Janes engagiert sich seit Jahrzehnten f\u00fcr die deutschamerikanischen Beziehungen und ber\u00e4t verschiedene  Institutionen der US-Au\u00dfenpolitik und Vereinigungen der transatlantischen Zusammenarbeit. Janes ist gefragter Kommentator f\u00fcr Rundfunk, TV und Presse in Deutschland und in den USA.<\/p>\n\n\n\n<p><strong>Karsten D. Voigt<\/strong><br>Koordinator f\u00fcr die deutsch-amerikanische Zusammenarbeit im Ausw\u00e4rtigen Amt seit 1999 \u2013 Geb. 1941, Studium der Geschichte, Germanistik und Skandinavistik in Hamburg und Frankfurt. Von 1969 bis 1973 Vorsitzender der Jungsozialisten. Mitglied des SPD-Bundesvorstandes von 1984 bis 1995, Vorstandsmitglied der Sozialdemokratischen Partei  Europas von 1985 bis 1994. Von 1976 bis 1998 war Voigt Mitglied des Bundestages, von 1977 bis 1998 Mitglied der Parlamentarischen Versammlung der NATO, deren Pr\u00e4sident er von 1994-1996 war. Von 1983 bis 1998 war Voigt au\u00dfenpolitischer Sprecher der SPD-Bundestagsfraktion. Er engagiert sich u. a. im Pr\u00e4sidium der Deutschen Gesellschaft f\u00fcr Ausw\u00e4rtige Politik und im Kuratorium des Berliner Aspen-Institutes.<\/p>\n\n\n\n<hr class=\"wp-block-separator\"\/>\n\n\n\n<p><strong>26. Mai 2009, 19:00 Uhr, Aula der Universit\u00e4t Osnabr\u00fcck, Neuer Graben<\/strong><\/p>\n\n\n\n<hr class=\"wp-block-separator\"\/>\n\n\n\n<div class=\"wp-block-columns is-layout-flex wp-container-core-columns-is-layout-9d6595d7 wp-block-columns-is-layout-flex\">\n<div class=\"wp-block-column is-layout-flow wp-block-column-is-layout-flow\">\n<h4 class=\"wp-block-heading\"><strong>Bildergalerie<\/strong><\/h4>\n\n\n\n<figure class=\"wp-block-gallery columns-0 is-cropped wp-block-gallery-1 is-layout-flex wp-block-gallery-is-layout-flex\"><ul class=\"blocks-gallery-grid\"><li class=\"blocks-gallery-item\"><figure><a href=\"https:\/\/www.ofg.uni-osnabrueck.de\/wp-content\/uploads\/2023\/05\/3-vogtherr.jpg\"><img loading=\"lazy\" decoding=\"async\" width=\"340\" height=\"242\" src=\"https:\/\/www.ofg.uni-osnabrueck.de\/wp-content\/uploads\/2023\/05\/3-vogtherr.jpg\" alt=\"\" data-id=\"10676\" data-full-url=\"https:\/\/www.ofg.uni-osnabrueck.de\/wp-content\/uploads\/2023\/05\/3-vogtherr.jpg\" data-link=\"https:\/\/www.ofg.uni-osnabrueck.de\/3-vogtherr\/\" class=\"wp-image-10676\" srcset=\"https:\/\/www.ofg.uni-osnabrueck.de\/wp-content\/uploads\/2023\/05\/3-vogtherr.jpg 340w, https:\/\/www.ofg.uni-osnabrueck.de\/wp-content\/uploads\/2023\/05\/3-vogtherr-300x214.jpg 300w\" sizes=\"auto, (max-width: 340px) 100vw, 340px\" \/><\/a><figcaption class=\"blocks-gallery-item__caption\">Begr\u00fc\u00dfung durch Thomas Vogherr, Vizepr\u00e4sident der Universit\u00e4t\n\u00a9 Osnabr\u00fccker Friedensgespr\u00e4che | Elena Scholz<\/figcaption><\/figure><\/li><li class=\"blocks-gallery-item\"><figure><a href=\"https:\/\/www.ofg.uni-osnabrueck.de\/wp-content\/uploads\/2023\/05\/3-podium.jpg\"><img loading=\"lazy\" decoding=\"async\" width=\"340\" height=\"232\" src=\"https:\/\/www.ofg.uni-osnabrueck.de\/wp-content\/uploads\/2023\/05\/3-podium.jpg\" alt=\"\" data-id=\"10672\" data-full-url=\"https:\/\/www.ofg.uni-osnabrueck.de\/wp-content\/uploads\/2023\/05\/3-podium.jpg\" data-link=\"https:\/\/www.ofg.uni-osnabrueck.de\/3-podium\/\" class=\"wp-image-10672\" srcset=\"https:\/\/www.ofg.uni-osnabrueck.de\/wp-content\/uploads\/2023\/05\/3-podium.jpg 340w, https:\/\/www.ofg.uni-osnabrueck.de\/wp-content\/uploads\/2023\/05\/3-podium-300x205.jpg 300w\" sizes=\"auto, (max-width: 340px) 100vw, 340px\" \/><\/a><figcaption class=\"blocks-gallery-item__caption\">Auf dem Podium: Karsten D. Voigt, Moderator Rainer Eisfeld,\nJackson Janes\n\u00a9 Osnabr\u00fccker Friedensgespr\u00e4che | Elena Scholz<\/figcaption><\/figure><\/li><li class=\"blocks-gallery-item\"><figure><a href=\"https:\/\/www.ofg.uni-osnabrueck.de\/wp-content\/uploads\/2023\/05\/3-janes1.jpg\"><img loading=\"lazy\" decoding=\"async\" width=\"340\" height=\"240\" src=\"https:\/\/www.ofg.uni-osnabrueck.de\/wp-content\/uploads\/2023\/05\/3-janes1.jpg\" alt=\"\" data-id=\"10668\" data-full-url=\"https:\/\/www.ofg.uni-osnabrueck.de\/wp-content\/uploads\/2023\/05\/3-janes1.jpg\" data-link=\"https:\/\/www.ofg.uni-osnabrueck.de\/3-janes1\/\" class=\"wp-image-10668\" srcset=\"https:\/\/www.ofg.uni-osnabrueck.de\/wp-content\/uploads\/2023\/05\/3-janes1.jpg 340w, https:\/\/www.ofg.uni-osnabrueck.de\/wp-content\/uploads\/2023\/05\/3-janes1-300x212.jpg 300w\" sizes=\"auto, (max-width: 340px) 100vw, 340px\" \/><\/a><figcaption class=\"blocks-gallery-item__caption\">Experten f\u00fcr transatlantische Beziehungen: Dr. Jackson Janes, Washington\n\u00a9 Osnabr\u00fccker Friedensgespr\u00e4che | Elena Scholz<\/figcaption><\/figure><\/li><li class=\"blocks-gallery-item\"><figure><a href=\"https:\/\/www.ofg.uni-osnabrueck.de\/wp-content\/uploads\/2023\/05\/3-voigt.jpg\"><img loading=\"lazy\" decoding=\"async\" width=\"340\" height=\"240\" src=\"https:\/\/www.ofg.uni-osnabrueck.de\/wp-content\/uploads\/2023\/05\/3-voigt.jpg\" alt=\"\" data-id=\"10662\" data-full-url=\"https:\/\/www.ofg.uni-osnabrueck.de\/wp-content\/uploads\/2023\/05\/3-voigt.jpg\" data-link=\"https:\/\/www.ofg.uni-osnabrueck.de\/3-voigt\/\" class=\"wp-image-10662\" srcset=\"https:\/\/www.ofg.uni-osnabrueck.de\/wp-content\/uploads\/2023\/05\/3-voigt.jpg 340w, https:\/\/www.ofg.uni-osnabrueck.de\/wp-content\/uploads\/2023\/05\/3-voigt-300x212.jpg 300w\" sizes=\"auto, (max-width: 340px) 100vw, 340px\" \/><\/a><figcaption class=\"blocks-gallery-item__caption\">Karsten D. Voigt, Berlin\n\u00a9 Osnabr\u00fccker Friedensgespr\u00e4che | Elena Scholz<\/figcaption><\/figure><\/li><li class=\"blocks-gallery-item\"><figure><a href=\"https:\/\/www.ofg.uni-osnabrueck.de\/wp-content\/uploads\/2023\/05\/3-plenum.jpg\"><img loading=\"lazy\" decoding=\"async\" width=\"340\" height=\"240\" src=\"https:\/\/www.ofg.uni-osnabrueck.de\/wp-content\/uploads\/2023\/05\/3-plenum.jpg\" alt=\"\" data-id=\"10657\" data-full-url=\"https:\/\/www.ofg.uni-osnabrueck.de\/wp-content\/uploads\/2023\/05\/3-plenum.jpg\" data-link=\"https:\/\/www.ofg.uni-osnabrueck.de\/3-plenum\/\" class=\"wp-image-10657\" srcset=\"https:\/\/www.ofg.uni-osnabrueck.de\/wp-content\/uploads\/2023\/05\/3-plenum.jpg 340w, https:\/\/www.ofg.uni-osnabrueck.de\/wp-content\/uploads\/2023\/05\/3-plenum-300x212.jpg 300w\" sizes=\"auto, (max-width: 340px) 100vw, 340px\" \/><\/a><figcaption class=\"blocks-gallery-item__caption\">\u00a9 Osnabr\u00fccker Friedensgespr\u00e4che | Elena Scholz<\/figcaption><\/figure><\/li><\/ul><\/figure>\n\n\n\n<p class=\"has-small-font-size\">\u00a9 Osnabr\u00fccker Friedensgespr\u00e4che | Elena Scholz<\/p>\n<\/div>\n\n\n\n<div class=\"wp-block-column is-layout-flow wp-block-column-is-layout-flow\">\n<h4 class=\"wp-block-heading\"><\/h4>\n\n\n<\/div>\n<\/div>\n","protected":false},"excerpt":{"rendered":"<p>Podiumsdiskussion mit Dr. Jackson Janes und Karsten D. Voigt<\/p>\n","protected":false},"author":6,"featured_media":10672,"comment_status":"closed","ping_status":"closed","sticky":false,"template":"","format":"standard","meta":{"footnotes":""},"categories":[18,8],"tags":[],"class_list":["post-10648","post","type-post","status-publish","format-standard","has-post-thumbnail","hentry","category-podiumsdiskussion","category-unkategorisiert","generate-columns","tablet-grid-50","mobile-grid-100","grid-parent","grid-50"],"wps_subtitle":"","_links":{"self":[{"href":"https:\/\/www.ofg.uni-osnabrueck.de\/en\/wp-json\/wp\/v2\/posts\/10648","targetHints":{"allow":["GET"]}}],"collection":[{"href":"https:\/\/www.ofg.uni-osnabrueck.de\/en\/wp-json\/wp\/v2\/posts"}],"about":[{"href":"https:\/\/www.ofg.uni-osnabrueck.de\/en\/wp-json\/wp\/v2\/types\/post"}],"author":[{"embeddable":true,"href":"https:\/\/www.ofg.uni-osnabrueck.de\/en\/wp-json\/wp\/v2\/users\/6"}],"replies":[{"embeddable":true,"href":"https:\/\/www.ofg.uni-osnabrueck.de\/en\/wp-json\/wp\/v2\/comments?post=10648"}],"version-history":[{"count":7,"href":"https:\/\/www.ofg.uni-osnabrueck.de\/en\/wp-json\/wp\/v2\/posts\/10648\/revisions"}],"predecessor-version":[{"id":12901,"href":"https:\/\/www.ofg.uni-osnabrueck.de\/en\/wp-json\/wp\/v2\/posts\/10648\/revisions\/12901"}],"wp:featuredmedia":[{"embeddable":true,"href":"https:\/\/www.ofg.uni-osnabrueck.de\/en\/wp-json\/wp\/v2\/media\/10672"}],"wp:attachment":[{"href":"https:\/\/www.ofg.uni-osnabrueck.de\/en\/wp-json\/wp\/v2\/media?parent=10648"}],"wp:term":[{"taxonomy":"category","embeddable":true,"href":"https:\/\/www.ofg.uni-osnabrueck.de\/en\/wp-json\/wp\/v2\/categories?post=10648"},{"taxonomy":"post_tag","embeddable":true,"href":"https:\/\/www.ofg.uni-osnabrueck.de\/en\/wp-json\/wp\/v2\/tags?post=10648"}],"curies":[{"name":"wp","href":"https:\/\/api.w.org\/{rel}","templated":true}]}}