{"id":10570,"date":"2009-03-04T19:00:00","date_gmt":"2009-03-04T18:00:00","guid":{"rendered":"https:\/\/www.ofg.uni-osnabrueck.de\/?p=10570"},"modified":"2024-05-21T10:31:52","modified_gmt":"2024-05-21T08:31:52","slug":"kinder-von-armut-und-chancenlosigkeit-bedroht","status":"publish","type":"post","link":"https:\/\/www.ofg.uni-osnabrueck.de\/en\/kinder-von-armut-und-chancenlosigkeit-bedroht\/","title":{"rendered":"Kinder \u2013 von Armut und Chancenlosigkeit bedroht?"},"content":{"rendered":"\n<p>Statements und Diskussion mit<\/p>\n\n\n\n<p><strong>Mechthild Ross-Luttmann<br><\/strong>Nieders\u00e4chsische Ministerin f\u00fcr Soziales, Frauen, Familie und Gesundheit, Hannover<\/p>\n\n\n\n<p><strong>Ekin Delig\u00f6z MdB<\/strong><br>Vorsitzende der Bundestags-Kommission zur Wahrnehmung der Belange  der Kinder, stv. Vorsitzende des Ausschusses f\u00fcr Familie, Senioren, Frauen  und Jugend<\/p>\n\n\n\n<p><strong>Prof. Dr. Christoph Butterwegge<br><\/strong>Professor f\u00fcr Politikwissenschaft an der Universit\u00e4t zu K\u00f6ln<\/p>\n\n\n\n<p><strong>Gespr\u00e4chsleitung<\/strong><br>Dr. med. Ludwig Schulze, Kinderhospital Osnabr\u00fcck, Kinderschutzbund e. V.<\/p>\n\n\n\n<hr class=\"wp-block-separator has-css-opacity\"\/>\n\n\n\n<p>Dass in unserer Gesellschaft Armut vorkommt, wird nicht selten als pers\u00f6nliches Problem der Betroffenen und als Folge ihres Versagens wahrgenommen. Bei Kindern funktioniert diese Logik nicht: Kinder sind auf Ern\u00e4hrung, Unterhalt, Erziehung durch Erwachsene angewiesen. Beispiele, die Gewaltt\u00e4tigkeit, Mangelern\u00e4hrung, Verwahrlosung oder andere unzutr\u00e4gliche h\u00e4usliche Verh\u00e4ltnisse anzeigen, unter denen Kinder leben m\u00fcssen, verweisen dementsprechend auf Eltern, Gesellschaft und  Staat als Verantwortliche. So kommt es zu einem eigenst\u00e4ndigen, allseits  anerkannten Krisenph\u00e4nomen namens \u00bbKinderarmut\u00ab. Die Reaktionen darauf schwanken zwischen Erschrecken und Gleichmut, zwischen  Alarmismus und Selbstzufriedenheit: \u00d6ffentlich werden die zust\u00e4ndigen,  aber angeblich zu oft wegsehenden Sozialbeh\u00f6rden der Kommunen geohrfeigt. Politiker, die mehr Kindergeld oder erh\u00f6hte Regels\u00e4tze f\u00fcr Kinder von \u00bbHartz IV\u00ab-Empf\u00e4ngern fordern, ernten dagegen  Schulterklopfen. Jetzt m\u00fcsste nur noch die Kluft zwischen gutem Willen und schlechter Wirklichkeit geschlossen werden. Oder liegen die Ursachen tiefer und ist guter Rat (zu) teuer? <\/p>\n\n\n\n<p><strong>Mechthild Ross-Luttmann<\/strong><br>Nieders\u00e4chsische Ministerin f\u00fcr Soziales, Frauen, Familie und Gesundheit seit Dezember 2005, Juristin \u2013 Geb. 1958 in Burgsteinfurt, Studium der  Rechtswissenschaften in M\u00fcnster, 1986 Zweites Staatsexamen, 1987 bis 2003 Kreisverwaltungsdirektorin beim Landkreis Rotenburg, zuletzt  zust\u00e4ndig f\u00fcr die Bereiche Gesundheitswesen, Jugend und Soziales. Seit M\u00e4rz 2003 Mitglied des Nieders\u00e4chsischen Landtages, 2005 Sozialpolitische<br>Sprecherin der CDU-Fraktion.<\/p>\n\n\n\n<p><strong>Ekin Delig\u00f6z MdB<\/strong><br>Vorsitzende der Bundestags-Kommission zur Wahrnehmung der Belange der Kinder seit 2009 \u2013 Geb. 1971 in Tokat\/T\u00fcrkei, 1979 \u00dcbersiedlung nach Deutschland, Abitur 1992. Studium der Verwaltungswissenschaften in  Konstanz und Wien. Seit 1988 Mitglied von B\u00dcNDNIS 90\/DIE GR\u00dcNEN,  Vorstandsmitglied bei Solwodi e. V. und Vorstandsmitglied bei UNICEF Deutschland, Bundestagsabgeordnete seit 1998, 2002 bis 2005  Parlamentarische Gesch\u00e4ftsf\u00fchrerin ihrer Fraktion, seit 2005 stellv. Vorsitzende des Ausschusses f\u00fcr Familie, Senioren, Frauen und Jugend.<\/p>\n\n\n\n<p><strong>Christoph Butterwegge<\/strong><br>Professor f\u00fcr Politikwissenschaft an der Universit\u00e4t zu K\u00f6ln seit 1998 \u2013 Geb. 1951 bei M\u00fcnster, Studium der Sozial- und Rechtswissenschaft, Psychologie und Philosophie in Bochum, 1975 Dipl. rer. soc., 1980 Promotion an der  Universit\u00e4t Bremen, Dozent und Lehrbeauftragter, 1990 Habilitation, 1991 bis 1994 Mitarbeiter der Bremischen Stiftung f\u00fcr R\u00fcstungskonversion und Friedensforschung, 1994 bis 1997 Professor f\u00fcr  Politikwissenschaft\/Sozialpolitik an der FH Potsdam.<\/p>\n\n\n\n<hr class=\"wp-block-separator has-css-opacity\"\/>\n\n\n\n<p><strong>4. M\u00e4rz 2009, 19:00 Uhr, Ratssitzungssaal des Rathauses Osnabr\u00fcck<\/strong><\/p>\n\n\n\n<hr class=\"wp-block-separator has-css-opacity\"\/>\n\n\n\n<div class=\"wp-block-columns is-layout-flex wp-container-core-columns-is-layout-9d6595d7 wp-block-columns-is-layout-flex\">\n<div class=\"wp-block-column is-layout-flow wp-block-column-is-layout-flow\">\n<h4 class=\"wp-block-heading\"><strong>Bildergalerie<\/strong><\/h4>\n\n\n\n<figure class=\"wp-block-gallery has-nested-images columns-0 is-cropped wp-block-gallery-1 is-layout-flex wp-block-gallery-is-layout-flex\">\n<figure class=\"wp-block-image size-large\"><a href=\"https:\/\/www.ofg.uni-osnabrueck.de\/wp-content\/uploads\/2023\/05\/1-podium-1.jpg\"><img loading=\"lazy\" decoding=\"async\" width=\"340\" height=\"240\" data-id=\"10598\" src=\"https:\/\/www.ofg.uni-osnabrueck.de\/wp-content\/uploads\/2023\/05\/1-podium-1.jpg\" alt=\"\" class=\"wp-image-10598\" srcset=\"https:\/\/www.ofg.uni-osnabrueck.de\/wp-content\/uploads\/2023\/05\/1-podium-1.jpg 340w, https:\/\/www.ofg.uni-osnabrueck.de\/wp-content\/uploads\/2023\/05\/1-podium-1-300x212.jpg 300w\" sizes=\"auto, (max-width: 340px) 100vw, 340px\" \/><\/a><figcaption class=\"wp-element-caption\">B\u00fcrgermeisterin Karin Jabs-Kiesler (rechts) begr\u00fc\u00dft Ekin Delig\u00f6z, Moderator Ludwig Schulze, Mechthild Ross-Luttmann, Christoph Butterwegge und das Publikum im Ratssitzungssaal des Rathauses\n\u00a9 Osnabr\u00fccker Friedensgespr\u00e4che | Uwe Lewandowski<\/figcaption><\/figure>\n\n\n\n<figure class=\"wp-block-image size-large\"><a href=\"https:\/\/www.ofg.uni-osnabrueck.de\/wp-content\/uploads\/2023\/05\/1-deligoez.jpg\"><img loading=\"lazy\" decoding=\"async\" width=\"340\" height=\"240\" data-id=\"10594\" src=\"https:\/\/www.ofg.uni-osnabrueck.de\/wp-content\/uploads\/2023\/05\/1-deligoez.jpg\" alt=\"\" class=\"wp-image-10594\" srcset=\"https:\/\/www.ofg.uni-osnabrueck.de\/wp-content\/uploads\/2023\/05\/1-deligoez.jpg 340w, https:\/\/www.ofg.uni-osnabrueck.de\/wp-content\/uploads\/2023\/05\/1-deligoez-300x212.jpg 300w\" sizes=\"auto, (max-width: 340px) 100vw, 340px\" \/><\/a><figcaption class=\"wp-element-caption\">Ekin Delig\u00f6z, Vorsitzende der Bundestags-Kommission zur\nWahrnehmung der Belange der Kinder, stv. Vorsitzende\ndes Ausschusses f\u00fcr Familie, Senioren, Frauen und Jugend\n\u00a9 Osnabr\u00fccker Friedensgespr\u00e4che | Uwe Lewandowski<\/figcaption><\/figure>\n\n\n\n<figure class=\"wp-block-image size-large\"><a href=\"https:\/\/www.ofg.uni-osnabrueck.de\/wp-content\/uploads\/2023\/05\/1-schulze.jpg\"><img loading=\"lazy\" decoding=\"async\" width=\"340\" height=\"240\" data-id=\"10589\" src=\"https:\/\/www.ofg.uni-osnabrueck.de\/wp-content\/uploads\/2023\/05\/1-schulze.jpg\" alt=\"\" class=\"wp-image-10589\" srcset=\"https:\/\/www.ofg.uni-osnabrueck.de\/wp-content\/uploads\/2023\/05\/1-schulze.jpg 340w, https:\/\/www.ofg.uni-osnabrueck.de\/wp-content\/uploads\/2023\/05\/1-schulze-300x212.jpg 300w\" sizes=\"auto, (max-width: 340px) 100vw, 340px\" \/><\/a><figcaption class=\"wp-element-caption\">Moderator Dr. med. Ludwig Schulze, Oberarzt am Kinderhospital Osnabr\u00fcck, Vorsitzender des Kinderschutzbund Osnabr\u00fcck\n\u00a9 Osnabr\u00fccker Friedensgespr\u00e4che | Uwe Lewandowski<\/figcaption><\/figure>\n\n\n\n<figure class=\"wp-block-image size-large\"><a href=\"https:\/\/www.ofg.uni-osnabrueck.de\/wp-content\/uploads\/2023\/05\/1-butterwegge.jpg\"><img loading=\"lazy\" decoding=\"async\" width=\"340\" height=\"240\" data-id=\"10585\" src=\"https:\/\/www.ofg.uni-osnabrueck.de\/wp-content\/uploads\/2023\/05\/1-butterwegge.jpg\" alt=\"\" class=\"wp-image-10585\" srcset=\"https:\/\/www.ofg.uni-osnabrueck.de\/wp-content\/uploads\/2023\/05\/1-butterwegge.jpg 340w, https:\/\/www.ofg.uni-osnabrueck.de\/wp-content\/uploads\/2023\/05\/1-butterwegge-300x212.jpg 300w\" sizes=\"auto, (max-width: 340px) 100vw, 340px\" \/><\/a><figcaption class=\"wp-element-caption\">Prof. Dr. Christoph Butterwegge Professor f\u00fcr Politikwissenschaft an der Universit\u00e4t zu K\u00f6ln\n\u00a9 Osnabr\u00fccker Friedensgespr\u00e4che | Uwe Lewandowski<\/figcaption><\/figure>\n\n\n\n<figure class=\"wp-block-image size-large\"><a href=\"https:\/\/www.ofg.uni-osnabrueck.de\/wp-content\/uploads\/2023\/05\/1-ross-luttmann.jpg\"><img loading=\"lazy\" decoding=\"async\" width=\"340\" height=\"240\" data-id=\"10580\" src=\"https:\/\/www.ofg.uni-osnabrueck.de\/wp-content\/uploads\/2023\/05\/1-ross-luttmann.jpg\" alt=\"\" class=\"wp-image-10580\" srcset=\"https:\/\/www.ofg.uni-osnabrueck.de\/wp-content\/uploads\/2023\/05\/1-ross-luttmann.jpg 340w, https:\/\/www.ofg.uni-osnabrueck.de\/wp-content\/uploads\/2023\/05\/1-ross-luttmann-300x212.jpg 300w\" sizes=\"auto, (max-width: 340px) 100vw, 340px\" \/><\/a><figcaption class=\"wp-element-caption\">Mechthild Ross-Luttmann, Nieders\u00e4chsische Ministerin f\u00fcr Soziales, Frauen, Familie und Gesundheit\n\u00a9 Osnabr\u00fccker Friedensgespr\u00e4che | Uwe Lewandowski<\/figcaption><\/figure>\n<\/figure>\n\n\n\n<p class=\"has-small-font-size\">\u00a9 Osnabr\u00fccker Friedensgespr\u00e4che | Uwe Lewandowski<\/p>\n<\/div>\n\n\n\n<div class=\"wp-block-column is-layout-flow wp-block-column-is-layout-flow\">\n<h4 class=\"wp-block-heading\"><\/h4>\n\n\n<\/div>\n<\/div>\n","protected":false},"excerpt":{"rendered":"<p>Podiumsdiskussion mit Mechthild Ross-Luttmann, Ekin Delig\u00f6z MdB und Prof. Dr. Christoph Butterwegge<\/p>\n","protected":false},"author":6,"featured_media":10598,"comment_status":"closed","ping_status":"closed","sticky":false,"template":"","format":"standard","meta":{"footnotes":""},"categories":[18,8],"tags":[],"class_list":["post-10570","post","type-post","status-publish","format-standard","has-post-thumbnail","hentry","category-podiumsdiskussion","category-unkategorisiert","generate-columns","tablet-grid-50","mobile-grid-100","grid-parent","grid-50"],"wps_subtitle":"","_links":{"self":[{"href":"https:\/\/www.ofg.uni-osnabrueck.de\/en\/wp-json\/wp\/v2\/posts\/10570","targetHints":{"allow":["GET"]}}],"collection":[{"href":"https:\/\/www.ofg.uni-osnabrueck.de\/en\/wp-json\/wp\/v2\/posts"}],"about":[{"href":"https:\/\/www.ofg.uni-osnabrueck.de\/en\/wp-json\/wp\/v2\/types\/post"}],"author":[{"embeddable":true,"href":"https:\/\/www.ofg.uni-osnabrueck.de\/en\/wp-json\/wp\/v2\/users\/6"}],"replies":[{"embeddable":true,"href":"https:\/\/www.ofg.uni-osnabrueck.de\/en\/wp-json\/wp\/v2\/comments?post=10570"}],"version-history":[{"count":7,"href":"https:\/\/www.ofg.uni-osnabrueck.de\/en\/wp-json\/wp\/v2\/posts\/10570\/revisions"}],"predecessor-version":[{"id":13944,"href":"https:\/\/www.ofg.uni-osnabrueck.de\/en\/wp-json\/wp\/v2\/posts\/10570\/revisions\/13944"}],"wp:featuredmedia":[{"embeddable":true,"href":"https:\/\/www.ofg.uni-osnabrueck.de\/en\/wp-json\/wp\/v2\/media\/10598"}],"wp:attachment":[{"href":"https:\/\/www.ofg.uni-osnabrueck.de\/en\/wp-json\/wp\/v2\/media?parent=10570"}],"wp:term":[{"taxonomy":"category","embeddable":true,"href":"https:\/\/www.ofg.uni-osnabrueck.de\/en\/wp-json\/wp\/v2\/categories?post=10570"},{"taxonomy":"post_tag","embeddable":true,"href":"https:\/\/www.ofg.uni-osnabrueck.de\/en\/wp-json\/wp\/v2\/tags?post=10570"}],"curies":[{"name":"wp","href":"https:\/\/api.w.org\/{rel}","templated":true}]}}