{"id":10484,"date":"2010-10-21T20:00:00","date_gmt":"2010-10-21T18:00:00","guid":{"rendered":"https:\/\/www.ofg.uni-osnabrueck.de\/?p=10484"},"modified":"2024-01-12T10:21:54","modified_gmt":"2024-01-12T09:21:54","slug":"religionen-als-zivilisierende-kraefte-der-globalisierung","status":"publish","type":"post","link":"https:\/\/www.ofg.uni-osnabrueck.de\/en\/religionen-als-zivilisierende-kraefte-der-globalisierung\/","title":{"rendered":"Religionen als zivilisierende Kr\u00e4fte der Globalisierung?"},"content":{"rendered":"\n<p>Statements und Diskussion mit<\/p>\n\n\n\n<p><strong>Dr. Selim Abdul-Galeel<br><\/strong>Staatssekret\u00e4r im Ministerium f\u00fcr Religi\u00f6se Stiftungen der Arabischen Republik \u00c4gypten, Kairo<\/p>\n\n\n\n<p><strong>Prof. Dr. Peter Steinacker<\/strong><br>Kirchenpr\u00e4sident a. D. der Evangelischen Kirche in Hessen und Nassau<\/p>\n\n\n\n<p><strong>Gespr\u00e4chsleitung<\/strong><br>Ines Pohl, Chefredakteurin der tageszeitung (taz), Berlin<\/p>\n\n\n\n<hr class=\"wp-block-separator\"\/>\n\n\n\n<p>Religionen bieten einem Gro\u00dfteil der Menschheit soziale Identit\u00e4t und Handlungsorientierungen, die zu Frieden ebenso wie zu Gewalt f\u00fchren  k\u00f6nnen. Angesichts der Herausforderungen und Probleme der Gegenwart ist eine \u00bbRenaissance der Religion\u00ab und ihres Einflusses in Gesellschaft und Politik zu beobachten. Religionen werden insbesondere in den Medien oft nur als Eskalationsfaktor in Gewaltkonflikten wahrgenommen oder gar als Triebkr\u00e4fte eines m\u00f6glichen \u00bbZusammenpralls der Zivilisationen\u00ab. Diese  Entwicklung hat weitreichende Auswirkungen auf das Zusammenleben der Menschen. Das Symposium \u00bbReligionen und Weltfrieden\u00ab m\u00f6chte die wissenschaftliche und \u00f6ffentliche Debatte zur oft gewaltt\u00e4tigen und destruktiven Rolle von Religionen und Religionsgemeinschaften um eine friedensorientierte, konstruktive Sichtweise der Religionen bei der L\u00f6sung von Konflikten erg\u00e4nzen. In diesem Zusammenhang stellt sich auch die  Frage nach den Religionen als m\u00f6glichen \u00bbzivilisierenden Kr\u00e4ften der<br>Globalisierung\u00ab.<\/p>\n\n\n\n<p><strong>Dr. Selim Abdul-Galeel<\/strong><br>Staatssekret\u00e4r im Ministerium f\u00fcr Religi\u00f6se Stiftungen der Arabischen  Republik \u00c4gypten<\/p>\n\n\n\n<p><strong>Prof. Dr. Peter Steinacker<\/strong><br>Kirchenpr\u00e4sident der Ev. Kirche in Hessen und Nassau von 1993 bis 2008, Honorarprofessor an der Universit\u00e4t Marburg \u2013 Geb. 1943; Studium der Ev. Theologie und Philosophie, Promotion in Marburg, Habilitation, ab 1985 Gemeindepfarrer in Wuppertal. Peter Steinacker ist Mitglied im Pr\u00e4sidium des Deutschen Evangelischen Kirchentages.<\/p>\n\n\n\n<p><strong>Ines Pohl<\/strong><br>Chefredakteurin der tageszeitung (taz), Berlin, seit 2009 \u2013 Geb. 1967,  Studium der Germanistik und Skandinavistik in G\u00f6ttingen. Nach einem  Volontariat Journalistische T\u00e4tigkeiten als Korrespondentin und Ressortleiterin Politik in Presse und Rundfunk.<\/p>\n\n\n\n<hr class=\"wp-block-separator\"\/>\n\n\n\n<p><strong>21. Oktober 2010, 20:00 Uhr, Kongress-Saal der Osnabr\u00fcckHalle<\/strong><\/p>\n\n\n\n<hr class=\"wp-block-separator\"\/>\n\n\n\n<div class=\"wp-block-columns is-layout-flex wp-container-core-columns-is-layout-9d6595d7 wp-block-columns-is-layout-flex\">\n<div class=\"wp-block-column is-layout-flow wp-block-column-is-layout-flow\">\n<h4 class=\"wp-block-heading\"><strong>Bildergalerie<\/strong><\/h4>\n\n\n\n<figure class=\"wp-block-gallery columns-0 is-cropped wp-block-gallery-1 is-layout-flex wp-block-gallery-is-layout-flex\"><ul class=\"blocks-gallery-grid\"><li class=\"blocks-gallery-item\"><figure><a href=\"https:\/\/www.ofg.uni-osnabrueck.de\/wp-content\/uploads\/2023\/05\/6-podium-1.jpg\"><img loading=\"lazy\" decoding=\"async\" width=\"340\" height=\"146\" src=\"https:\/\/www.ofg.uni-osnabrueck.de\/wp-content\/uploads\/2023\/05\/6-podium-1.jpg\" alt=\"\" data-id=\"10533\" data-full-url=\"https:\/\/www.ofg.uni-osnabrueck.de\/wp-content\/uploads\/2023\/05\/6-podium-1.jpg\" data-link=\"https:\/\/www.ofg.uni-osnabrueck.de\/6-podium-2\/\" class=\"wp-image-10533\" srcset=\"https:\/\/www.ofg.uni-osnabrueck.de\/wp-content\/uploads\/2023\/05\/6-podium-1.jpg 340w, https:\/\/www.ofg.uni-osnabrueck.de\/wp-content\/uploads\/2023\/05\/6-podium-1-300x129.jpg 300w\" sizes=\"auto, (max-width: 340px) 100vw, 340px\" \/><\/a><figcaption class=\"blocks-gallery-item__caption\">Das Osnabr\u00fccker Friedensgespr\u00e4ch als Teil des Symposiums\n\u00bbReligionen und Weltfrieden\u00ab\n\u00a9 Osnabr\u00fccker Friedensgespr\u00e4che | Uwe Lewandowski<\/figcaption><\/figure><\/li><li class=\"blocks-gallery-item\"><figure><a href=\"https:\/\/www.ofg.uni-osnabrueck.de\/wp-content\/uploads\/2023\/05\/6-OB_Pistorius.jpg\"><img loading=\"lazy\" decoding=\"async\" width=\"340\" height=\"240\" src=\"https:\/\/www.ofg.uni-osnabrueck.de\/wp-content\/uploads\/2023\/05\/6-OB_Pistorius.jpg\" alt=\"\" data-id=\"10527\" data-full-url=\"https:\/\/www.ofg.uni-osnabrueck.de\/wp-content\/uploads\/2023\/05\/6-OB_Pistorius.jpg\" data-link=\"https:\/\/www.ofg.uni-osnabrueck.de\/6-ob_pistorius\/\" class=\"wp-image-10527\" srcset=\"https:\/\/www.ofg.uni-osnabrueck.de\/wp-content\/uploads\/2023\/05\/6-OB_Pistorius.jpg 340w, https:\/\/www.ofg.uni-osnabrueck.de\/wp-content\/uploads\/2023\/05\/6-OB_Pistorius-300x212.jpg 300w\" sizes=\"auto, (max-width: 340px) 100vw, 340px\" \/><\/a><figcaption class=\"blocks-gallery-item__caption\">Oberb\u00fcrgermeister Boris Pistorius begr\u00fc\u00dft Podiumsteilnehmer und Publikum\n\u00a9 Osnabr\u00fccker Friedensgespr\u00e4che | Uwe Lewandowski<\/figcaption><\/figure><\/li><li class=\"blocks-gallery-item\"><figure><a href=\"https:\/\/www.ofg.uni-osnabrueck.de\/wp-content\/uploads\/2023\/05\/6-abdel_galeel.jpg\"><img loading=\"lazy\" decoding=\"async\" width=\"340\" height=\"410\" src=\"https:\/\/www.ofg.uni-osnabrueck.de\/wp-content\/uploads\/2023\/05\/6-abdel_galeel.jpg\" alt=\"\" data-id=\"10523\" data-full-url=\"https:\/\/www.ofg.uni-osnabrueck.de\/wp-content\/uploads\/2023\/05\/6-abdel_galeel.jpg\" data-link=\"https:\/\/www.ofg.uni-osnabrueck.de\/6-abdel_galeel\/\" class=\"wp-image-10523\" srcset=\"https:\/\/www.ofg.uni-osnabrueck.de\/wp-content\/uploads\/2023\/05\/6-abdel_galeel.jpg 340w, https:\/\/www.ofg.uni-osnabrueck.de\/wp-content\/uploads\/2023\/05\/6-abdel_galeel-249x300.jpg 249w\" sizes=\"auto, (max-width: 340px) 100vw, 340px\" \/><\/a><figcaption class=\"blocks-gallery-item__caption\">Keine Angst vor der Scharia: Staatssekret\u00e4r Dr. Selim Abdul-Galeel ist in \u00c4gypten unter anderem mit der Ausbildung von Imamen befasst.\n\u00a9 Osnabr\u00fccker Friedensgespr\u00e4che | Uwe Lewandowski\n<\/figcaption><\/figure><\/li><li class=\"blocks-gallery-item\"><figure><a href=\"https:\/\/www.ofg.uni-osnabrueck.de\/wp-content\/uploads\/2023\/05\/6-steinacker.jpg\"><img loading=\"lazy\" decoding=\"async\" width=\"340\" height=\"226\" src=\"https:\/\/www.ofg.uni-osnabrueck.de\/wp-content\/uploads\/2023\/05\/6-steinacker.jpg\" alt=\"\" data-id=\"10517\" data-full-url=\"https:\/\/www.ofg.uni-osnabrueck.de\/wp-content\/uploads\/2023\/05\/6-steinacker.jpg\" data-link=\"https:\/\/www.ofg.uni-osnabrueck.de\/6-steinacker\/\" class=\"wp-image-10517\" srcset=\"https:\/\/www.ofg.uni-osnabrueck.de\/wp-content\/uploads\/2023\/05\/6-steinacker.jpg 340w, https:\/\/www.ofg.uni-osnabrueck.de\/wp-content\/uploads\/2023\/05\/6-steinacker-300x199.jpg 300w\" sizes=\"auto, (max-width: 340px) 100vw, 340px\" \/><\/a><figcaption class=\"blocks-gallery-item__caption\">Pl\u00e4diert f\u00fcr die Zivilisierung der Unterschiede der Religionen: Der fr\u00fchere evangelische Kirchenpr\u00e4sident von Hessen-Nassau, Peter Steinacker\n\u00a9 Osnabr\u00fccker Friedensgespr\u00e4che | Uwe Lewandowski\n<\/figcaption><\/figure><\/li><li class=\"blocks-gallery-item\"><figure><a href=\"https:\/\/www.ofg.uni-osnabrueck.de\/wp-content\/uploads\/2023\/05\/6-brajovic_willumstad.jpg\"><img loading=\"lazy\" decoding=\"async\" width=\"340\" height=\"226\" src=\"https:\/\/www.ofg.uni-osnabrueck.de\/wp-content\/uploads\/2023\/05\/6-brajovic_willumstad.jpg\" alt=\"\" data-id=\"10511\" data-full-url=\"https:\/\/www.ofg.uni-osnabrueck.de\/wp-content\/uploads\/2023\/05\/6-brajovic_willumstad.jpg\" data-link=\"https:\/\/www.ofg.uni-osnabrueck.de\/6-brajovic_willumstad\/\" class=\"wp-image-10511\" srcset=\"https:\/\/www.ofg.uni-osnabrueck.de\/wp-content\/uploads\/2023\/05\/6-brajovic_willumstad.jpg 340w, https:\/\/www.ofg.uni-osnabrueck.de\/wp-content\/uploads\/2023\/05\/6-brajovic_willumstad-300x199.jpg 300w\" sizes=\"auto, (max-width: 340px) 100vw, 340px\" \/><\/a><figcaption class=\"blocks-gallery-item__caption\">Unter den Zuh\u00f6rern auch die Teilnehmer am Symposium \u00bbReligionen und Weltfrieden\u00ab, darunter Zoran Brajovic und Stein Villumstad &#8230;\n\u00a9 Osnabr\u00fccker Friedensgespr\u00e4che | Uwe Lewandowski\n<\/figcaption><\/figure><\/li><li class=\"blocks-gallery-item\"><figure><a href=\"https:\/\/www.ofg.uni-osnabrueck.de\/wp-content\/uploads\/2023\/05\/6-prabhu_faridi.jpg\"><img loading=\"lazy\" decoding=\"async\" width=\"340\" height=\"226\" src=\"https:\/\/www.ofg.uni-osnabrueck.de\/wp-content\/uploads\/2023\/05\/6-prabhu_faridi.jpg\" alt=\"\" data-id=\"10505\" data-full-url=\"https:\/\/www.ofg.uni-osnabrueck.de\/wp-content\/uploads\/2023\/05\/6-prabhu_faridi.jpg\" data-link=\"https:\/\/www.ofg.uni-osnabrueck.de\/6-prabhu_faridi\/\" class=\"wp-image-10505\" srcset=\"https:\/\/www.ofg.uni-osnabrueck.de\/wp-content\/uploads\/2023\/05\/6-prabhu_faridi.jpg 340w, https:\/\/www.ofg.uni-osnabrueck.de\/wp-content\/uploads\/2023\/05\/6-prabhu_faridi-300x199.jpg 300w\" sizes=\"auto, (max-width: 340px) 100vw, 340px\" \/><\/a><figcaption class=\"blocks-gallery-item__caption\">&#8230; sowie Joseph Pradbu und Ali Faridi\n\u00a9 Osnabr\u00fccker Friedensgespr\u00e4che | Uwe Lewandowski<\/figcaption><\/figure><\/li><li class=\"blocks-gallery-item\"><figure><a href=\"https:\/\/www.ofg.uni-osnabrueck.de\/wp-content\/uploads\/2023\/05\/6-pohl.jpg\"><img loading=\"lazy\" decoding=\"async\" width=\"340\" height=\"240\" src=\"https:\/\/www.ofg.uni-osnabrueck.de\/wp-content\/uploads\/2023\/05\/6-pohl.jpg\" alt=\"\" data-id=\"10500\" data-full-url=\"https:\/\/www.ofg.uni-osnabrueck.de\/wp-content\/uploads\/2023\/05\/6-pohl.jpg\" data-link=\"https:\/\/www.ofg.uni-osnabrueck.de\/6-pohl\/\" class=\"wp-image-10500\" srcset=\"https:\/\/www.ofg.uni-osnabrueck.de\/wp-content\/uploads\/2023\/05\/6-pohl.jpg 340w, https:\/\/www.ofg.uni-osnabrueck.de\/wp-content\/uploads\/2023\/05\/6-pohl-300x212.jpg 300w\" sizes=\"auto, (max-width: 340px) 100vw, 340px\" \/><\/a><figcaption class=\"blocks-gallery-item__caption\">Versierte Gespr\u00e4chsleiterin: Die Journalistin Ines Pohl\n\u00a9 Osnabr\u00fccker Friedensgespr\u00e4che | Uwe Lewandowski<\/figcaption><\/figure><\/li><li class=\"blocks-gallery-item\"><figure><a href=\"https:\/\/www.ofg.uni-osnabrueck.de\/wp-content\/uploads\/2023\/05\/6-czada_trittmann_mokrosch_held_rollinger.jpg\"><img loading=\"lazy\" decoding=\"async\" width=\"340\" height=\"226\" src=\"https:\/\/www.ofg.uni-osnabrueck.de\/wp-content\/uploads\/2023\/05\/6-czada_trittmann_mokrosch_held_rollinger.jpg\" alt=\"\" data-id=\"10496\" data-full-url=\"https:\/\/www.ofg.uni-osnabrueck.de\/wp-content\/uploads\/2023\/05\/6-czada_trittmann_mokrosch_held_rollinger.jpg\" data-link=\"https:\/\/www.ofg.uni-osnabrueck.de\/6-czada_trittmann_mokrosch_held_rollinger\/\" class=\"wp-image-10496\" srcset=\"https:\/\/www.ofg.uni-osnabrueck.de\/wp-content\/uploads\/2023\/05\/6-czada_trittmann_mokrosch_held_rollinger.jpg 340w, https:\/\/www.ofg.uni-osnabrueck.de\/wp-content\/uploads\/2023\/05\/6-czada_trittmann_mokrosch_held_rollinger-300x199.jpg 300w\" sizes=\"auto, (max-width: 340px) 100vw, 340px\" \/><\/a><figcaption class=\"blocks-gallery-item__caption\">Zufriedene Organisatoren: Roland Czada, Uwe Trittmann,\nReinhold Mokrosch, Thomas Held und Universit\u00e4tspr\u00e4sident Claus Rollinger\n\u00a9 Osnabr\u00fccker Friedensgespr\u00e4che | Uwe Lewandowski<\/figcaption><\/figure><\/li><\/ul><\/figure>\n\n\n\n<p class=\"has-small-font-size\">\u00a9 Osnabr\u00fccker Friedensgespr\u00e4che | Uwe Lewandowski<\/p>\n<\/div>\n\n\n\n<div class=\"wp-block-column is-layout-flow wp-block-column-is-layout-flow\">\n<h4 class=\"wp-block-heading\"><\/h4>\n\n\n<\/div>\n<\/div>\n","protected":false},"excerpt":{"rendered":"<p>Podiumsdiskussion mit Dr. Selim Abdul-Galeel und Prof. Dr. Peter Steinacker<\/p>\n","protected":false},"author":6,"featured_media":10533,"comment_status":"closed","ping_status":"closed","sticky":false,"template":"","format":"standard","meta":{"footnotes":""},"categories":[18,8],"tags":[],"class_list":["post-10484","post","type-post","status-publish","format-standard","has-post-thumbnail","hentry","category-podiumsdiskussion","category-unkategorisiert","generate-columns","tablet-grid-50","mobile-grid-100","grid-parent","grid-50"],"wps_subtitle":"","_links":{"self":[{"href":"https:\/\/www.ofg.uni-osnabrueck.de\/en\/wp-json\/wp\/v2\/posts\/10484","targetHints":{"allow":["GET"]}}],"collection":[{"href":"https:\/\/www.ofg.uni-osnabrueck.de\/en\/wp-json\/wp\/v2\/posts"}],"about":[{"href":"https:\/\/www.ofg.uni-osnabrueck.de\/en\/wp-json\/wp\/v2\/types\/post"}],"author":[{"embeddable":true,"href":"https:\/\/www.ofg.uni-osnabrueck.de\/en\/wp-json\/wp\/v2\/users\/6"}],"replies":[{"embeddable":true,"href":"https:\/\/www.ofg.uni-osnabrueck.de\/en\/wp-json\/wp\/v2\/comments?post=10484"}],"version-history":[{"count":6,"href":"https:\/\/www.ofg.uni-osnabrueck.de\/en\/wp-json\/wp\/v2\/posts\/10484\/revisions"}],"predecessor-version":[{"id":12865,"href":"https:\/\/www.ofg.uni-osnabrueck.de\/en\/wp-json\/wp\/v2\/posts\/10484\/revisions\/12865"}],"wp:featuredmedia":[{"embeddable":true,"href":"https:\/\/www.ofg.uni-osnabrueck.de\/en\/wp-json\/wp\/v2\/media\/10533"}],"wp:attachment":[{"href":"https:\/\/www.ofg.uni-osnabrueck.de\/en\/wp-json\/wp\/v2\/media?parent=10484"}],"wp:term":[{"taxonomy":"category","embeddable":true,"href":"https:\/\/www.ofg.uni-osnabrueck.de\/en\/wp-json\/wp\/v2\/categories?post=10484"},{"taxonomy":"post_tag","embeddable":true,"href":"https:\/\/www.ofg.uni-osnabrueck.de\/en\/wp-json\/wp\/v2\/tags?post=10484"}],"curies":[{"name":"wp","href":"https:\/\/api.w.org\/{rel}","templated":true}]}}