{"id":10417,"date":"2010-05-11T19:00:00","date_gmt":"2010-05-11T17:00:00","guid":{"rendered":"https:\/\/www.ofg.uni-osnabrueck.de\/?p=10417"},"modified":"2024-05-21T10:24:20","modified_gmt":"2024-05-21T08:24:20","slug":"bund-und-buendnis-frieden-im-spannungsfeld-zwischen-utopie-und-realitaet","status":"publish","type":"post","link":"https:\/\/www.ofg.uni-osnabrueck.de\/en\/bund-und-buendnis-frieden-im-spannungsfeld-zwischen-utopie-und-realitaet\/","title":{"rendered":"Bund und B\u00fcndnis \u2013 Frieden im Spannungsfeld zwischen Utopie und Realit\u00e4t"},"content":{"rendered":"\n<p>\u00d6ffentlicher Vortrag der Gastprofessorin f\u00fcr Frieden und globale  Gerechtigkeit der Universit\u00e4t Osnabr\u00fcck<\/p>\n\n\n\n<p><strong>Prof. Dr. Dr. h. c. Eveline Goodman-Thau<br><\/strong>Hochschullehrerin und Rabbinerin<\/p>\n\n\n\n<p><strong>Gru\u00dfwort<\/strong><br>Boris Pistorius, Oberb\u00fcrgermeister der Stadt Osnabr\u00fcck<\/p>\n\n\n\n<p><strong>Gespr\u00e4chsleitung<\/strong><br>Prof. Dr. Arnulf von Scheliha, Universit\u00e4t Osnabr\u00fcck<\/p>\n\n\n\n<hr class=\"wp-block-separator has-css-opacity\"\/>\n\n\n\n<p><strong>Prof. Dr. Eveline Goodman-Thau<\/strong><br>(* 20. Juni 1934 in Wien) ist Hochschullehrerin und Rabbinerin. 1998  gr\u00fcndete sie die Hermann-Cohen-Akademie f\u00fcr Religion, Wissenschaft und Kunst (Buchen\/Odenwald), deren Direktion sie \u00fcbernahm und bis heute innehat. 1939 floh Goodman-Thau mit Eltern, Geschwistern und Gro\u00dfeltern nach Holland. Dort \u00fcberlebte sie die Shoa und wurde 1945 niederl\u00e4ndische Staatsb\u00fcrgerin. Sie absolvierte ihr Studium der Englischen Literatur,  Philosophie und Judaistik an den Universit\u00e4ten Amsterdam und Jerusalem, arbeitete fortan schwerpunktm\u00e4\u00dfig in den Bereichen feministisch religi\u00f6ser Bildungs- und Kulturarbeit sowie J\u00fcdische Studien mit den  Schwerpunkten Bildung, j\u00fcdische Geschichte, Bibel, Midrasch und  Gesetzesverk\u00fcndigung und wurde 1993 an der Universit\u00e4t Kassel zum Dr. phil. promoviert. Goodman-Thau \u00fcbernahm zahlreiche Gastdozenturen u. a. in T\u00fcbingen, Heidelberg, Berlin und Oldenburg. 2000 habilitierte sie sich im Bereich j\u00fcdischer Philosophie und Geistesgeschichte an der Universit\u00e4t Kassel. Im gleichen Jahr erfolgte in Jerusalem ihre Ordination zur  orthodoxen Rabbinerin. Eveline Goodman-Thau ist erste Lehrstuhlinhaberin im Rahmen des Programms \u201eGastprofessur f\u00fcr Frieden und globale Gerechtigkeit\u201c der Universit\u00e4t Osnabr\u00fcck.<\/p>\n\n\n\n<p><strong>11. Mai 2010, 19:00 Uhr, Ratssitzungssaal des Rathauses Osnabr\u00fcck<\/strong><\/p>\n\n\n\n<hr class=\"wp-block-separator has-css-opacity\"\/>\n\n\n\n<div class=\"wp-block-columns is-layout-flex wp-container-core-columns-is-layout-9d6595d7 wp-block-columns-is-layout-flex\">\n<div class=\"wp-block-column is-layout-flow wp-block-column-is-layout-flow\">\n<h4 class=\"wp-block-heading\"><strong>Bildergalerie<\/strong><\/h4>\n\n\n\n<figure class=\"wp-block-gallery has-nested-images columns-0 is-cropped wp-block-gallery-1 is-layout-flex wp-block-gallery-is-layout-flex\">\n<figure class=\"wp-block-image size-large\"><a href=\"https:\/\/www.ofg.uni-osnabrueck.de\/wp-content\/uploads\/2023\/05\/p2010goodmanthau.jpg\"><img loading=\"lazy\" decoding=\"async\" width=\"62\" height=\"43\" data-id=\"10423\" src=\"https:\/\/www.ofg.uni-osnabrueck.de\/wp-content\/uploads\/2023\/05\/p2010goodmanthau.jpg\" alt=\"\" class=\"wp-image-10423\"\/><\/a><figcaption class=\"wp-element-caption\">Frau Goodman-Thau\n\u00a9 Osnabr\u00fccker Friedensgespr\u00e4che | Uwe Lewandowski<\/figcaption><\/figure>\n<\/figure>\n\n\n\n<p class=\"has-small-font-size\">\u00a9 Osnabr\u00fccker Friedensgespr\u00e4che | Uwe Lewandowski<\/p>\n<\/div>\n\n\n\n<div class=\"wp-block-column is-layout-flow wp-block-column-is-layout-flow\">\n<h4 class=\"wp-block-heading\"><\/h4>\n\n\n<\/div>\n<\/div>\n","protected":false},"excerpt":{"rendered":"<p>\u00d6ffentlicher Vortrag der Gastprofessorin f\u00fcr Frieden und globale  Gerechtigkeit der Universit\u00e4t Osnabr\u00fcck mit Prof. Dr. Dr. h.c. Eveline Goodmann-Thau. Das Gru\u00dfwort h\u00e4lt Herr Boris Pistorius.<\/p>\n","protected":false},"author":6,"featured_media":10423,"comment_status":"closed","ping_status":"closed","sticky":false,"template":"","format":"standard","meta":{"footnotes":""},"categories":[18,8],"tags":[],"class_list":["post-10417","post","type-post","status-publish","format-standard","has-post-thumbnail","hentry","category-podiumsdiskussion","category-unkategorisiert","generate-columns","tablet-grid-50","mobile-grid-100","grid-parent","grid-50"],"wps_subtitle":"","_links":{"self":[{"href":"https:\/\/www.ofg.uni-osnabrueck.de\/en\/wp-json\/wp\/v2\/posts\/10417","targetHints":{"allow":["GET"]}}],"collection":[{"href":"https:\/\/www.ofg.uni-osnabrueck.de\/en\/wp-json\/wp\/v2\/posts"}],"about":[{"href":"https:\/\/www.ofg.uni-osnabrueck.de\/en\/wp-json\/wp\/v2\/types\/post"}],"author":[{"embeddable":true,"href":"https:\/\/www.ofg.uni-osnabrueck.de\/en\/wp-json\/wp\/v2\/users\/6"}],"replies":[{"embeddable":true,"href":"https:\/\/www.ofg.uni-osnabrueck.de\/en\/wp-json\/wp\/v2\/comments?post=10417"}],"version-history":[{"count":7,"href":"https:\/\/www.ofg.uni-osnabrueck.de\/en\/wp-json\/wp\/v2\/posts\/10417\/revisions"}],"predecessor-version":[{"id":13931,"href":"https:\/\/www.ofg.uni-osnabrueck.de\/en\/wp-json\/wp\/v2\/posts\/10417\/revisions\/13931"}],"wp:featuredmedia":[{"embeddable":true,"href":"https:\/\/www.ofg.uni-osnabrueck.de\/en\/wp-json\/wp\/v2\/media\/10423"}],"wp:attachment":[{"href":"https:\/\/www.ofg.uni-osnabrueck.de\/en\/wp-json\/wp\/v2\/media?parent=10417"}],"wp:term":[{"taxonomy":"category","embeddable":true,"href":"https:\/\/www.ofg.uni-osnabrueck.de\/en\/wp-json\/wp\/v2\/categories?post=10417"},{"taxonomy":"post_tag","embeddable":true,"href":"https:\/\/www.ofg.uni-osnabrueck.de\/en\/wp-json\/wp\/v2\/tags?post=10417"}],"curies":[{"name":"wp","href":"https:\/\/api.w.org\/{rel}","templated":true}]}}