{"id":10190,"date":"2011-05-04T19:00:00","date_gmt":"2011-05-04T17:00:00","guid":{"rendered":"https:\/\/www.ofg.uni-osnabrueck.de\/?p=10190"},"modified":"2024-01-12T10:20:33","modified_gmt":"2024-01-12T09:20:33","slug":"afrika-neue-wege-zu-nachhaltigem-wohlstand-frieden-und-demokratie","status":"publish","type":"post","link":"https:\/\/www.ofg.uni-osnabrueck.de\/en\/afrika-neue-wege-zu-nachhaltigem-wohlstand-frieden-und-demokratie\/","title":{"rendered":"Afrika &#8211; Neue Wege zu nachhaltigem Wohlstand, Frieden und Demokratie"},"content":{"rendered":"\n<p>Statements und Diskussion mit<\/p>\n\n\n\n<p><strong>Prof. Dr. Neville Alexander<br><\/strong>Germanist, Linguist und Erziehungswissenschaftler an der Universit\u00e4t Kapstadt, Inhaber der Gastprofessur \u00bbFrieden und globale Gerechtigkeit\u00ab an der Universit\u00e4t Osnabr\u00fcck<\/p>\n\n\n\n<p><strong>Prof. Dr. Klaus T\u00f6pfer<br><\/strong>Exekutivdirektor des Instituts f\u00fcr Klima, Erdsystem und Nachhaltigkeit (IASS), Potsdam 1998-2006 Exekutiv-Direktor des UN-Umweltprogramms (UNEP) mit Sitz in Nairobi, Bundesumweltminister a. D.<br><br><strong>Gespr\u00e4chsleitung<br><\/strong>Prof. Dr. Roland Czada, Universit\u00e4t Osnabr\u00fcck<\/p>\n\n\n\n<hr class=\"wp-block-separator\"\/>\n\n\n\n<p>Heute Krieg \u2013 morgen Frieden? Die Geschehnisse in Libyen und der Elfenbeink\u00fcste scheinen Skeptikern Recht zu geben, die zu viele der postkolonialen Staaten Afrikas hoffnungslos in immer neue Gewaltexzesse versinken sehen. Dabei gab und gibt es zahlreiche Beispiele positiver politischer, wirtschaftlicher und \u00f6kologischer Entwicklungen in Afrika. In S\u00fcdafrika wurde nach langem Kampf das Apartheid-Regime mit seinem menschenverachtenden System der Rassentrennung \u00fcberwunden. 1994  fanden dort erstmals freie und gleiche Wahlen statt, Nelson Mandela wurde Pr\u00e4sident. Die s\u00fcdafrikanische Wahrheits- und Vers\u00f6hnungskommission wurde zum Vorbild f\u00fcr viele \u00e4hnliche Einrichtungen in afrikanischen L\u00e4ndern und weltweit. Wie in S\u00fcdafrika, so sind auch in anderen Staaten des Kontinents junge Demokratien entstanden, haben sich politische  Parteien gebildet und M\u00e4nner und Frauen f\u00fcr politische und  Verwaltungsaufgaben qualifiziert. Friedliche Regierungswechsel traten an die Stelle von Staatsstreichen und Volksaufst\u00e4nden. Und ein anhaltender Preisanstieg f\u00fcr Rohstoffe beg\u00fcnstigt die wirtschaftliche Entwicklung Afrikas. Zugleich sind scheiternde Staaten, Sezessionsbewegungen und ethnische Konflikte bis hin zu B\u00fcrgerkriegen und Genoziden immer noch Bestandteile der afrikanischen Gegenwart. \u2013 Worin liegen k\u00fcnftige Chancen und Risiken f\u00fcr den an Natur- und Bodensch\u00e4tzen reichen Kontinent? Welche Wege k\u00f6nnen die vielen V\u00f6lker und Staaten Afrikas zu  nachhaltigem Wohlstand, Frieden und Demokratie f\u00fchren?<\/p>\n\n\n\n<p><strong>Prof. Dr. Neville Alexander<\/strong><br>Germanist und Sprachwissenschaftler an der Universit\u00e4t Kapstadt, Mitk\u00e4mpfer von Nelson Mandela gegen das Apartheidsregime \u2013 Geb. 1936 als Sohn eines Zimmermanns und einer Lehrerin. Sein Studium der  Germanistik und Geschichte in Kapstadt schloss er mit einer Arbeit \u00fcber die schlesischen Barockdichter Gryphius und Lohenstein ab. Als Alexander-von-Humboldt-Stipendiat promovierte er 1961 in T\u00fcbingen. Fr\u00fch in der Anti-Apartheidsbewegung engagiert, wurde Alexander 1963 trotz  weltweiter Proteste wegen Hochverrats zu zehn Jahren Gef\u00e4ngnis verurteilt und verb\u00fc\u00dfte die Haft auf der Gef\u00e4ngnisinsel Robben Island. Heute ist er Direktor des Projekts \u00bbStudy of Alternative Education in South Africa\u00ab und im Vorstand der \u00bbAfrican Academy of Languages\u00ab.<\/p>\n\n\n\n<p><strong>Prof. Dr. Klaus T\u00f6pfer<\/strong><br>Gr\u00fcndungs- und Exekutivdirektor des Institute for Advanced Sustainability Studies (IASS) in Potsdam, Bundesminister a. D., \u2013 Geb. 1938, Studium der Volkswirtschaftslehre, 1968 Promotion. Von 1971 bis 1978 in der  Staatskanzlei des Saarlandes t\u00e4tig, au\u00dferdem entwicklungspolitischer Berater der L\u00e4nder \u00c4gypten, Malawi, Brasilien und Jordanien. 1985 Minister f\u00fcr Umwelt und Gesundheit in Rheinland-Pfalz, 1987 Bundesumweltminister, ab 1994 bis 1998 Bundesbauminister. Von 1998 bis 2006 Exekutivdirektor des UN-Umweltprogramms UNEP. Seit 2007 Professor f\u00fcr Umwelt und nachhaltige Entwicklung an der Tongji-Universit\u00e4t in Shanghai.<\/p>\n\n\n\n<hr class=\"wp-block-separator\"\/>\n\n\n\n<p><strong>4. Mai 2011, 19:00 Uhr, Aula der Universit\u00e4t Osnabr\u00fcck, Schloss, Neuer Graben<\/strong><\/p>\n\n\n\n<hr class=\"wp-block-separator\"\/>\n\n\n\n<div class=\"wp-block-columns is-layout-flex wp-container-core-columns-is-layout-9d6595d7 wp-block-columns-is-layout-flex\">\n<div class=\"wp-block-column is-layout-flow wp-block-column-is-layout-flow\">\n<h4 class=\"wp-block-heading\"><strong>Bildergalerie<\/strong><\/h4>\n\n\n\n<figure class=\"wp-block-gallery columns-0 is-cropped wp-block-gallery-1 is-layout-flex wp-block-gallery-is-layout-flex\"><ul class=\"blocks-gallery-grid\"><li class=\"blocks-gallery-item\"><figure><a href=\"https:\/\/www.ofg.uni-osnabrueck.de\/wp-content\/uploads\/2023\/05\/2-totale1.jpg\"><img loading=\"lazy\" decoding=\"async\" width=\"340\" height=\"226\" src=\"https:\/\/www.ofg.uni-osnabrueck.de\/wp-content\/uploads\/2023\/05\/2-totale1.jpg\" alt=\"\" data-id=\"10215\" data-full-url=\"https:\/\/www.ofg.uni-osnabrueck.de\/wp-content\/uploads\/2023\/05\/2-totale1.jpg\" data-link=\"https:\/\/www.ofg.uni-osnabrueck.de\/2-totale1\/\" class=\"wp-image-10215\" srcset=\"https:\/\/www.ofg.uni-osnabrueck.de\/wp-content\/uploads\/2023\/05\/2-totale1.jpg 340w, https:\/\/www.ofg.uni-osnabrueck.de\/wp-content\/uploads\/2023\/05\/2-totale1-300x199.jpg 300w\" sizes=\"auto, (max-width: 340px) 100vw, 340px\" \/><\/a><figcaption class=\"blocks-gallery-item__caption\">Klaus T\u00f6pfer auf dem Weg zum Podium\n\u00a9 Osnabr\u00fccker Friedensgespr\u00e4che | Uwe Lewandowski<\/figcaption><\/figure><\/li><li class=\"blocks-gallery-item\"><figure><a href=\"https:\/\/www.ofg.uni-osnabrueck.de\/wp-content\/uploads\/2023\/05\/2-nevillealexander.jpg\"><img loading=\"lazy\" decoding=\"async\" width=\"340\" height=\"226\" src=\"https:\/\/www.ofg.uni-osnabrueck.de\/wp-content\/uploads\/2023\/05\/2-nevillealexander.jpg\" alt=\"\" data-id=\"10210\" data-full-url=\"https:\/\/www.ofg.uni-osnabrueck.de\/wp-content\/uploads\/2023\/05\/2-nevillealexander.jpg\" data-link=\"https:\/\/www.ofg.uni-osnabrueck.de\/2-nevillealexander\/\" class=\"wp-image-10210\" srcset=\"https:\/\/www.ofg.uni-osnabrueck.de\/wp-content\/uploads\/2023\/05\/2-nevillealexander.jpg 340w, https:\/\/www.ofg.uni-osnabrueck.de\/wp-content\/uploads\/2023\/05\/2-nevillealexander-300x199.jpg 300w\" sizes=\"auto, (max-width: 340px) 100vw, 340px\" \/><\/a><figcaption class=\"blocks-gallery-item__caption\">Klaus T\u00f6pfer, Neville Alexander und die s\u00fcdafrikanische Autorin Karen Press\n\u00a9 Osnabr\u00fccker Friedensgespr\u00e4che | Uwe Lewandowski<\/figcaption><\/figure><\/li><li class=\"blocks-gallery-item\"><figure><a href=\"https:\/\/www.ofg.uni-osnabrueck.de\/wp-content\/uploads\/2023\/05\/2-totale.jpg\"><img loading=\"lazy\" decoding=\"async\" width=\"340\" height=\"209\" src=\"https:\/\/www.ofg.uni-osnabrueck.de\/wp-content\/uploads\/2023\/05\/2-totale.jpg\" alt=\"\" data-id=\"10205\" data-full-url=\"https:\/\/www.ofg.uni-osnabrueck.de\/wp-content\/uploads\/2023\/05\/2-totale.jpg\" data-link=\"https:\/\/www.ofg.uni-osnabrueck.de\/2-totale\/\" class=\"wp-image-10205\" srcset=\"https:\/\/www.ofg.uni-osnabrueck.de\/wp-content\/uploads\/2023\/05\/2-totale.jpg 340w, https:\/\/www.ofg.uni-osnabrueck.de\/wp-content\/uploads\/2023\/05\/2-totale-300x184.jpg 300w\" sizes=\"auto, (max-width: 340px) 100vw, 340px\" \/><\/a><figcaption class=\"blocks-gallery-item__caption\">Moderator Roland Czada und Klaus T\u00f6pfer verfolgen\ndas Statement von Neville Alexander\n\u00a9 Osnabr\u00fccker Friedensgespr\u00e4che | Uwe Lewandowski<\/figcaption><\/figure><\/li><li class=\"blocks-gallery-item\"><figure><a href=\"https:\/\/www.ofg.uni-osnabrueck.de\/wp-content\/uploads\/2023\/05\/2-klaustoepfer.jpg\"><img loading=\"lazy\" decoding=\"async\" width=\"340\" height=\"226\" src=\"https:\/\/www.ofg.uni-osnabrueck.de\/wp-content\/uploads\/2023\/05\/2-klaustoepfer.jpg\" alt=\"\" data-id=\"10201\" data-full-url=\"https:\/\/www.ofg.uni-osnabrueck.de\/wp-content\/uploads\/2023\/05\/2-klaustoepfer.jpg\" data-link=\"https:\/\/www.ofg.uni-osnabrueck.de\/2-klaustoepfer\/\" class=\"wp-image-10201\" srcset=\"https:\/\/www.ofg.uni-osnabrueck.de\/wp-content\/uploads\/2023\/05\/2-klaustoepfer.jpg 340w, https:\/\/www.ofg.uni-osnabrueck.de\/wp-content\/uploads\/2023\/05\/2-klaustoepfer-300x199.jpg 300w\" sizes=\"auto, (max-width: 340px) 100vw, 340px\" \/><\/a><figcaption class=\"blocks-gallery-item__caption\">Klaus T\u00f6pfer\n\u00a9 Osnabr\u00fccker Friedensgespr\u00e4che | Uwe Lewandowski<\/figcaption><\/figure><\/li><li class=\"blocks-gallery-item\"><figure><a href=\"https:\/\/www.ofg.uni-osnabrueck.de\/wp-content\/uploads\/2023\/05\/2-totale2.jpg\"><img loading=\"lazy\" decoding=\"async\" width=\"340\" height=\"226\" src=\"https:\/\/www.ofg.uni-osnabrueck.de\/wp-content\/uploads\/2023\/05\/2-totale2.jpg\" alt=\"\" data-id=\"10196\" data-full-url=\"https:\/\/www.ofg.uni-osnabrueck.de\/wp-content\/uploads\/2023\/05\/2-totale2.jpg\" data-link=\"https:\/\/www.ofg.uni-osnabrueck.de\/2-totale2\/\" class=\"wp-image-10196\" srcset=\"https:\/\/www.ofg.uni-osnabrueck.de\/wp-content\/uploads\/2023\/05\/2-totale2.jpg 340w, https:\/\/www.ofg.uni-osnabrueck.de\/wp-content\/uploads\/2023\/05\/2-totale2-300x199.jpg 300w\" sizes=\"auto, (max-width: 340px) 100vw, 340px\" \/><\/a><figcaption class=\"blocks-gallery-item__caption\">Publikum vor Podium\n\u00a9 Osnabr\u00fccker Friedensgespr\u00e4che | Uwe Lewandowski<\/figcaption><\/figure><\/li><\/ul><\/figure>\n\n\n\n<p class=\"has-small-font-size\">\u00a9 Osnabr\u00fccker Friedensgespr\u00e4che | Uwe Lewandowski<\/p>\n<\/div>\n\n\n\n<div class=\"wp-block-column is-layout-flow wp-block-column-is-layout-flow\">\n\n\n<p><\/p>\n<\/div>\n<\/div>\n","protected":false},"excerpt":{"rendered":"<p>Podiumsdiskussion mit Prof. Dr. Neville Alexander und Prof. Dr. Klaus T\u00f6pfer<\/p>\n","protected":false},"author":6,"featured_media":10210,"comment_status":"closed","ping_status":"closed","sticky":false,"template":"","format":"standard","meta":{"footnotes":""},"categories":[18,8],"tags":[],"class_list":["post-10190","post","type-post","status-publish","format-standard","has-post-thumbnail","hentry","category-podiumsdiskussion","category-unkategorisiert","generate-columns","tablet-grid-50","mobile-grid-100","grid-parent","grid-50"],"wps_subtitle":"","_links":{"self":[{"href":"https:\/\/www.ofg.uni-osnabrueck.de\/en\/wp-json\/wp\/v2\/posts\/10190","targetHints":{"allow":["GET"]}}],"collection":[{"href":"https:\/\/www.ofg.uni-osnabrueck.de\/en\/wp-json\/wp\/v2\/posts"}],"about":[{"href":"https:\/\/www.ofg.uni-osnabrueck.de\/en\/wp-json\/wp\/v2\/types\/post"}],"author":[{"embeddable":true,"href":"https:\/\/www.ofg.uni-osnabrueck.de\/en\/wp-json\/wp\/v2\/users\/6"}],"replies":[{"embeddable":true,"href":"https:\/\/www.ofg.uni-osnabrueck.de\/en\/wp-json\/wp\/v2\/comments?post=10190"}],"version-history":[{"count":6,"href":"https:\/\/www.ofg.uni-osnabrueck.de\/en\/wp-json\/wp\/v2\/posts\/10190\/revisions"}],"predecessor-version":[{"id":12863,"href":"https:\/\/www.ofg.uni-osnabrueck.de\/en\/wp-json\/wp\/v2\/posts\/10190\/revisions\/12863"}],"wp:featuredmedia":[{"embeddable":true,"href":"https:\/\/www.ofg.uni-osnabrueck.de\/en\/wp-json\/wp\/v2\/media\/10210"}],"wp:attachment":[{"href":"https:\/\/www.ofg.uni-osnabrueck.de\/en\/wp-json\/wp\/v2\/media?parent=10190"}],"wp:term":[{"taxonomy":"category","embeddable":true,"href":"https:\/\/www.ofg.uni-osnabrueck.de\/en\/wp-json\/wp\/v2\/categories?post=10190"},{"taxonomy":"post_tag","embeddable":true,"href":"https:\/\/www.ofg.uni-osnabrueck.de\/en\/wp-json\/wp\/v2\/tags?post=10190"}],"curies":[{"name":"wp","href":"https:\/\/api.w.org\/{rel}","templated":true}]}}