{"id":10155,"date":"2011-03-15T19:00:00","date_gmt":"2011-03-15T18:00:00","guid":{"rendered":"https:\/\/www.ofg.uni-osnabrueck.de\/?p=10155"},"modified":"2024-01-12T10:20:56","modified_gmt":"2024-01-12T09:20:56","slug":"maennlichkeit-ehre-und-gewalt","status":"publish","type":"post","link":"https:\/\/www.ofg.uni-osnabrueck.de\/en\/maennlichkeit-ehre-und-gewalt\/","title":{"rendered":"M\u00e4nnlichkeit, Ehre und Gewalt"},"content":{"rendered":"\n<p>Statements und Diskussion mit<\/p>\n\n\n\n<p><strong>Prof. Dr. Ute Frevert<br><\/strong>Historikerin, Direktorin des Forschungsbereichs \u00bbGeschichte der Gef\u00fchle\u00ab am Max-Planck-Institut f\u00fcr Bildungsforschung, Berlin<\/p>\n\n\n\n<p><strong>Prof. Dr. Gunnar Heinsohn<br><\/strong>Soziologe und Publizist, Bremen<\/p>\n\n\n\n<p><strong>Yilmaz Atmaca<\/strong><br>Schauspieler und Theaterp\u00e4dagoge, Berlin<\/p>\n\n\n\n<p><strong>Gespr\u00e4chsleitung<\/strong><br>Dr. Daniela De Ridder, G\u00fctersloh<\/p>\n\n\n\n<hr class=\"wp-block-separator\"\/>\n\n\n\n<p>Physische Gewalt \u2013 von Menschen anderen Menschen im zivilen Leben  zugef\u00fcgt, auf der Stra\u00dfe, im Wohnviertel, auf den R\u00e4ngen eines  Fu\u00dfballstadions oder in der Kneipe \u2013 verst\u00f6\u00dft gegen die vermeintlich festen Regeln des Zusammenlebens. Sie macht Angst und emp\u00f6rt Betroffene wie  Beobachtende. Was ist da los? Habgier und Eifersucht sind uns als Antriebe zu kriminellen Taten noch gel\u00e4ufig. Aber \u00bbverletzte Ehre\u00ab, \u00bbmangelnder  Respekt\u00ab oder einfach nur scheele Blicke, die zu Pr\u00fcgelorgien und  Messerattacken mit oft dramatischem Ausgang f\u00fchren, verweisen auf scheinbar archaische, \u00fcberwunden geglaubte Motivlagen. In soziologischen Diagnosen wird nach solchen Taten oft der Kreis der Verd\u00e4chtigen  gro\u00dfz\u00fcgig erweitert: Au\u00dfer den T\u00e4tern selbst sind noch (m\u00e4nnliches) Geschlecht und Lebensalter, Herkunft, Kultur oder Glaube (mit)urs\u00e4chlich f\u00fcr Gewaltausbr\u00fcche. Oder auch die Schule, die Familie, das \u00bbMilieu\u00ab. Wie aber ist die \u203aDenke\u2039 der jugendlichen T\u00e4ter(innen) und die ihres Umkreises zutreffend zu beschreiben? Welche kulturellen Muster und Vorbilder spielen f\u00fcr sie eine Rolle? Wie lassen sich potentiell Gef\u00e4hrdete vor der  Besch\u00e4digung anderer und vor einem auch f\u00fcr sie selbst desatr\u00f6sen  Konflikt mit den Ordnungsm\u00e4chten der Gesellschaft bewahren? Und wie kann man sich selbst vor drohender Gewalt sch\u00fctzen?<\/p>\n\n\n\n<p><strong>Prof. Dr. Ute Frevert<\/strong><br>Historikerin, Direktorin des Forschungsbereichs \u00bbGeschichte der Gef\u00fchle\u00ab  am Max-Planck-Institut f\u00fcr Bildungsforschung seit 2007 \u2013 Geb. 1954, Studium der Geschichte und Sozialwissenschaft in M\u00fcnster, Bielefeld und London; Promotion 1982, Habilitation 1989; anschlie\u00dfend u. a. Fellow am Wissenschaftskolleg zu Berlin, Professorin f\u00fcr Geschichte an der FU Berlin, an der Universit\u00e4t Konstanz und an der Universit\u00e4t Bielefeld. Von 2003 bis 2007 war sie Professorin f\u00fcr Deutsche Geschichte an der Yale University. Seit 2008 ist Ute Frevert Honorarprofessorin der FU Berlin.<\/p>\n\n\n\n<p><strong>Prof. Dr. Gunnar Heinsohn<\/strong><br>Soziologe, \u00d6konom und Publizist \u2013 Geb. 1943, Studium der Soziologie,  Psychologie, Wirtschaftslehre u. a. in Berlin. Promotionen in Soziologie  (1974) und Wirtschaftswissenschaften (1982). Aufenthalt in Israel 1976 bis  1978. Von 1984 bis 2009 Professor f\u00fcr Sozialp\u00e4dagogik an der Universit\u00e4t  Bremen. 1993 gr\u00fcndete Heinsohn das Raphael-Lemkin-Institut f\u00fcr  Xenophobie- und Genozidforschung, dessen Sprecher er ist.  Forschungsschwerpunkte sind beispielsweise die Geschichte und Theorie  der Zivilisation sowie Probleme der Demographie. <\/p>\n\n\n\n<p><strong>Yilmaz Atmaca<\/strong><br>Schauspieler, Regisseur und Theaterp\u00e4dagoge, Gruppenleiter im mit dem  PRIX COURAGE 2009 ausgezeichneten Berliner Projekt \u00bbHEROES\u00ae \u2013 Gegen  Unterdr\u00fcckung im Namen der Ehre\u00ab \u2013 Geb. 1970 in der T\u00fcrkei, Schauspielausbildung in Istanbul, seit 1995 in Berlin lebend, hier Studium  der Theaterp\u00e4dagogik an der Universit\u00e4t der K\u00fcnste, seither Teilnahme an Workshops und Fortbildungen (\u00bbMethod-Acting\u00ab, Maskenspiel u. a.)<\/p>\n\n\n\n<hr class=\"wp-block-separator\"\/>\n\n\n\n<p><strong>15. M\u00e4rz 2011, 19:00 Uhr, Aula der Universit\u00e4t Osnabr\u00fcck, Schloss, Neuer Graben<\/strong><\/p>\n\n\n\n<hr class=\"wp-block-separator\"\/>\n\n\n\n<div class=\"wp-block-columns is-layout-flex wp-container-core-columns-is-layout-9d6595d7 wp-block-columns-is-layout-flex\">\n<div class=\"wp-block-column is-layout-flow wp-block-column-is-layout-flow\">\n<h4 class=\"wp-block-heading\"><strong>Bildergalerie<\/strong><\/h4>\n\n\n\n<figure class=\"wp-block-gallery columns-0 is-cropped wp-block-gallery-1 is-layout-flex wp-block-gallery-is-layout-flex\"><ul class=\"blocks-gallery-grid\"><li class=\"blocks-gallery-item\"><figure><a href=\"https:\/\/www.ofg.uni-osnabrueck.de\/wp-content\/uploads\/2023\/05\/1-heinsohn1.jpg\"><img loading=\"lazy\" decoding=\"async\" width=\"340\" height=\"240\" src=\"https:\/\/www.ofg.uni-osnabrueck.de\/wp-content\/uploads\/2023\/05\/1-heinsohn1.jpg\" alt=\"\" data-id=\"10178\" data-full-url=\"https:\/\/www.ofg.uni-osnabrueck.de\/wp-content\/uploads\/2023\/05\/1-heinsohn1.jpg\" data-link=\"https:\/\/www.ofg.uni-osnabrueck.de\/1-heinsohn1\/\" class=\"wp-image-10178\" srcset=\"https:\/\/www.ofg.uni-osnabrueck.de\/wp-content\/uploads\/2023\/05\/1-heinsohn1.jpg 340w, https:\/\/www.ofg.uni-osnabrueck.de\/wp-content\/uploads\/2023\/05\/1-heinsohn1-300x212.jpg 300w\" sizes=\"auto, (max-width: 340px) 100vw, 340px\" \/><\/a><figcaption class=\"blocks-gallery-item__caption\">Prof. Dr. Gunnar Heinsohn\n\u00a9 Osnabr\u00fccker Friedensgespr\u00e4che | Uwe Lewandowski<\/figcaption><\/figure><\/li><li class=\"blocks-gallery-item\"><figure><a href=\"https:\/\/www.ofg.uni-osnabrueck.de\/wp-content\/uploads\/2023\/05\/1-atmaca1.jpg\"><img loading=\"lazy\" decoding=\"async\" width=\"340\" height=\"299\" src=\"https:\/\/www.ofg.uni-osnabrueck.de\/wp-content\/uploads\/2023\/05\/1-atmaca1.jpg\" alt=\"\" data-id=\"10173\" data-full-url=\"https:\/\/www.ofg.uni-osnabrueck.de\/wp-content\/uploads\/2023\/05\/1-atmaca1.jpg\" data-link=\"https:\/\/www.ofg.uni-osnabrueck.de\/1-atmaca1\/\" class=\"wp-image-10173\" srcset=\"https:\/\/www.ofg.uni-osnabrueck.de\/wp-content\/uploads\/2023\/05\/1-atmaca1.jpg 340w, https:\/\/www.ofg.uni-osnabrueck.de\/wp-content\/uploads\/2023\/05\/1-atmaca1-300x264.jpg 300w\" sizes=\"auto, (max-width: 340px) 100vw, 340px\" \/><\/a><figcaption class=\"blocks-gallery-item__caption\">Yilmaz Atmaca\n\u00a9 Osnabr\u00fccker Friedensgespr\u00e4che | Uwe Lewandowski<\/figcaption><\/figure><\/li><li class=\"blocks-gallery-item\"><figure><a href=\"https:\/\/www.ofg.uni-osnabrueck.de\/wp-content\/uploads\/2023\/05\/1-totale.jpg\"><img loading=\"lazy\" decoding=\"async\" width=\"340\" height=\"226\" src=\"https:\/\/www.ofg.uni-osnabrueck.de\/wp-content\/uploads\/2023\/05\/1-totale.jpg\" alt=\"\" data-id=\"10167\" data-full-url=\"https:\/\/www.ofg.uni-osnabrueck.de\/wp-content\/uploads\/2023\/05\/1-totale.jpg\" data-link=\"https:\/\/www.ofg.uni-osnabrueck.de\/1-totale\/\" class=\"wp-image-10167\" srcset=\"https:\/\/www.ofg.uni-osnabrueck.de\/wp-content\/uploads\/2023\/05\/1-totale.jpg 340w, https:\/\/www.ofg.uni-osnabrueck.de\/wp-content\/uploads\/2023\/05\/1-totale-300x199.jpg 300w\" sizes=\"auto, (max-width: 340px) 100vw, 340px\" \/><\/a><figcaption class=\"blocks-gallery-item__caption\">Publikum vor Podium\n\u00a9 Osnabr\u00fccker Friedensgespr\u00e4che | Uwe Lewandowski<\/figcaption><\/figure><\/li><li class=\"blocks-gallery-item\"><figure><a href=\"https:\/\/www.ofg.uni-osnabrueck.de\/wp-content\/uploads\/2023\/05\/1-frevert1.jpg\"><img loading=\"lazy\" decoding=\"async\" width=\"340\" height=\"251\" src=\"https:\/\/www.ofg.uni-osnabrueck.de\/wp-content\/uploads\/2023\/05\/1-frevert1.jpg\" alt=\"\" data-id=\"10163\" data-full-url=\"https:\/\/www.ofg.uni-osnabrueck.de\/wp-content\/uploads\/2023\/05\/1-frevert1.jpg\" data-link=\"https:\/\/www.ofg.uni-osnabrueck.de\/1-frevert1\/\" class=\"wp-image-10163\" srcset=\"https:\/\/www.ofg.uni-osnabrueck.de\/wp-content\/uploads\/2023\/05\/1-frevert1.jpg 340w, https:\/\/www.ofg.uni-osnabrueck.de\/wp-content\/uploads\/2023\/05\/1-frevert1-300x221.jpg 300w\" sizes=\"auto, (max-width: 340px) 100vw, 340px\" \/><\/a><figcaption class=\"blocks-gallery-item__caption\">Prof. Dr. Ute Frevert\n\u00a9 Osnabr\u00fccker Friedensgespr\u00e4che | Uwe Lewandowski<\/figcaption><\/figure><\/li><li class=\"blocks-gallery-item\"><figure><a href=\"https:\/\/www.ofg.uni-osnabrueck.de\/wp-content\/uploads\/2023\/05\/1-rollinger_podium.jpg\"><img loading=\"lazy\" decoding=\"async\" width=\"340\" height=\"226\" src=\"https:\/\/www.ofg.uni-osnabrueck.de\/wp-content\/uploads\/2023\/05\/1-rollinger_podium.jpg\" alt=\"\" data-id=\"10157\" data-full-url=\"https:\/\/www.ofg.uni-osnabrueck.de\/wp-content\/uploads\/2023\/05\/1-rollinger_podium.jpg\" data-link=\"https:\/\/www.ofg.uni-osnabrueck.de\/1-rollinger_podium\/\" class=\"wp-image-10157\" srcset=\"https:\/\/www.ofg.uni-osnabrueck.de\/wp-content\/uploads\/2023\/05\/1-rollinger_podium.jpg 340w, https:\/\/www.ofg.uni-osnabrueck.de\/wp-content\/uploads\/2023\/05\/1-rollinger_podium-300x199.jpg 300w\" sizes=\"auto, (max-width: 340px) 100vw, 340px\" \/><\/a><figcaption class=\"blocks-gallery-item__caption\">Uni-Pr\u00e4sident Prof. Dr.-Ing. Claus Rollinger begr\u00fc\u00dft Podiumsg\u00e4ste und Publikum \n\u00a9 Osnabr\u00fccker Friedensgespr\u00e4che | Uwe Lewandowski<\/figcaption><\/figure><\/li><\/ul><\/figure>\n\n\n\n<p class=\"has-small-font-size\">\u00a9 Osnabr\u00fccker Friedensgespr\u00e4che | Uwe Lewandowski<\/p>\n<\/div>\n\n\n\n<div class=\"wp-block-column is-layout-flow wp-block-column-is-layout-flow\">\n<h4 class=\"wp-block-heading\"><\/h4>\n\n\n\n\n\n<p><\/p>\n<\/div>\n<\/div>\n","protected":false},"excerpt":{"rendered":"<p>Podiumsdiskussion mit Prof. Dr. Ute Frevert, Prof. Dr. Gunnar Heinsohn und Yilmaz Atmaca<\/p>\n","protected":false},"author":6,"featured_media":10157,"comment_status":"closed","ping_status":"closed","sticky":false,"template":"","format":"standard","meta":{"footnotes":""},"categories":[18,8],"tags":[],"class_list":["post-10155","post","type-post","status-publish","format-standard","has-post-thumbnail","hentry","category-podiumsdiskussion","category-unkategorisiert","generate-columns","tablet-grid-50","mobile-grid-100","grid-parent","grid-50"],"wps_subtitle":"","_links":{"self":[{"href":"https:\/\/www.ofg.uni-osnabrueck.de\/en\/wp-json\/wp\/v2\/posts\/10155","targetHints":{"allow":["GET"]}}],"collection":[{"href":"https:\/\/www.ofg.uni-osnabrueck.de\/en\/wp-json\/wp\/v2\/posts"}],"about":[{"href":"https:\/\/www.ofg.uni-osnabrueck.de\/en\/wp-json\/wp\/v2\/types\/post"}],"author":[{"embeddable":true,"href":"https:\/\/www.ofg.uni-osnabrueck.de\/en\/wp-json\/wp\/v2\/users\/6"}],"replies":[{"embeddable":true,"href":"https:\/\/www.ofg.uni-osnabrueck.de\/en\/wp-json\/wp\/v2\/comments?post=10155"}],"version-history":[{"count":4,"href":"https:\/\/www.ofg.uni-osnabrueck.de\/en\/wp-json\/wp\/v2\/posts\/10155\/revisions"}],"predecessor-version":[{"id":12864,"href":"https:\/\/www.ofg.uni-osnabrueck.de\/en\/wp-json\/wp\/v2\/posts\/10155\/revisions\/12864"}],"wp:featuredmedia":[{"embeddable":true,"href":"https:\/\/www.ofg.uni-osnabrueck.de\/en\/wp-json\/wp\/v2\/media\/10157"}],"wp:attachment":[{"href":"https:\/\/www.ofg.uni-osnabrueck.de\/en\/wp-json\/wp\/v2\/media?parent=10155"}],"wp:term":[{"taxonomy":"category","embeddable":true,"href":"https:\/\/www.ofg.uni-osnabrueck.de\/en\/wp-json\/wp\/v2\/categories?post=10155"},{"taxonomy":"post_tag","embeddable":true,"href":"https:\/\/www.ofg.uni-osnabrueck.de\/en\/wp-json\/wp\/v2\/tags?post=10155"}],"curies":[{"name":"wp","href":"https:\/\/api.w.org\/{rel}","templated":true}]}}