{"id":10116,"date":"2012-12-05T19:00:00","date_gmt":"2012-12-05T18:00:00","guid":{"rendered":"https:\/\/www.ofg.uni-osnabrueck.de\/?p=10116"},"modified":"2024-05-21T09:53:35","modified_gmt":"2024-05-21T07:53:35","slug":"die-menschheit-altert-herausforderung-fuer-das-21-jahrhundert","status":"publish","type":"post","link":"https:\/\/www.ofg.uni-osnabrueck.de\/en\/die-menschheit-altert-herausforderung-fuer-das-21-jahrhundert\/","title":{"rendered":"Die Menschheit altert &#8211; Herausforderung f\u00fcr das 21. Jahrhundert"},"content":{"rendered":"\n<p>Statements und Diskussion in Kooperation mit HelpAge Deutschland zum Auftakt der Internationalen Konferenz zu Fragen des Globalen Alterns in Osnabr\u00fcck vom 5.-7. Dez. 2012 mit<\/p>\n\n\n\n<p><strong>Vladimir Spidla<br><\/strong>EU-Kommissar f\u00fcr Besch\u00e4ftigung, soziale Angelegenheiten und  Chancengleichheit 2004 bis 2010, Ministerpr\u00e4sident der Tschechischen  Republik 2001-2004<\/p>\n\n\n\n<p><strong>Craig Mokhiber<br><\/strong>UN-Hochkommissariat f\u00fcr Menschenrechte, Genf<\/p>\n\n\n\n<p><strong>Dr. Henning Scherf<br><\/strong>Ehem. B\u00fcrgermeister und Pr\u00e4sident des Senats der Freien Hansestadt Bremen, Schirmherr der Hilfsorganisation HelpAge Deutschland<br><strong><br>Gespr\u00e4chsleitung<\/strong><br>Pinar Atalay, TV-Moderatorin<\/p>\n\n\n\n<hr class=\"wp-block-separator has-css-opacity\"\/>\n\n\n\n<p>Die Menschheit altert \u2013 Was als Binsenweisheit erscheint, wird in vielen politischen und gesellschaftlichen Bereichen als Anlass zur Besorgnis genommen: Der wachsende Anteil \u00e4lterer Menschen an der Bev\u00f6lkerung vieler L\u00e4nder l\u00e4sst \u00d6konomen und Sozialpolitiker die Zukunft d\u00fcster sehen. Dabei schl\u00e4gt den Alten \u00fcberwiegend das Misstrauen entgegen, sie w\u00fcrden nur noch \u00bbGeld kosten\u00ab, und zwar je mehr, desto \u00e4lter sie w\u00fcrden. In Deutschland und anderen europ\u00e4ischen L\u00e4ndern hat diese Diskussion \u00bbangestammte\u00ab Orte und Themen: Regelm\u00e4\u00dfig geht es in den Parlamenten um das Renteneintrittsalter, Anrechnungszeiten, um Probleme der Altenpflege und sogar um \u00bbAltersarmut\u00ab \u2013 eben um die Bedingungen des sogenannten \u00bbGenerationenvertrages\u00ab. Rechtlich sind alte Menschen den J\u00fcngeren gleichgestellt, und dank mancher altgedienter Politiker finden  ihre Anliegen auch Geh\u00f6r. Dass allerdings Gerechtigkeit herrscht zwischen den Generationen, wird immer wieder bestritten \u2013 von jeder Altersgruppe. Auch in vielen sog. Entwicklungsl\u00e4ndern sind die tiefgreifenden  demografischen Ver\u00e4nderungen \u2013 hin zu einer Vielzahl von Alten, die im Notfall kein soziales Netz auff\u00e4ngt \u2013 heute schon Realit\u00e4t oder f\u00fcr die kommenden Jahre absehbar. Deshalb hat bei den Vereinten Nationen ein intensiver Diskussionsprozess dar\u00fcber begonnen, wie die besonderen  Rechte \u00e4lterer Menschen weltweit durchgesetzt werden k\u00f6nnen. Geben die westlichen Industrienationen, was den Umgang mit alten Menschen angeht, f\u00fcr die \u00fcbrige Welt ein Vorbild ab? Oder l\u00e4sst sich etwas lernen von den Generationenbeziehungen in den sogenannten  Entwicklungsl\u00e4ndern? Was muss bei uns geschehen, damit das Verh\u00e4ltnis von Alt und Jung nicht von  \u00c4ngsten beherrscht wird? Und wie kann die  Politik weltweit reagieren, um diese Jahrhundert-Herausforderung zu  bew\u00e4ltigen?<\/p>\n\n\n\n<p><strong>Dr. Vladim\u00edr \u0160pidla<\/strong><br>Historiker und Politiker, Ministerpr\u00e4sident a. D. der Tschechischen Republik \u2013 Geb. 1951, nach einem Studium der Geschichte und Vorgeschichte in Prag Arbeit in unterschiedlichen Berufen. Nach der Wende 1989 Beitritt zur Tschechischen Sozialdemokratischen Partei und \u00dcbernahme von Verwaltungsaufgaben, u. a. 1991 die Leitung eines Arbeitsamtes. 1996 Parlamentsabgeordneter, 1997 Stv. Parteivorsitzender und ab 1998 Arbeitsminister. Von 2002 bis Juni 2004 amtierte \u0160pidla als  Ministerpr\u00e4sident, danach Berufung zum EU-Kommissar f\u00fcr Besch\u00e4ftigung, soziale Angelegenheiten und Chancengleichheit, ein Amt, das er bis 2010 aus\u00fcbte. im Jahr 2009 erhielt \u0160pidla den Hans-B\u00f6ckler-Preis der Stadt K\u00f6ln.<\/p>\n\n\n\n<p><strong>Craig Mokhiber<\/strong><br>Abteilungsleiter im UN-Hochkommissariat f\u00fcr Menschenrechte in Genf, Jurist und Experte f\u00fcr Menschenrechtspolitik. Seit 1992 in verschiedenen UN-Organisationen und UN-Missionen t\u00e4tig, u. a. in Pal\u00e4stina, Afghanistan, in Darfur\/Sudan sowie im UN-Hochkommissariat f\u00fcr Menschenrechte in New York.<\/p>\n\n\n\n<p><strong>Dr. Henning Scherf<\/strong><br>Jurist, Politiker und Publizist, B\u00fcrgermeister a. D. und Pr\u00e4sident a. D. des Senats der Freien Hansestadt Bremen \u2013 Geb. 1938, nach einem Studium der Rechtswissenschaften und der Soziologie ab 1958 in Freiburg und Berlin bis 1971 als Rechtsanwalt in Bremen t\u00e4tig; seit 1971 Abgeordneter in der Bremischen B\u00fcrgerschaft, seit 1978 Senator in verschiedene Ressorts, von 1985 bis 1991 Bremer B\u00fcrgermeister, von 1995 bis 2005 als Pr\u00e4sident des Senats Chef der Bremer Landesregierung.<\/p>\n\n\n\n<hr class=\"wp-block-separator has-css-opacity\"\/>\n\n\n\n<p><strong>5. Dezember 2012, 19:00 Uhr, Osnabr\u00fcckHalle, Kongress-Saal<\/strong><\/p>\n\n\n\n<hr class=\"wp-block-separator has-css-opacity\"\/>\n\n\n\n<div class=\"wp-block-columns is-layout-flex wp-container-core-columns-is-layout-9d6595d7 wp-block-columns-is-layout-flex\">\n<div class=\"wp-block-column is-layout-flow wp-block-column-is-layout-flow\">\n<h4 class=\"wp-block-heading\"><strong>Bildergalerie<\/strong><\/h4>\n\n\n\n<figure class=\"wp-block-gallery has-nested-images columns-0 is-cropped wp-block-gallery-1 is-layout-flex wp-block-gallery-is-layout-flex\">\n<figure class=\"wp-block-image size-large\"><a href=\"https:\/\/www.ofg.uni-osnabrueck.de\/wp-content\/uploads\/2023\/05\/6-podium.jpg\"><img loading=\"lazy\" decoding=\"async\" width=\"340\" height=\"227\" data-id=\"10142\" src=\"https:\/\/www.ofg.uni-osnabrueck.de\/wp-content\/uploads\/2023\/05\/6-podium.jpg\" alt=\"\" class=\"wp-image-10142\" srcset=\"https:\/\/www.ofg.uni-osnabrueck.de\/wp-content\/uploads\/2023\/05\/6-podium.jpg 340w, https:\/\/www.ofg.uni-osnabrueck.de\/wp-content\/uploads\/2023\/05\/6-podium-300x200.jpg 300w\" sizes=\"auto, (max-width: 340px) 100vw, 340px\" \/><\/a><figcaption class=\"wp-element-caption\">Auf dem Podium diskutierten: Craig Mokhiber, Henning Scherf, Vladimir Spidla, moderiert von Pinar Atalay\n\u00a9 Osnabr\u00fccker Friedensgespr\u00e4che | Uwe Lewandowski<\/figcaption><\/figure>\n\n\n\n<figure class=\"wp-block-image size-large\"><a href=\"https:\/\/www.ofg.uni-osnabrueck.de\/wp-content\/uploads\/2023\/05\/6-spidla.jpg\"><img loading=\"lazy\" decoding=\"async\" width=\"340\" height=\"240\" data-id=\"10136\" src=\"https:\/\/www.ofg.uni-osnabrueck.de\/wp-content\/uploads\/2023\/05\/6-spidla.jpg\" alt=\"\" class=\"wp-image-10136\" srcset=\"https:\/\/www.ofg.uni-osnabrueck.de\/wp-content\/uploads\/2023\/05\/6-spidla.jpg 340w, https:\/\/www.ofg.uni-osnabrueck.de\/wp-content\/uploads\/2023\/05\/6-spidla-300x212.jpg 300w\" sizes=\"auto, (max-width: 340px) 100vw, 340px\" \/><\/a><figcaption class=\"wp-element-caption\">Vladimir Spidla\n\u00a9 Osnabr\u00fccker Friedensgespr\u00e4che | Uwe Lewandowski<\/figcaption><\/figure>\n\n\n\n<figure class=\"wp-block-image size-large\"><a href=\"https:\/\/www.ofg.uni-osnabrueck.de\/wp-content\/uploads\/2023\/05\/6-mokhiber.jpg\"><img loading=\"lazy\" decoding=\"async\" width=\"340\" height=\"240\" data-id=\"10132\" src=\"https:\/\/www.ofg.uni-osnabrueck.de\/wp-content\/uploads\/2023\/05\/6-mokhiber.jpg\" alt=\"\" class=\"wp-image-10132\" srcset=\"https:\/\/www.ofg.uni-osnabrueck.de\/wp-content\/uploads\/2023\/05\/6-mokhiber.jpg 340w, https:\/\/www.ofg.uni-osnabrueck.de\/wp-content\/uploads\/2023\/05\/6-mokhiber-300x212.jpg 300w\" sizes=\"auto, (max-width: 340px) 100vw, 340px\" \/><\/a><figcaption class=\"wp-element-caption\">Craig Mokhiber\n\u00a9 Osnabr\u00fccker Friedensgespr\u00e4che | Uwe Lewandowski<\/figcaption><\/figure>\n\n\n\n<figure class=\"wp-block-image size-large\"><a href=\"https:\/\/www.ofg.uni-osnabrueck.de\/wp-content\/uploads\/2023\/05\/6-scherf.jpg\"><img loading=\"lazy\" decoding=\"async\" width=\"340\" height=\"240\" data-id=\"10126\" src=\"https:\/\/www.ofg.uni-osnabrueck.de\/wp-content\/uploads\/2023\/05\/6-scherf.jpg\" alt=\"\" class=\"wp-image-10126\" srcset=\"https:\/\/www.ofg.uni-osnabrueck.de\/wp-content\/uploads\/2023\/05\/6-scherf.jpg 340w, https:\/\/www.ofg.uni-osnabrueck.de\/wp-content\/uploads\/2023\/05\/6-scherf-300x212.jpg 300w\" sizes=\"auto, (max-width: 340px) 100vw, 340px\" \/><\/a><figcaption class=\"wp-element-caption\">Henning Scherf\n\u00a9 Osnabr\u00fccker Friedensgespr\u00e4che | Uwe Lewandowski<\/figcaption><\/figure>\n\n\n\n<figure class=\"wp-block-image size-large\"><a href=\"https:\/\/www.ofg.uni-osnabrueck.de\/wp-content\/uploads\/2023\/05\/6-podium-frontal.jpg\"><img loading=\"lazy\" decoding=\"async\" width=\"340\" height=\"196\" data-id=\"10121\" src=\"https:\/\/www.ofg.uni-osnabrueck.de\/wp-content\/uploads\/2023\/05\/6-podium-frontal.jpg\" alt=\"\" class=\"wp-image-10121\" srcset=\"https:\/\/www.ofg.uni-osnabrueck.de\/wp-content\/uploads\/2023\/05\/6-podium-frontal.jpg 340w, https:\/\/www.ofg.uni-osnabrueck.de\/wp-content\/uploads\/2023\/05\/6-podium-frontal-300x173.jpg 300w\" sizes=\"auto, (max-width: 340px) 100vw, 340px\" \/><\/a><figcaption class=\"wp-element-caption\">\u00a9 Osnabr\u00fccker Friedensgespr\u00e4che | Uwe Lewandowski<\/figcaption><\/figure>\n<\/figure>\n\n\n\n<p class=\"has-small-font-size\">\u00a9 Osnabr\u00fccker Friedensgespr\u00e4che | Uwe Lewandowski<\/p>\n<\/div>\n\n\n\n<div class=\"wp-block-column is-layout-flow wp-block-column-is-layout-flow\">\n<h4 class=\"wp-block-heading\"><\/h4>\n\n\n\n\n\n<p><\/p>\n<\/div>\n<\/div>\n","protected":false},"excerpt":{"rendered":"<p>Podiumsdiskussion in  Kooperation mit HelpAge Deutschland zum Auftakt der Internationalen Konferenz zu Fragen des Globalen Alterns in Osnabr\u00fcck vom 5.-7. Dez. 2012 mit Vladimir Spidla, Craig Mokhiber und Dr. Henning Scherf<\/p>\n","protected":false},"author":6,"featured_media":10142,"comment_status":"closed","ping_status":"closed","sticky":false,"template":"","format":"standard","meta":{"footnotes":""},"categories":[18,8],"tags":[],"class_list":["post-10116","post","type-post","status-publish","format-standard","has-post-thumbnail","hentry","category-podiumsdiskussion","category-unkategorisiert","generate-columns","tablet-grid-50","mobile-grid-100","grid-parent","grid-50"],"wps_subtitle":"","_links":{"self":[{"href":"https:\/\/www.ofg.uni-osnabrueck.de\/en\/wp-json\/wp\/v2\/posts\/10116","targetHints":{"allow":["GET"]}}],"collection":[{"href":"https:\/\/www.ofg.uni-osnabrueck.de\/en\/wp-json\/wp\/v2\/posts"}],"about":[{"href":"https:\/\/www.ofg.uni-osnabrueck.de\/en\/wp-json\/wp\/v2\/types\/post"}],"author":[{"embeddable":true,"href":"https:\/\/www.ofg.uni-osnabrueck.de\/en\/wp-json\/wp\/v2\/users\/6"}],"replies":[{"embeddable":true,"href":"https:\/\/www.ofg.uni-osnabrueck.de\/en\/wp-json\/wp\/v2\/comments?post=10116"}],"version-history":[{"count":8,"href":"https:\/\/www.ofg.uni-osnabrueck.de\/en\/wp-json\/wp\/v2\/posts\/10116\/revisions"}],"predecessor-version":[{"id":13909,"href":"https:\/\/www.ofg.uni-osnabrueck.de\/en\/wp-json\/wp\/v2\/posts\/10116\/revisions\/13909"}],"wp:featuredmedia":[{"embeddable":true,"href":"https:\/\/www.ofg.uni-osnabrueck.de\/en\/wp-json\/wp\/v2\/media\/10142"}],"wp:attachment":[{"href":"https:\/\/www.ofg.uni-osnabrueck.de\/en\/wp-json\/wp\/v2\/media?parent=10116"}],"wp:term":[{"taxonomy":"category","embeddable":true,"href":"https:\/\/www.ofg.uni-osnabrueck.de\/en\/wp-json\/wp\/v2\/categories?post=10116"},{"taxonomy":"post_tag","embeddable":true,"href":"https:\/\/www.ofg.uni-osnabrueck.de\/en\/wp-json\/wp\/v2\/tags?post=10116"}],"curies":[{"name":"wp","href":"https:\/\/api.w.org\/{rel}","templated":true}]}}